{"id":154912,"date":"2020-06-09T08:24:33","date_gmt":"2020-06-09T06:24:33","guid":{"rendered":"https:\/\/www.ifun.de\/?p=154912"},"modified":"2020-06-09T09:15:26","modified_gmt":"2020-06-09T07:15:26","slug":"smart-speaker-mini-telekom-macht-dem-echo-dot-konkurrenz","status":"publish","type":"post","link":"https:\/\/www.ifun.de\/smart-speaker-mini-telekom-macht-dem-echo-dot-konkurrenz-154912\/","title":{"rendered":"Smart Speaker Mini: Telekom macht dem Echo Dot Konkurrenz"},"content":{"rendered":"<p>Die <a href=\"https:\/\/www.telekom.de\/zuhause\/geraete-und-zubehoer\/smart-speaker\/telekom-smart-speaker-schwarz-weiss?wt_mc=ac_sososo_399545%3A789038%3A3734055%3A17828347\">Telekom<\/a> will heute mit dem Verkauf ihres \u201eSmart Speaker Mini\u201c starten. Der neue \u201eHallo Magenta\u201c-Lautsprechers soll mit 49,99 Euro deutlich weniger als sein gro\u00dfer Bruders kosten. Hierzu muss sich man allerdings erw\u00e4hnen, dass au\u00dfer der Telekom selbst wohl niemand den gro\u00dfen Smart Speaker zum vollen Preis anbietet. Bei <a href=\"https:\/\/pvn.mediamarkt.de\/trck\/eclick\/fc83c8529e5e66bcf0cbe8d17933a471\">MediaMarkt<\/a> beispielsweise werdet ihr bereits f\u00fcr 59 Euro f\u00fcndig. Als offiziellen Verkaufspreis f\u00fcr den gro\u00dfen Smart Speaker hat die Telekom 120 Euro angesetzt, seit der Markteinf\u00fchrung wird das Ger\u00e4t von der Telekom selbst aber durchweg zum \u201eAktionspreis\u201c von 99 Euro vermarktet.<\/p>\n<p><a href=\"https:\/\/images.ifun.de\/wp-content\/uploads\/2020\/06\/smart-speaker-mini-telekom.jpg\"><img loading=\"lazy\" decoding=\"async\" src=\"https:\/\/images.ifun.de\/wp-content\/uploads\/2020\/06\/smart-speaker-mini-telekom-700x525.jpg\" alt=\"Smart Speaker Mini Telekom\" width=\"700\" height=\"525\" class=\"alignnone size-large wp-image-154916\" srcset=\"https:\/\/images.ifun.de\/wp-content\/uploads\/2020\/06\/smart-speaker-mini-telekom-700x525.jpg 700w, https:\/\/images.ifun.de\/wp-content\/uploads\/2020\/06\/smart-speaker-mini-telekom-500x375.jpg 500w, https:\/\/images.ifun.de\/wp-content\/uploads\/2020\/06\/smart-speaker-mini-telekom-768x576.jpg 768w, https:\/\/images.ifun.de\/wp-content\/uploads\/2020\/06\/smart-speaker-mini-telekom.jpg 1296w\" sizes=\"auto, (max-width: 700px) 100vw, 700px\" \/><\/a><\/p>\n<p>Wesentliche Unterschiede zum neuen Modell finden sich nicht nur mit Bezug auf die Gr\u00f6\u00dfe und damit verbunden die Audioleistung, sondern auch bei den Bedienelementen. So finden sich auf der Oberseite des Smart Speaker Mini statt des Touchpads nun lediglich vier Funktionstasten. Statt der beiden Stereolautsprecher des gro\u00dfen Modells bietet der Smart Speaker Mini lediglich Mono-Ausgabe.<\/p>\n<h2>Funktions\u00fcbersicht Telekom Smart Speaker Mini:<\/h2>\n<ul>\n<li>4 Funktions-Tasten auf der Oberseite<\/li>\n<li>Mono-Audiosystem<\/li>\n<li>Sprachsteuerung f\u00fcr Zuhause<\/li>\n<li>Festnetz-Telefonieren auf Zuruf<\/li>\n<li>MagentaTV ohne Fernbedienung steuern<\/li>\n<li>Magenta SmartHome ohne App steuern<\/li>\n<li>Wetterinformationen und aktuelle News erfragen<\/li>\n<li>To-Do Liste und Eink\u00e4ufe diktieren<\/li>\n<li>Internet-Radio auf Zuruf h\u00f6ren<\/li>\n<li>Spotify Connect integriert<\/li>\n<li>Amazon Alexa als zweiter optionaler Sprachassistent integriert<\/li>\n<li>Hohe Qualit\u00e4t und Sicherheit<\/li>\n<li>Edles Design und hochwertige Technik<\/li>\n<li>Hervorragende Audioqualit\u00e4t<\/li>\n<li>Erster deutscher Sprachassistent<\/li>\n<li>Datenschutz Made by Deutsche Telekom<\/li>\n<li>Serverstandort Europa<\/li>\n<li>Keine kommerzielle Nutzung der Sprachdaten<\/li>\n<\/ul>\n<p>Der neue Smart Speaker Mini ist in den Farben Wei\u00df und Schwarz \u00fcber die Webseite der Telekom erh\u00e4ltlich. Alternativ zum Kauf f\u00fcr 49,99 Euro kann man das Ger\u00e4t auch f\u00fcr monatlich 1,95 Euro mieten. Zudem will die Telekom in K\u00fcrze auch drei verschiedene Design-Folien f\u00fcr den Lautsprecher anbieten.<\/p>\n","protected":false},"excerpt":{"rendered":"<a href=\"https:\/\/www.ifun.de\/smart-speaker-mini-telekom-macht-dem-echo-dot-konkurrenz-154912\/\"><img width=\"150\" height=\"150\" src=\"https:\/\/images.ifun.de\/wp-content\/uploads\/2020\/06\/telekom-smart-speaker-150x150.jpg\" class=\"alignright tfe wp-post-image\" alt=\"Telekom Smart Speaker\" decoding=\"async\" loading=\"lazy\" \/><\/a><p>Die Telekom will heute mit dem Verkauf ihres \u201eSmart Speaker Mini\u201c starten. Der neue \u201eHallo Magenta\u201c-Lautsprechers soll mit 49,99 Euro deutlich weniger als sein gro\u00dfer Bruders kosten. Hierzu muss sich man allerdings erw\u00e4hnen, dass au\u00dfer der Telekom selbst wohl niemand den gro\u00dfen Smart Speaker zum vollen Preis anbietet. Bei MediaMarkt beispielsweise werdet ihr bereits f\u00fcr [&hellip;]<\/p>\n","protected":false},"author":2,"featured_media":154914,"comment_status":"open","ping_status":"closed","sticky":false,"template":"","format":"standard","meta":{"_acf_changed":false,"footnotes":""},"categories":[1],"tags":[4051,282],"class_list":["post-154912","post","type-post","status-publish","format-standard","has-post-thumbnail","hentry","category-news","tag-smart-speaker","tag-telekom"],"acf":[],"aioseo_notices":[],"subheadline":["Ab heute erh\u00e4ltlich"],"featured_image":["https:\/\/images.ifun.de\/wp-content\/uploads\/2020\/06\/smart-speaker-mini-weiss-telekom.jpg"],"rest_api_enabler":{"subheadline":"Ab heute erh\u00e4ltlich","featured_image":"https:\/\/images.ifun.de\/wp-content\/uploads\/2020\/06\/smart-speaker-mini-weiss-telekom.jpg"},"_links":{"self":[{"href":"https:\/\/www.ifun.de\/apiv2\/wp\/v2\/posts\/154912","targetHints":{"allow":["GET"]}}],"collection":[{"href":"https:\/\/www.ifun.de\/apiv2\/wp\/v2\/posts"}],"about":[{"href":"https:\/\/www.ifun.de\/apiv2\/wp\/v2\/types\/post"}],"author":[{"embeddable":true,"href":"https:\/\/www.ifun.de\/apiv2\/wp\/v2\/users\/2"}],"replies":[{"embeddable":true,"href":"https:\/\/www.ifun.de\/apiv2\/wp\/v2\/comments?post=154912"}],"version-history":[{"count":7,"href":"https:\/\/www.ifun.de\/apiv2\/wp\/v2\/posts\/154912\/revisions"}],"predecessor-version":[{"id":154922,"href":"https:\/\/www.ifun.de\/apiv2\/wp\/v2\/posts\/154912\/revisions\/154922"}],"wp:featuredmedia":[{"embeddable":true,"href":"https:\/\/www.ifun.de\/apiv2\/wp\/v2\/media\/154914"}],"wp:attachment":[{"href":"https:\/\/www.ifun.de\/apiv2\/wp\/v2\/media?parent=154912"}],"wp:term":[{"taxonomy":"category","embeddable":true,"href":"https:\/\/www.ifun.de\/apiv2\/wp\/v2\/categories?post=154912"},{"taxonomy":"post_tag","embeddable":true,"href":"https:\/\/www.ifun.de\/apiv2\/wp\/v2\/tags?post=154912"}],"curies":[{"name":"wp","href":"https:\/\/api.w.org\/{rel}","templated":true}]}}