{"id":15480,"date":"2011-08-28T11:10:44","date_gmt":"2011-08-28T09:10:44","guid":{"rendered":"http:\/\/www.ifun.de\/?p=15480"},"modified":"2011-08-28T11:13:14","modified_gmt":"2011-08-28T09:13:14","slug":"weisser-ipod-touch","status":"publish","type":"post","link":"https:\/\/www.ifun.de\/weisser-ipod-touch-15480\/","title":{"rendered":"iPod touch in Wei\u00df: Angebliches Bauteil aufgetaucht"},"content":{"rendered":"<p>N\u00e4chste Woche ist September, eigentlich kann es ja nicht mehr lange dauern, bis Apple die Presseeinladungen f\u00fcr das diesj\u00e4hrige &#8222;iPod-Event&#8220; verschickt. Wir gehen jedenfalls davon aus, dass iPods und Apple TV in den n\u00e4chsten Wochen wie gewohnt ihr allj\u00e4hrliches Update erhalten.<\/p>\n<p><img loading=\"lazy\" decoding=\"async\" src=\"http:\/\/images.ifun.de\/wp-content\/uploads\/2011\/08\/weisstouch.jpg\" alt=\"\" title=\"weisstouch\" width=\"186\" height=\"197\" class=\"alignright size-full wp-image-15483\" \/>Dar\u00fcber, dass nachdem es das iPhone nun in Wei\u00df gibt vermutlich auch der n\u00e4chste iPod touch in einer wei\u00dfen Variante erh\u00e4ltlich sein wird, haben wir ja bereits <a href=\"http:\/\/www.ifun.de\/gerucht-ipod-touch-mit-weisem-gehause-sonst-kaum-anderungen-14388\/\">berichtet<\/a>. W\u00fcrde ja auch perfekt zum im Oktober anstehenden, 10-j\u00e4hrigen Jubil\u00e4um des damals in Wei\u00df erschienenen Ur-iPod passen. Die ersten wei\u00dfen Bauteile wurden angeblich bereits gesichtet, der auf Reparaturen und Ersatzeile spezialisierte Anbieter &#8222;ifixdirect&#8220; hat das Foto einer in wei\u00df gehaltenen, sonst unver\u00e4nderten Ger\u00e4tefront ver\u00f6ffentlicht.<br \/>\n(via <a href=\"http:\/\/www.appleinsider.com\/articles\/11\/08\/27\/photos_of_alleged_white_fifth_gen_ipod_touch_part_emerge.html\">AppleInsider<\/a>)<\/p>\n<p>Allerdings sollten wir bei Teilesichtungen immer etwas skeptisch sein. Drittanbieter hatten auch wei\u00dfe Bauteile f\u00fcr Geh\u00e4usemodifikationen des iPhone 4 im Angebot, lange bevor Apple die offizielle Variante vorgestellt hat.<\/p>\n<p>Ansonsten ist es um die f\u00fcr die iPod-Linie anstehenden Neuerungen in diesem Jahr recht ruhig. Gut m\u00f6glich, dass Apple hier eine Innovationspause einlegt, und lediglich die Spezifikationen wie beispielsweise Speicher oder Kamera und Prozessorleistung beim iPod touch aktualisiert.<\/p>\n","protected":false},"excerpt":{"rendered":"<a href=\"https:\/\/www.ifun.de\/weisser-ipod-touch-15480\/\"><img width=\"150\" height=\"150\" src=\"https:\/\/images.ifun.de\/wp-content\/uploads\/2011\/08\/weisstouch-150x150.jpg\" class=\"alignright tfe wp-post-image\" alt=\"\" decoding=\"async\" loading=\"lazy\" \/><\/a><p>N\u00e4chste Woche ist September, eigentlich kann es ja nicht mehr lange dauern, bis Apple die Presseeinladungen f\u00fcr das diesj\u00e4hrige &#8222;iPod-Event&#8220; verschickt. Wir gehen jedenfalls davon aus, dass iPods und Apple TV in den n\u00e4chsten Wochen wie gewohnt ihr allj\u00e4hrliches Update erhalten. Dar\u00fcber, dass nachdem es das iPhone nun in Wei\u00df gibt vermutlich auch der n\u00e4chste [&hellip;]<\/p>\n","protected":false},"author":2,"featured_media":15483,"comment_status":"open","ping_status":"closed","sticky":false,"template":"","format":"standard","meta":{"_acf_changed":false,"footnotes":""},"categories":[12],"tags":[3910,48,465],"class_list":["post-15480","post","type-post","status-publish","format-standard","has-post-thumbnail","hentry","category-ipod","tag-geruechte","tag-ipod-touch","tag-weis"],"acf":[],"aioseo_notices":[],"rest_api_enabler":[],"_links":{"self":[{"href":"https:\/\/www.ifun.de\/apiv2\/wp\/v2\/posts\/15480","targetHints":{"allow":["GET"]}}],"collection":[{"href":"https:\/\/www.ifun.de\/apiv2\/wp\/v2\/posts"}],"about":[{"href":"https:\/\/www.ifun.de\/apiv2\/wp\/v2\/types\/post"}],"author":[{"embeddable":true,"href":"https:\/\/www.ifun.de\/apiv2\/wp\/v2\/users\/2"}],"replies":[{"embeddable":true,"href":"https:\/\/www.ifun.de\/apiv2\/wp\/v2\/comments?post=15480"}],"version-history":[{"count":4,"href":"https:\/\/www.ifun.de\/apiv2\/wp\/v2\/posts\/15480\/revisions"}],"predecessor-version":[{"id":15484,"href":"https:\/\/www.ifun.de\/apiv2\/wp\/v2\/posts\/15480\/revisions\/15484"}],"wp:featuredmedia":[{"embeddable":true,"href":"https:\/\/www.ifun.de\/apiv2\/wp\/v2\/media\/15483"}],"wp:attachment":[{"href":"https:\/\/www.ifun.de\/apiv2\/wp\/v2\/media?parent=15480"}],"wp:term":[{"taxonomy":"category","embeddable":true,"href":"https:\/\/www.ifun.de\/apiv2\/wp\/v2\/categories?post=15480"},{"taxonomy":"post_tag","embeddable":true,"href":"https:\/\/www.ifun.de\/apiv2\/wp\/v2\/tags?post=15480"}],"curies":[{"name":"wp","href":"https:\/\/api.w.org\/{rel}","templated":true}]}}