{"id":154620,"date":"2020-06-02T12:02:01","date_gmt":"2020-06-02T10:02:01","guid":{"rendered":"https:\/\/www.ifun.de\/?p=154620"},"modified":"2020-06-03T13:24:41","modified_gmt":"2020-06-03T11:24:41","slug":"apple-music-protestbegleitend-ganz-in-schwarz","status":"publish","type":"post","link":"https:\/\/www.ifun.de\/apple-music-protestbegleitend-ganz-in-schwarz-154620\/","title":{"rendered":"Apple Music: Protestbegleitend ganz in Schwarz"},"content":{"rendered":"<p>Unter dem Schlagwort &#8222;<a href=\"https:\/\/en.wikipedia.org\/wiki\/Blackout_Tuesday\">Blackout Tuesday<\/a>&#8220; sind zahlreiche Unternehmen der Musikindustrie <a href=\"https:\/\/www.theshowmustbepaused.com\/\">einem Aufruf<\/a> der beiden Branchengr\u00f6\u00dfen Jamila Thomas und Brianna Agyemang gefolgt, ihre Angebote aus Protest gegen die Polizeigewalt gegen\u00fcber schwarzen Amerikanern f\u00fcr 24 Stunde einzustellen bzw. entsprechend umzugestalten &#8211; auch Apple hat sich dem Aufruf angeschlossen. <\/p>\n<blockquote class=\"twitter-tweet\" data-conversation=\"none\" data-cards=\"hidden\">\n<p lang=\"en\" dir=\"ltr\">On Tuesday, June 2nd, Apple Music will observe Black Out Tuesday. We will use this day to reflect and plan actions to support Black artists, Black creators, and Black communities. <a href=\"https:\/\/twitter.com\/hashtag\/TheShowMustBePaused?src=hash&amp;ref_src=twsrc%5Etfw\">#TheShowMustBePaused<\/a> <a href=\"https:\/\/twitter.com\/hashtag\/BlackLivesMatter?src=hash&amp;ref_src=twsrc%5Etfw\">#BlackLivesMatter<\/a> <a href=\"https:\/\/t.co\/xkvn31DpYc\">pic.twitter.com\/xkvn31DpYc<\/a><\/p>\n<p>&mdash; Apple Music (@AppleMusic) <a href=\"https:\/\/twitter.com\/AppleMusic\/status\/1267633854933852160?ref_src=twsrc%5Etfw\">June 2, 2020<\/a><\/p><\/blockquote>\n<p> <script async src=\"https:\/\/platform.twitter.com\/widgets.js\" charset=\"utf-8\"><\/script><\/p>\n<p>So zeigt der Apple Music-Bereich in der Musik-App des Unternehmens derzeit einen Hinweis auf die Aktion und fordert Nutzer dazu auf, sich &#8222;in Solidarit\u00e4t mit schwarzen Gemeinschaften \u00fcberall&#8220; in den Online-Stream des Radiosenders Beats 1 einzuklinken.<\/p>\n<p>Apple erkl\u00e4rt: <\/p>\n<blockquote><p>Am Dienstag, dem 2. Juni, wird Apple Music dem Blackout Tuesday beiwohnen. Wir werden diesen Tag nutzen, um in uns zu gehen und Aktionen zur Unterst\u00fctzung schwarzer K\u00fcnstler, schwarzer Sch\u00f6pfer und schwarzer Gemeinschaften zu planen. <\/p><\/blockquote>\n<p>Nach dem <a href=\"https:\/\/www.tagesschau.de\/ausland\/george-floyd-113.html\">gewaltsamen Tod<\/a> des schwarzen US-Amerikaners George Floyd hatte sich Apple-CEO Tim Cook bereits am Wochenende <a href=\"https:\/\/twitter.com\/tim_cook\/status\/1266201296391901186\">zu Wort gemeldet<\/a>. <\/p>\n<p><b>Aufgepasst<\/b>: Anwender die sich daf\u00fcr entscheiden haben den Apple Music-Bereich innerhalb der Musik-App auszublenden, werden nach dem Klick auf die schwarzen Banner mit einer <a href=\"https:\/\/images.ifun.de\/wp-content\/uploads\/2020\/06\/fehler_1500.jpg\">kryptischen Fehlermeldung<\/a> konfrontiert. Hier m\u00fcsst ihr das H\u00e4kchen bei Einstellungen > Einschr\u00e4nkungen > Apple Music entfernen, um die Protest-Sonderseite angezeigt zu bekommen. <\/p>\n<p><a href=\"https:\/\/images.ifun.de\/wp-content\/uploads\/2020\/06\/apple-blackout-tuesday.jpg\"><img loading=\"lazy\" decoding=\"async\" src=\"https:\/\/images.ifun.de\/wp-content\/uploads\/2020\/06\/apple-blackout-tuesday-700x519.jpg\" alt=\"Apple Blackout Tuesday\" width=\"700\" height=\"519\" class=\"aligncenter size-large wp-image-154622\" srcset=\"https:\/\/images.ifun.de\/wp-content\/uploads\/2020\/06\/apple-blackout-tuesday-700x519.jpg 700w, https:\/\/images.ifun.de\/wp-content\/uploads\/2020\/06\/apple-blackout-tuesday-500x371.jpg 500w, https:\/\/images.ifun.de\/wp-content\/uploads\/2020\/06\/apple-blackout-tuesday-768x570.jpg 768w, https:\/\/images.ifun.de\/wp-content\/uploads\/2020\/06\/apple-blackout-tuesday.jpg 1500w\" sizes=\"auto, (max-width: 700px) 100vw, 700px\" \/><\/a><\/p>\n","protected":false},"excerpt":{"rendered":"<a href=\"https:\/\/www.ifun.de\/apple-music-protestbegleitend-ganz-in-schwarz-154620\/\"><img width=\"150\" height=\"150\" src=\"https:\/\/images.ifun.de\/wp-content\/uploads\/2020\/06\/the-show-must-be-paused-feature-150x150.jpg\" class=\"alignright tfe wp-post-image\" alt=\"The Show Must Be Paused Feature\" decoding=\"async\" loading=\"lazy\" \/><\/a><p>Unter dem Schlagwort &#8222;Blackout Tuesday&#8220; sind zahlreiche Unternehmen der Musikindustrie einem Aufruf der beiden Branchengr\u00f6\u00dfen Jamila Thomas und Brianna Agyemang gefolgt, ihre Angebote aus Protest gegen die Polizeigewalt gegen\u00fcber schwarzen Amerikanern f\u00fcr 24 Stunde einzustellen bzw. entsprechend umzugestalten &#8211; auch Apple hat sich dem Aufruf angeschlossen. On Tuesday, June 2nd, Apple Music will observe Black [&hellip;]<\/p>\n","protected":false},"author":1,"featured_media":154624,"comment_status":"open","ping_status":"closed","sticky":false,"template":"","format":"standard","meta":{"_acf_changed":false,"footnotes":""},"categories":[1],"tags":[4736,2729,4743,810],"class_list":["post-154620","post","type-post","status-publish","format-standard","has-post-thumbnail","hentry","category-news","tag-apple","tag-apple-music","tag-itunes","tag-politik"],"acf":[],"aioseo_notices":[],"subheadline":["\"Blackout Tuesday\""],"featured_image":["https:\/\/images.ifun.de\/wp-content\/uploads\/2020\/06\/black-lives-feature.jpg"],"rest_api_enabler":{"subheadline":"\"Blackout Tuesday\"","featured_image":"https:\/\/images.ifun.de\/wp-content\/uploads\/2020\/06\/black-lives-feature.jpg"},"_links":{"self":[{"href":"https:\/\/www.ifun.de\/apiv2\/wp\/v2\/posts\/154620","targetHints":{"allow":["GET"]}}],"collection":[{"href":"https:\/\/www.ifun.de\/apiv2\/wp\/v2\/posts"}],"about":[{"href":"https:\/\/www.ifun.de\/apiv2\/wp\/v2\/types\/post"}],"author":[{"embeddable":true,"href":"https:\/\/www.ifun.de\/apiv2\/wp\/v2\/users\/1"}],"replies":[{"embeddable":true,"href":"https:\/\/www.ifun.de\/apiv2\/wp\/v2\/comments?post=154620"}],"version-history":[{"count":3,"href":"https:\/\/www.ifun.de\/apiv2\/wp\/v2\/posts\/154620\/revisions"}],"predecessor-version":[{"id":154678,"href":"https:\/\/www.ifun.de\/apiv2\/wp\/v2\/posts\/154620\/revisions\/154678"}],"wp:featuredmedia":[{"embeddable":true,"href":"https:\/\/www.ifun.de\/apiv2\/wp\/v2\/media\/154624"}],"wp:attachment":[{"href":"https:\/\/www.ifun.de\/apiv2\/wp\/v2\/media?parent=154620"}],"wp:term":[{"taxonomy":"category","embeddable":true,"href":"https:\/\/www.ifun.de\/apiv2\/wp\/v2\/categories?post=154620"},{"taxonomy":"post_tag","embeddable":true,"href":"https:\/\/www.ifun.de\/apiv2\/wp\/v2\/tags?post=154620"}],"curies":[{"name":"wp","href":"https:\/\/api.w.org\/{rel}","templated":true}]}}