{"id":154584,"date":"2020-05-29T18:16:43","date_gmt":"2020-05-29T16:16:43","guid":{"rendered":"https:\/\/www.ifun.de\/?p=154584"},"modified":"2020-05-29T18:16:43","modified_gmt":"2020-05-29T16:16:43","slug":"central-park-animationsserie-startet-bei-apple-tv","status":"publish","type":"post","link":"https:\/\/www.ifun.de\/central-park-animationsserie-startet-bei-apple-tv-154584\/","title":{"rendered":"&#8222;Central Park&#8220;: Animationsserie startet bei Apple TV+"},"content":{"rendered":"<p>Mit &#8222;Central Park&#8220; startet heute eine neue Zeichentrickserie in das Repertoire des Video-Streaming-Dienstes Apple TV+. Die animierte Musikkom\u00f6die kommt aus der Feder des TV-Produzenten Loren Bouchard, der mit &#8222;Bob\u2019s Burgers&#8220; 2011 bereits ein \u00e4hnliches Projekt startete, das inzwischen \u00fcber 180 Folgen z\u00e4hlt. <\/p>\n<p><a href=\"https:\/\/images.ifun.de\/wp-content\/uploads\/2020\/05\/central-park-small.jpg\"><img loading=\"lazy\" decoding=\"async\" src=\"https:\/\/images.ifun.de\/wp-content\/uploads\/2020\/05\/central-park-small-500x281.jpg\" alt=\"Central Park Small\" width=\"500\" height=\"281\" class=\"aligncenter size-medium wp-image-154585\" srcset=\"https:\/\/images.ifun.de\/wp-content\/uploads\/2020\/05\/central-park-small-500x281.jpg 500w, https:\/\/images.ifun.de\/wp-content\/uploads\/2020\/05\/central-park-small-700x394.jpg 700w, https:\/\/images.ifun.de\/wp-content\/uploads\/2020\/05\/central-park-small-768x432.jpg 768w, https:\/\/images.ifun.de\/wp-content\/uploads\/2020\/05\/central-park-small.jpg 1120w\" sizes=\"auto, (max-width: 500px) 100vw, 500px\" \/><\/a><\/p>\n<p>Zum Auftakt der neuen Show hat Apple die zwei 25-min\u00fctigen Episoden &#8222;Chaos im Park&#8220; und &#8222;Skater-Runde&#8220; freigegeben, die auch in einer deutschen Synchronfassung bereitstehen. Die neue Animationsserie ist ab 6 Jahren freigegeben und stellt sich <a href=\"https:\/\/tv.apple.com\/de\/show\/central-park\/\">hier vor<\/a>.<\/p>\n<blockquote><p>Die animierte Musikkom\u00f6die um das ausgefallene Leben von Owen Tillerman und seiner Familie: Owen verwaltet New Yorks ber\u00fchmten Central Park. Als eine reiche Hotelerbin den Park in Eigentumswohnungen verwandeln will, ist Handeln angesagt.<\/p><\/blockquote>\n<p><div class=\"responsive-video\"><iframe loading=\"lazy\" width=\"700\" height=\"371\" src=\"https:\/\/www.youtube-nocookie.com\/embed\/AJyrw0WhX40\" frameborder=\"0\" allowfullscreen><\/iframe><\/div><\/p>\n","protected":false},"excerpt":{"rendered":"<a href=\"https:\/\/www.ifun.de\/central-park-animationsserie-startet-bei-apple-tv-154584\/\"><img width=\"150\" height=\"150\" src=\"https:\/\/images.ifun.de\/wp-content\/uploads\/2020\/05\/apple-tv-plus-central-park-feature-150x150.jpg\" class=\"alignright tfe wp-post-image\" alt=\"Apple Tv Plus Central Park Feature\" decoding=\"async\" loading=\"lazy\" \/><\/a><p>Mit &#8222;Central Park&#8220; startet heute eine neue Zeichentrickserie in das Repertoire des Video-Streaming-Dienstes Apple TV+. Die animierte Musikkom\u00f6die kommt aus der Feder des TV-Produzenten Loren Bouchard, der mit &#8222;Bob\u2019s Burgers&#8220; 2011 bereits ein \u00e4hnliches Projekt startete, das inzwischen \u00fcber 180 Folgen z\u00e4hlt. Zum Auftakt der neuen Show hat Apple die zwei 25-min\u00fctigen Episoden &#8222;Chaos im [&hellip;]<\/p>\n","protected":false},"author":1,"featured_media":154586,"comment_status":"open","ping_status":"closed","sticky":false,"template":"","format":"standard","meta":{"_acf_changed":false,"footnotes":""},"categories":[1],"tags":[26,4467,1885,31],"class_list":["post-154584","post","type-post","status-publish","format-standard","has-post-thumbnail","hentry","category-news","tag-apple-tv","tag-apple-tv-plus","tag-trailer","tag-video"],"acf":[],"aioseo_notices":[],"featured_image":["https:\/\/images.ifun.de\/wp-content\/uploads\/2020\/05\/apple-tv-plus-central-park-feature.jpg"],"subheadline":["Folge 1 und 2 verf\u00fcgbar"],"rest_api_enabler":{"featured_image":"https:\/\/images.ifun.de\/wp-content\/uploads\/2020\/05\/apple-tv-plus-central-park-feature.jpg","subheadline":"Folge 1 und 2 verf\u00fcgbar"},"_links":{"self":[{"href":"https:\/\/www.ifun.de\/apiv2\/wp\/v2\/posts\/154584","targetHints":{"allow":["GET"]}}],"collection":[{"href":"https:\/\/www.ifun.de\/apiv2\/wp\/v2\/posts"}],"about":[{"href":"https:\/\/www.ifun.de\/apiv2\/wp\/v2\/types\/post"}],"author":[{"embeddable":true,"href":"https:\/\/www.ifun.de\/apiv2\/wp\/v2\/users\/1"}],"replies":[{"embeddable":true,"href":"https:\/\/www.ifun.de\/apiv2\/wp\/v2\/comments?post=154584"}],"version-history":[{"count":1,"href":"https:\/\/www.ifun.de\/apiv2\/wp\/v2\/posts\/154584\/revisions"}],"predecessor-version":[{"id":154587,"href":"https:\/\/www.ifun.de\/apiv2\/wp\/v2\/posts\/154584\/revisions\/154587"}],"wp:featuredmedia":[{"embeddable":true,"href":"https:\/\/www.ifun.de\/apiv2\/wp\/v2\/media\/154586"}],"wp:attachment":[{"href":"https:\/\/www.ifun.de\/apiv2\/wp\/v2\/media?parent=154584"}],"wp:term":[{"taxonomy":"category","embeddable":true,"href":"https:\/\/www.ifun.de\/apiv2\/wp\/v2\/categories?post=154584"},{"taxonomy":"post_tag","embeddable":true,"href":"https:\/\/www.ifun.de\/apiv2\/wp\/v2\/tags?post=154584"}],"curies":[{"name":"wp","href":"https:\/\/api.w.org\/{rel}","templated":true}]}}