{"id":154290,"date":"2020-05-25T08:22:46","date_gmt":"2020-05-25T06:22:46","guid":{"rendered":"https:\/\/www.ifun.de\/?p=154290"},"modified":"2020-05-26T17:17:33","modified_gmt":"2020-05-26T15:17:33","slug":"mp3tag-vollwertige-mac-app-in-der-entwicklung","status":"publish","type":"post","link":"https:\/\/www.ifun.de\/mp3tag-vollwertige-mac-app-in-der-entwicklung-154290\/","title":{"rendered":"MP3Tag: Vollwertige Mac-App in der Entwicklung"},"content":{"rendered":"<p>Nachdem macOS Catalina die Unterst\u00fctzung sogenannter Wine-Apps <a href=\"https:\/\/forum.winehq.org\/viewtopic.php?t=32590\">gekappt<\/a> hat, l\u00e4sst sich der eigentlich f\u00fcr Windows-Systeme ausgelegte ID3-Tag-Editor <a href=\"https:\/\/www.mp3tag.de\/\">MP3Tag<\/a> nicht mehr auf dem Mac einsetzen &#8211; f\u00fcr Entwickler Florian Heidenreich Motivation genug, eine native Mac-App des Klassikers bereitzustellen.<\/p>\n<p><a href=\"https:\/\/images.ifun.de\/wp-content\/uploads\/2020\/05\/mp3tag-dateiansicht.jpg\"><img loading=\"lazy\" decoding=\"async\" src=\"https:\/\/images.ifun.de\/wp-content\/uploads\/2020\/05\/mp3tag-dateiansicht-500x306.jpg\" alt=\"Mp3tag Dateiansicht\" width=\"500\" height=\"306\" class=\"aligncenter size-medium wp-image-154292\" srcset=\"https:\/\/images.ifun.de\/wp-content\/uploads\/2020\/05\/mp3tag-dateiansicht-500x306.jpg 500w, https:\/\/images.ifun.de\/wp-content\/uploads\/2020\/05\/mp3tag-dateiansicht-700x428.jpg 700w, https:\/\/images.ifun.de\/wp-content\/uploads\/2020\/05\/mp3tag-dateiansicht-768x470.jpg 768w, https:\/\/images.ifun.de\/wp-content\/uploads\/2020\/05\/mp3tag-dateiansicht.jpg 1200w\" sizes=\"auto, (max-width: 500px) 100vw, 500px\" \/><\/a><\/p>\n<p>Diese ist am Wochenende in ihre Alpha-Phase gestartet und macht einen viel versprechenden Eindruck. Die App zum Bearbeiten von MP3-Metadaten (das Tool unterst\u00fctzt auch MP4\/M4V, FLAC, OGG, OPUS, AIF und WAV) l\u00e4sst sich unter macOS Mojave und macOS Catalina einsetzen, ist Deutsch lokalisiert und bietet nat\u00fcrlich auch einen Dunkelmodus an. <\/p>\n<p>In der Ein-Fenster-App lassen sich MP3s sowohl direkt in der Dateiliste bearbeiten, als auch \u00fcber das Tag Panel auf der linken Seite, das zur Massenbearbeitung von Metadaten dient. <\/p>\n<p>Noch steckt MP3Tag f\u00fcr Mac in den Kinderschuhen (auch die Preisfrage ist derzeit noch ungekl\u00e4rt), die schlichte Anwendung mit umfangreichem Werkzeugkasten d\u00fcrfte jedoch das Zeig haben sich als souver\u00e4ner Tag-Editor f\u00fcr Mac-Anwender zu etablieren, denen <a href=\"https:\/\/www.ifun.de\/mp3-tagger-yate-version-5-0-unterstuetzt-catalina-143300\/\">Yate<\/a> zu \u00fcberladen und <a href=\"https:\/\/bilalh.github.io\/projects\/tagger\/\">Tagger<\/a> zu reduziert ausf\u00e4llt. <\/p>\n<p>Interessierte Anwender k\u00f6nnen sich <a href=\"https:\/\/www.mp3tag.de\/en\/mac-osx.html\">auf dieser Webseite<\/a> in eine Mailing-Liste eintragen, die \u00fcber Updates informiert und die Verf\u00fcgbarkeit erste Beta-Downloads informieren wird. Wir behalten MP3Tag vorfreudig im Blick. <\/p>\n<p><a href=\"https:\/\/images.ifun.de\/wp-content\/uploads\/2020\/05\/mp3-tag-mac.jpg\"><img loading=\"lazy\" decoding=\"async\" src=\"https:\/\/images.ifun.de\/wp-content\/uploads\/2020\/05\/mp3-tag-mac-700x560.jpg\" alt=\"Mp3 Tag Mac\" width=\"700\" height=\"560\" class=\"aligncenter size-large wp-image-154291\" srcset=\"https:\/\/images.ifun.de\/wp-content\/uploads\/2020\/05\/mp3-tag-mac-700x560.jpg 700w, https:\/\/images.ifun.de\/wp-content\/uploads\/2020\/05\/mp3-tag-mac-500x400.jpg 500w, https:\/\/images.ifun.de\/wp-content\/uploads\/2020\/05\/mp3-tag-mac-768x614.jpg 768w, https:\/\/images.ifun.de\/wp-content\/uploads\/2020\/05\/mp3-tag-mac.jpg 1500w\" sizes=\"auto, (max-width: 700px) 100vw, 700px\" \/><\/a><\/p>\n","protected":false},"excerpt":{"rendered":"<a href=\"https:\/\/www.ifun.de\/mp3tag-vollwertige-mac-app-in-der-entwicklung-154290\/\"><img width=\"150\" height=\"150\" src=\"https:\/\/images.ifun.de\/wp-content\/uploads\/2020\/05\/mp3-tag-mac-app-150x150.jpg\" class=\"alignright tfe wp-post-image\" alt=\"Mp3 Tag Mac App\" decoding=\"async\" loading=\"lazy\" \/><\/a><p>Nachdem macOS Catalina die Unterst\u00fctzung sogenannter Wine-Apps gekappt hat, l\u00e4sst sich der eigentlich f\u00fcr Windows-Systeme ausgelegte ID3-Tag-Editor MP3Tag nicht mehr auf dem Mac einsetzen &#8211; f\u00fcr Entwickler Florian Heidenreich Motivation genug, eine native Mac-App des Klassikers bereitzustellen. Diese ist am Wochenende in ihre Alpha-Phase gestartet und macht einen viel versprechenden Eindruck. Die App zum Bearbeiten [&hellip;]<\/p>\n","protected":false},"author":1,"featured_media":154293,"comment_status":"open","ping_status":"closed","sticky":false,"template":"","format":"standard","meta":{"_acf_changed":false,"footnotes":""},"categories":[5,1783],"tags":[4737,4738,6321,457,6324],"class_list":["post-154290","post","type-post","status-publish","format-standard","has-post-thumbnail","hentry","category-apps","category-feature","tag-apps","tag-entwickler","tag-mac","tag-mp3","tag-windows"],"acf":[],"aioseo_notices":[],"featured_image":["https:\/\/images.ifun.de\/wp-content\/uploads\/2020\/05\/mp3-tag-mac-app.jpg"],"subheadline":["ID3-Tag-Editor"],"rest_api_enabler":{"featured_image":"https:\/\/images.ifun.de\/wp-content\/uploads\/2020\/05\/mp3-tag-mac-app.jpg","subheadline":"ID3-Tag-Editor"},"_links":{"self":[{"href":"https:\/\/www.ifun.de\/apiv2\/wp\/v2\/posts\/154290","targetHints":{"allow":["GET"]}}],"collection":[{"href":"https:\/\/www.ifun.de\/apiv2\/wp\/v2\/posts"}],"about":[{"href":"https:\/\/www.ifun.de\/apiv2\/wp\/v2\/types\/post"}],"author":[{"embeddable":true,"href":"https:\/\/www.ifun.de\/apiv2\/wp\/v2\/users\/1"}],"replies":[{"embeddable":true,"href":"https:\/\/www.ifun.de\/apiv2\/wp\/v2\/comments?post=154290"}],"version-history":[{"count":4,"href":"https:\/\/www.ifun.de\/apiv2\/wp\/v2\/posts\/154290\/revisions"}],"predecessor-version":[{"id":154391,"href":"https:\/\/www.ifun.de\/apiv2\/wp\/v2\/posts\/154290\/revisions\/154391"}],"wp:featuredmedia":[{"embeddable":true,"href":"https:\/\/www.ifun.de\/apiv2\/wp\/v2\/media\/154293"}],"wp:attachment":[{"href":"https:\/\/www.ifun.de\/apiv2\/wp\/v2\/media?parent=154290"}],"wp:term":[{"taxonomy":"category","embeddable":true,"href":"https:\/\/www.ifun.de\/apiv2\/wp\/v2\/categories?post=154290"},{"taxonomy":"post_tag","embeddable":true,"href":"https:\/\/www.ifun.de\/apiv2\/wp\/v2\/tags?post=154290"}],"curies":[{"name":"wp","href":"https:\/\/api.w.org\/{rel}","templated":true}]}}