{"id":154051,"date":"2020-05-18T11:17:03","date_gmt":"2020-05-18T09:17:03","guid":{"rendered":"https:\/\/www.ifun.de\/?p=154051"},"modified":"2020-05-18T11:17:50","modified_gmt":"2020-05-18T09:17:50","slug":"covid-19-apple-statusbericht-zur-situation-der-apple-stores","status":"publish","type":"post","link":"https:\/\/www.ifun.de\/covid-19-apple-statusbericht-zur-situation-der-apple-stores-154051\/","title":{"rendered":"COVID-19: Apple-Statusbericht zur Situation der Apple Stores"},"content":{"rendered":"<p>In dieser Woche beginnt Apple nun auch in den USA damit, die aufgrund von COVID-19 geschlossenen Apple Stores wieder zu \u00f6ffnen. Wie in anderen L\u00e4ndern ist dies mit strengen Auflagen verbunden. Begleitend geht die f\u00fcr Apples Ladengesch\u00e4fte verantwortliche Managerin Deirdre O\u2019Brien in einem <a href=\"https:\/\/www.apple.com\/store-opening-letter\/\">offenen Brief<\/a> auf die in diesem Zusammenhang eingeleiteten Ma\u00dfnahmen ein.<\/p>\n<p><a href=\"https:\/\/images.ifun.de\/wp-content\/uploads\/2020\/05\/apple-store-covid-19.jpg\"><img loading=\"lazy\" decoding=\"async\" src=\"https:\/\/images.ifun.de\/wp-content\/uploads\/2020\/05\/apple-store-covid-19-500x316.jpg\" alt=\"Apple Store Covid 19\" width=\"500\" height=\"316\" class=\"alignnone size-medium wp-image-154053\" srcset=\"https:\/\/images.ifun.de\/wp-content\/uploads\/2020\/05\/apple-store-covid-19-500x316.jpg 500w, https:\/\/images.ifun.de\/wp-content\/uploads\/2020\/05\/apple-store-covid-19-700x443.jpg 700w, https:\/\/images.ifun.de\/wp-content\/uploads\/2020\/05\/apple-store-covid-19-768x486.jpg 768w, https:\/\/images.ifun.de\/wp-content\/uploads\/2020\/05\/apple-store-covid-19.jpg 1200w\" sizes=\"auto, (max-width: 500px) 100vw, 500px\" \/><\/a><\/p>\n<h6>Bilder: Apple<\/h6>\n<p>Aktuell seien nun mehr als 100 der weltweit gut 500 Apple Stores wieder ge\u00f6ffnet. H\u00f6chste Priorit\u00e4t habe dabei die Sicherheit der Kunden, daher werde f\u00fcr jede Filiale einzeln und unter Ber\u00fccksichtigung lokaler Umst\u00e4nde \u00fcber das Datum der Wiederer\u00f6ffnung entschieden. Zudem halte an sich eine erneute Schlie\u00dfung jederzeit offen.<\/p>\n<blockquote>\n<p>Wir sehen uns alle verf\u00fcgbaren Daten an &#8211; einschlie\u00dflich lokaler F\u00e4lle, kurz- und langfristiger Trends sowie der Richtlinien nationaler und lokaler Gesundheitsbeh\u00f6rden. Dies sind keine Entscheidungen, die wir \u00fcbereilt treffen &#8211; und eine Gesch\u00e4ftser\u00f6ffnung bedeutet keinesfalls, dass wir uns nicht den pr\u00e4ventiven Schritt vorbehalten, sie wieder zu schlie\u00dfen, wenn die \u00f6rtlichen Gegebenheiten dies erfordern.<\/p>\n<\/blockquote>\n<p>O\u2019Brien weist auch auf die bereits <a href=\"https:\/\/www.ifun.de\/apple-stores-in-deutschland-warteschlangen-und-fiebermessen-153779\/\">bekannten<\/a> Ma\u00dfnahmen wie beschr\u00e4nkte Besucherzahlen und Eingangskontrollen inklusive Fiebermessung hin. Teils versuche man die Kapazit\u00e4ten durch die M\u00f6glichkeit zur Express-Abfertigung von Abholungen und R\u00fcckgaben au\u00dferhalb der Ladengesch\u00e4fte zu erh\u00f6hen.<\/p>\n<p>Unterm Strich sei es noch ein langer Weg bis zur R\u00fcckkehr in die Normalit\u00e4t. Doch unabh\u00e4ngig von all den damit verbundenen Herausforderungen h\u00e4tte COVID-19 f\u00fcr eine Zugewinn an Vertrauen und Zusammenhalt gesorgt.<\/p>\n","protected":false},"excerpt":{"rendered":"<a href=\"https:\/\/www.ifun.de\/covid-19-apple-statusbericht-zur-situation-der-apple-stores-154051\/\"><img width=\"150\" height=\"150\" src=\"https:\/\/images.ifun.de\/wp-content\/uploads\/2020\/05\/apple-store-mit-covid-19-150x150.jpg\" class=\"alignright tfe wp-post-image\" alt=\"Apple Store Mit Covid 19\" decoding=\"async\" loading=\"lazy\" \/><\/a><p>In dieser Woche beginnt Apple nun auch in den USA damit, die aufgrund von COVID-19 geschlossenen Apple Stores wieder zu \u00f6ffnen. Wie in anderen L\u00e4ndern ist dies mit strengen Auflagen verbunden. Begleitend geht die f\u00fcr Apples Ladengesch\u00e4fte verantwortliche Managerin Deirdre O\u2019Brien in einem offenen Brief auf die in diesem Zusammenhang eingeleiteten Ma\u00dfnahmen ein. Bilder: Apple [&hellip;]<\/p>\n","protected":false},"author":2,"featured_media":154054,"comment_status":"open","ping_status":"closed","sticky":false,"template":"","format":"standard","meta":{"_acf_changed":false,"footnotes":""},"categories":[3],"tags":[4736,49,4806,4935],"class_list":["post-154051","post","type-post","status-publish","format-standard","has-post-thumbnail","hentry","category-apple","tag-apple","tag-apple-store","tag-coronavirus","tag-deidre-obrien"],"acf":[],"aioseo_notices":[],"subheadline":["Offener Brief von Deirdre O\u2019Brien"],"featured_image":["https:\/\/images.ifun.de\/wp-content\/uploads\/2020\/05\/apple-store-mit-covid-19.jpg"],"rest_api_enabler":{"subheadline":"Offener Brief von Deirdre O\u2019Brien","featured_image":"https:\/\/images.ifun.de\/wp-content\/uploads\/2020\/05\/apple-store-mit-covid-19.jpg"},"_links":{"self":[{"href":"https:\/\/www.ifun.de\/apiv2\/wp\/v2\/posts\/154051","targetHints":{"allow":["GET"]}}],"collection":[{"href":"https:\/\/www.ifun.de\/apiv2\/wp\/v2\/posts"}],"about":[{"href":"https:\/\/www.ifun.de\/apiv2\/wp\/v2\/types\/post"}],"author":[{"embeddable":true,"href":"https:\/\/www.ifun.de\/apiv2\/wp\/v2\/users\/2"}],"replies":[{"embeddable":true,"href":"https:\/\/www.ifun.de\/apiv2\/wp\/v2\/comments?post=154051"}],"version-history":[{"count":3,"href":"https:\/\/www.ifun.de\/apiv2\/wp\/v2\/posts\/154051\/revisions"}],"predecessor-version":[{"id":154056,"href":"https:\/\/www.ifun.de\/apiv2\/wp\/v2\/posts\/154051\/revisions\/154056"}],"wp:featuredmedia":[{"embeddable":true,"href":"https:\/\/www.ifun.de\/apiv2\/wp\/v2\/media\/154054"}],"wp:attachment":[{"href":"https:\/\/www.ifun.de\/apiv2\/wp\/v2\/media?parent=154051"}],"wp:term":[{"taxonomy":"category","embeddable":true,"href":"https:\/\/www.ifun.de\/apiv2\/wp\/v2\/categories?post=154051"},{"taxonomy":"post_tag","embeddable":true,"href":"https:\/\/www.ifun.de\/apiv2\/wp\/v2\/tags?post=154051"}],"curies":[{"name":"wp","href":"https:\/\/api.w.org\/{rel}","templated":true}]}}