{"id":154024,"date":"2020-05-15T16:49:26","date_gmt":"2020-05-15T14:49:26","guid":{"rendered":"https:\/\/www.ifun.de\/?p=154024"},"modified":"2020-05-15T16:51:37","modified_gmt":"2020-05-15T14:51:37","slug":"apples-ar-brille-schon-2021-prosser-will-video-zeigen","status":"publish","type":"post","link":"https:\/\/www.ifun.de\/apples-ar-brille-schon-2021-prosser-will-video-zeigen-154024\/","title":{"rendered":"Apples AR-Brille schon 2021: Prosser will Video zeigen"},"content":{"rendered":"<p>Der in letzter Zeit durch akkurate Prognosen aufgefallene Apple-Kenner Jon Prosser hat sich auf dem Kurznachrichten-Portal Twitter zur bevorstehenden Pr\u00e4sentation der &#8222;intelligenten Brille&#8220; ge\u00e4u\u00dfert, an der Apples Ingenieure seit Jahren arbeiten sollen. <\/p>\n<blockquote class=\"twitter-tweet\" data-conversation=\"none\" data-cards=\"hidden\">\n<p lang=\"en\" dir=\"ltr\">I can\u2019t believe I\u2019m going against Kuo on this one&#8230; but I believe he\u2019s wrong. <\/p>\n<p>Apple Glasses are aimed for March-June 2021. <\/p>\n<p>Also. <br \/>I\u2019ve seen them. <br \/>They\u2019re sleek as hell. &#x1f440;<\/p>\n<p>Will be showing you soon &#x1f92b; <a href=\"https:\/\/t.co\/0GaOYDA5N8\">https:\/\/t.co\/0GaOYDA5N8<\/a><\/p>\n<p>&mdash; Jon Prosser (@jon_prosser) <a href=\"https:\/\/twitter.com\/jon_prosser\/status\/1261265338727006208?ref_src=twsrc%5Etfw\">May 15, 2020<\/a><\/p><\/blockquote>\n<p> <script async src=\"https:\/\/platform.twitter.com\/widgets.js\" charset=\"utf-8\"><\/script><\/p>\n<p>Der Video-Blogger bezieht sich in seiner Wortmeldung auf den Apple-Analysten Ming-Chi Kuo, der in einem k\u00fcrzlich ausgegebenen Investoren-Memo <a href=\"https:\/\/www.ifun.de\/bericht-neues-ipad-mini-im-anmarsch-153997\/\">behauptete<\/a>, Apples AR-Brille w\u00fcrde fr\u00fchestens 2022 erscheinen. Hier sieht Prosser einen anderen Zeitplan. <\/p>\n<p>Nach Angaben des Bloggers, soll die Brille zwischen M\u00e4rz und Juni 2021 deb\u00fctieren &#8211; unklar ist, ob Apple bereits dann mit dem Verkauf starten wird oder diesen, wie bei der Apple Watch, erst mit deutlichem Abstand zur Pr\u00e4sentation angehen wird. <\/p>\n<h2>Prosser will Video der Brille zeigen<\/h2>\n<p>Neben dem groben Zeitplan hat Prosser zudem angek\u00fcndigt, Apples Brille bereits gesehen zu haben und gibt an, \u00fcber ein Video des noch unver\u00f6ffentlichten Produkts zu verf\u00fcgen. Mit diesem d\u00fcrften seine Follower in K\u00fcrze rechen, zuvor m\u00fcsse sich Prosser noch <a href=\"https:\/\/twitter.com\/jon_prosser\/status\/1261266948786212864\">mit Anw\u00e4lten abstimmen<\/a>. <\/p>\n<p><center><\/p>\n<blockquote class=\"twitter-tweet\">\n<p lang=\"en\" dir=\"ltr\">Not images&#8230;<\/p>\n<p>Video.<\/p>\n<p>&mdash; Jon Prosser (@jon_prosser) <a href=\"https:\/\/twitter.com\/jon_prosser\/status\/1261268033240207361?ref_src=twsrc%5Etfw\">May 15, 2020<\/a><\/p><\/blockquote>\n<p> <script async src=\"https:\/\/platform.twitter.com\/widgets.js\" charset=\"utf-8\"><\/script><\/center><\/p>\n","protected":false},"excerpt":{"rendered":"<a href=\"https:\/\/www.ifun.de\/apples-ar-brille-schon-2021-prosser-will-video-zeigen-154024\/\"><img width=\"150\" height=\"150\" src=\"https:\/\/images.ifun.de\/wp-content\/uploads\/2020\/05\/apple-ar-glasses-feature-150x150.jpg\" class=\"alignright tfe wp-post-image\" alt=\"Apple Ar Glasses Feature\" decoding=\"async\" loading=\"lazy\" \/><\/a><p>Der in letzter Zeit durch akkurate Prognosen aufgefallene Apple-Kenner Jon Prosser hat sich auf dem Kurznachrichten-Portal Twitter zur bevorstehenden Pr\u00e4sentation der &#8222;intelligenten Brille&#8220; ge\u00e4u\u00dfert, an der Apples Ingenieure seit Jahren arbeiten sollen. I can\u2019t believe I\u2019m going against Kuo on this one&#8230; but I believe he\u2019s wrong. Apple Glasses are aimed for March-June 2021. Also. [&hellip;]<\/p>\n","protected":false},"author":1,"featured_media":154025,"comment_status":"open","ping_status":"closed","sticky":false,"template":"","format":"standard","meta":{"_acf_changed":false,"footnotes":""},"categories":[3],"tags":[4736,286,2074,3910,6322,4122],"class_list":["post-154024","post","type-post","status-publish","format-standard","has-post-thumbnail","hentry","category-apple","tag-apple","tag-augmented-reality","tag-brille","tag-geruechte","tag-rumors","tag-vr-brille"],"acf":[],"aioseo_notices":[],"subheadline":["Vollmundige Ank\u00fcndigung"],"featured_image":["https:\/\/images.ifun.de\/wp-content\/uploads\/2020\/05\/apple-ar-glasses-feature.jpg"],"rest_api_enabler":{"subheadline":"Vollmundige Ank\u00fcndigung","featured_image":"https:\/\/images.ifun.de\/wp-content\/uploads\/2020\/05\/apple-ar-glasses-feature.jpg"},"_links":{"self":[{"href":"https:\/\/www.ifun.de\/apiv2\/wp\/v2\/posts\/154024","targetHints":{"allow":["GET"]}}],"collection":[{"href":"https:\/\/www.ifun.de\/apiv2\/wp\/v2\/posts"}],"about":[{"href":"https:\/\/www.ifun.de\/apiv2\/wp\/v2\/types\/post"}],"author":[{"embeddable":true,"href":"https:\/\/www.ifun.de\/apiv2\/wp\/v2\/users\/1"}],"replies":[{"embeddable":true,"href":"https:\/\/www.ifun.de\/apiv2\/wp\/v2\/comments?post=154024"}],"version-history":[{"count":2,"href":"https:\/\/www.ifun.de\/apiv2\/wp\/v2\/posts\/154024\/revisions"}],"predecessor-version":[{"id":154027,"href":"https:\/\/www.ifun.de\/apiv2\/wp\/v2\/posts\/154024\/revisions\/154027"}],"wp:featuredmedia":[{"embeddable":true,"href":"https:\/\/www.ifun.de\/apiv2\/wp\/v2\/media\/154025"}],"wp:attachment":[{"href":"https:\/\/www.ifun.de\/apiv2\/wp\/v2\/media?parent=154024"}],"wp:term":[{"taxonomy":"category","embeddable":true,"href":"https:\/\/www.ifun.de\/apiv2\/wp\/v2\/categories?post=154024"},{"taxonomy":"post_tag","embeddable":true,"href":"https:\/\/www.ifun.de\/apiv2\/wp\/v2\/tags?post=154024"}],"curies":[{"name":"wp","href":"https:\/\/api.w.org\/{rel}","templated":true}]}}