{"id":15393,"date":"2011-08-25T06:44:21","date_gmt":"2011-08-25T04:44:21","guid":{"rendered":"http:\/\/www.ifun.de\/?p=15393"},"modified":"2011-08-25T15:35:32","modified_gmt":"2011-08-25T13:35:32","slug":"steve-jobs-tritt-als-apple-chef-zuruck-nachfolger-tim-cook-jobs-will-im-aufsichtsrat-aktiv-bleiben","status":"publish","type":"post","link":"https:\/\/www.ifun.de\/steve-jobs-tritt-als-apple-chef-zuruck-nachfolger-tim-cook-jobs-will-im-aufsichtsrat-aktiv-bleiben-15393\/","title":{"rendered":"Steve Jobs tritt als Apple-Chef zur\u00fcck. Nachfolger Tim Cook, Jobs will im Aufsichtsrat aktiv bleiben"},"content":{"rendered":"<p><img loading=\"lazy\" decoding=\"async\" src=\"http:\/\/images.ifun.de\/wp-content\/uploads\/2011\/08\/jobs.jpg\" alt=\"\" title=\"jobs\" width=\"140\" height=\"166\" class=\"alignright size-full wp-image-15398\" \/>Steve Jobs hat seinen F\u00fchrungsposten bei Apple offiziell niedergelegt. In einem offenen Brief empfiehlt er als Nachfolger seinen derzeitigen Vertreter <a href=\"http:\/\/www.apple.com\/pr\/bios\/tim-cook.html\">Tim Cook<\/a> und bekundet gleichzeitig sein Interesse, \u00fcber einen Posten im Aufsichtsrat weiter bei Apple involviert zu sein.<\/p>\n<p>Ein Auszug aus seinem Schreiben, der vollst\u00e4ndige Wortlaut h\u00e4ngt unten an:<\/p>\n<blockquote><p>Ich habe immer gesagt, dass wenn jemals der Tag kommen sollte, an dem ich nicht l\u00e4nger meine Aufgaben und Erwartungen als CEO von Apple erf\u00fcllen kann, ich der erste w\u00e4re, der Euch das wissen l\u00e4sst. Leider ist dieser Tag gekommen.<\/p><\/blockquote>\n<p>Der 56j\u00e4hrige hat das Unternehmen 1976 zusammen mit seinem Freund Steve Wozniak gegr\u00fcndet und als ersten H\u00f6hepunkt 1984 den ersten All-in-one-Computer Macintosh vorgestellt. Von 1985 bis 1997 musste der das Unternehmen wegen internen Querelen verlassen, 1998 feierte er mit dem ersten iMac erfolgreich seine R\u00fcckkehr in die Chefetage.<br \/>\n(Danke f\u00fcr die vielen E-Mails!)<\/p>\n<p><!--more--><\/p>\n<blockquote><p>24. August 2011<\/p>\n<p>Brief von Steve Jobs<\/p>\n<p>An den Apple-Aufsichtsrat und die Apple-Gemeinschaft:<\/p>\n<p>Ich habe immer gesagt, dass wenn jemals der Tag kommen sollte, an dem ich nicht l\u00e4nger meine Aufgaben und Erwartungen als CEO von Apple erf\u00fcllen kann, ich der erste w\u00e4re, der Euch das wissen l\u00e4sst. Leider ist dieser Tag gekommen.<\/p>\n<p>Ich trete hiermit als CEO von Apple zur\u00fcck. Ich m\u00f6chte, so der Aufsichtsrat dies f\u00fcr m\u00f6glich h\u00e4lt, als Vorsitzender des Aufsichtsrats, als Aufsichtsratsmitglied und Mitarbeiter von Apple behilflich sein.<\/p>\n<p>Was meinen Nachfolger angeht, empfehle ich mit Nachdruck, dass wir unseren Nachfolgeplan erf\u00fcllen und Tim Cook zum CEO von Apple ernennen.<\/p>\n<p>Ich glaube, dass die besten und innovativsten Tage noch vor Apple liegen. Und ich freue mich darauf, den Erfolg von Apple in einer neuen Rolle zu sehen und dazu beizutragen.<\/p>\n<p>Ich habe bei Apple einige der besten Freunde in meinem Leben gefunden und ich danke Euch allen f\u00fcr die vielen Jahre, die ich neben Euch arbeiten konnte.<\/p>\n<p>Steve<\/p><\/blockquote>\n","protected":false},"excerpt":{"rendered":"<a href=\"https:\/\/www.ifun.de\/steve-jobs-tritt-als-apple-chef-zuruck-nachfolger-tim-cook-jobs-will-im-aufsichtsrat-aktiv-bleiben-15393\/\"><img width=\"150\" height=\"125\" src=\"https:\/\/images.ifun.de\/wp-content\/uploads\/2011\/08\/jobs-150x125.png\" class=\"alignright tfe wp-post-image\" alt=\"\" decoding=\"async\" loading=\"lazy\" \/><\/a><p>Apple-Boss \u00fcbergibt die F\u00fchrungsposition an seinen Stellvertreter Tim Cook<\/p>\n","protected":false},"author":2,"featured_media":15431,"comment_status":"open","ping_status":"closed","sticky":false,"template":"","format":"standard","meta":{"_acf_changed":false,"footnotes":""},"categories":[3,7],"tags":[4736,67,614],"class_list":["post-15393","post","type-post","status-publish","format-standard","has-post-thumbnail","hentry","category-apple","category-featured","tag-apple","tag-steve-jobs","tag-tim-cook"],"acf":[],"aioseo_notices":[],"featured_image":["http:\/\/images.ifun.de\/wp-content\/uploads\/2011\/08\/jobs.png"],"rest_api_enabler":{"featured_image":"http:\/\/images.ifun.de\/wp-content\/uploads\/2011\/08\/jobs.png"},"_links":{"self":[{"href":"https:\/\/www.ifun.de\/apiv2\/wp\/v2\/posts\/15393","targetHints":{"allow":["GET"]}}],"collection":[{"href":"https:\/\/www.ifun.de\/apiv2\/wp\/v2\/posts"}],"about":[{"href":"https:\/\/www.ifun.de\/apiv2\/wp\/v2\/types\/post"}],"author":[{"embeddable":true,"href":"https:\/\/www.ifun.de\/apiv2\/wp\/v2\/users\/2"}],"replies":[{"embeddable":true,"href":"https:\/\/www.ifun.de\/apiv2\/wp\/v2\/comments?post=15393"}],"version-history":[{"count":9,"href":"https:\/\/www.ifun.de\/apiv2\/wp\/v2\/posts\/15393\/revisions"}],"predecessor-version":[{"id":15432,"href":"https:\/\/www.ifun.de\/apiv2\/wp\/v2\/posts\/15393\/revisions\/15432"}],"wp:featuredmedia":[{"embeddable":true,"href":"https:\/\/www.ifun.de\/apiv2\/wp\/v2\/media\/15431"}],"wp:attachment":[{"href":"https:\/\/www.ifun.de\/apiv2\/wp\/v2\/media?parent=15393"}],"wp:term":[{"taxonomy":"category","embeddable":true,"href":"https:\/\/www.ifun.de\/apiv2\/wp\/v2\/categories?post=15393"},{"taxonomy":"post_tag","embeddable":true,"href":"https:\/\/www.ifun.de\/apiv2\/wp\/v2\/tags?post=15393"}],"curies":[{"name":"wp","href":"https:\/\/api.w.org\/{rel}","templated":true}]}}