{"id":153879,"date":"2020-05-13T12:08:20","date_gmt":"2020-05-13T10:08:20","guid":{"rendered":"https:\/\/www.ifun.de\/?p=153879"},"modified":"2020-05-15T08:47:09","modified_gmt":"2020-05-15T06:47:09","slug":"apple-anekdote-desktop-hintergruende-von-steve-jobs","status":"publish","type":"post","link":"https:\/\/www.ifun.de\/apple-anekdote-desktop-hintergruende-von-steve-jobs-153879\/","title":{"rendered":"Apple-Anekdote: Desktop-Hintergr\u00fcnde von Steve Jobs"},"content":{"rendered":"<p>Sch\u00f6ne Anekdote, die der langj\u00e4hrige Apple-Mitarbeiter Chris Hynes auf seinem Blog &#8222;TechReflect&#8220; <a href=\"https:\/\/techreflect.net\/2020\/05\/06\/desktop-pictures-taken-by-steve-jobs\/\">zum Besten gibt<\/a>.<\/p>\n<p><a href=\"https:\/\/images.ifun.de\/wp-content\/uploads\/2020\/05\/jobs-bilder.jpg\"><img loading=\"lazy\" decoding=\"async\" class=\"aligncenter size-medium wp-image-153881\" src=\"https:\/\/images.ifun.de\/wp-content\/uploads\/2020\/05\/jobs-bilder-500x312.jpg\" alt=\"Jobs Bilder\" width=\"500\" height=\"312\" srcset=\"https:\/\/images.ifun.de\/wp-content\/uploads\/2020\/05\/jobs-bilder-500x312.jpg 500w, https:\/\/images.ifun.de\/wp-content\/uploads\/2020\/05\/jobs-bilder-700x437.jpg 700w, https:\/\/images.ifun.de\/wp-content\/uploads\/2020\/05\/jobs-bilder-768x480.jpg 768w, https:\/\/images.ifun.de\/wp-content\/uploads\/2020\/05\/jobs-bilder-1536x960.jpg 1536w, https:\/\/images.ifun.de\/wp-content\/uploads\/2020\/05\/jobs-bilder.jpg 1700w\" sizes=\"auto, (max-width: 500px) 100vw, 500px\" \/><\/a><\/p>\n<h6>Von Steve Jobs: Wallpaper aus Mac OS X 10.5 Leopard<\/h6>\n<p>Hynes erinnert sich daran, dass Steve Jobs gerne fotografierte &#8211; selbst beim letzten Aufeinandertreffen der beiden hatte Jobs seine iPhone in der Hand und machte gerade ein paar Schnappsch\u00fcsse.<\/p>\n<p>Schnappsch\u00fcsse, die es mitunter sogar in die Standard-Auswahl der OS X-Desktop-Hintergr\u00fcnde schafften:<\/p>\n<blockquote><p>Es sollte niemanden \u00fcberraschen, dass Steve Jobs gerne fotografierte. Als ich ihn das letzte Mal sah, hat er sogar ein Foto gemacht. Viele Leute wissen jedoch vielleicht nicht, dass einige seiner Fotos als Wallpaper in Mac OS X 10.5 Leopard ausgeliefert wurden.<\/p><\/blockquote>\n<p>Allerdings kamen die Bilder nicht \u00fcberall gut an. Bei der Keynote-Pr\u00e4sentation von Mac OS X 10.5 Leopard erntete das taufrische Gras-Motiv erst mal verhaltenes Gel\u00e4chter.<\/p>\n<p><div class=\"responsive-video\"><iframe loading=\"lazy\" src=\"https:\/\/www.youtube-nocookie.com\/embed\/STuhwRwRqD4?start=132\" width=\"700\" height=\"371\" frameborder=\"0\" allowfullscreen=\"allowfullscreen\"><\/iframe><\/div><\/p>\n","protected":false},"excerpt":{"rendered":"<a href=\"https:\/\/www.ifun.de\/apple-anekdote-desktop-hintergruende-von-steve-jobs-153879\/\"><img width=\"150\" height=\"150\" src=\"https:\/\/images.ifun.de\/wp-content\/uploads\/2020\/05\/photo-steve-jobs-feature-150x150.jpg\" class=\"alignright tfe wp-post-image\" alt=\"Photo Steve Jobs Feature\" decoding=\"async\" loading=\"lazy\" \/><\/a><p>Sch\u00f6ne Anekdote, die der langj\u00e4hrige Apple-Mitarbeiter Chris Hynes auf seinem Blog &#8222;TechReflect&#8220; zum Besten gibt. Von Steve Jobs: Wallpaper aus Mac OS X 10.5 Leopard Hynes erinnert sich daran, dass Steve Jobs gerne fotografierte &#8211; selbst beim letzten Aufeinandertreffen der beiden hatte Jobs seine iPhone in der Hand und machte gerade ein paar Schnappsch\u00fcsse. Schnappsch\u00fcsse, [&hellip;]<\/p>\n","protected":false},"author":1,"featured_media":153882,"comment_status":"open","ping_status":"closed","sticky":false,"template":"","format":"standard","meta":{"_acf_changed":false,"footnotes":""},"categories":[3,1783],"tags":[307,6321,3095,67],"class_list":["post-153879","post","type-post","status-publish","format-standard","has-post-thumbnail","hentry","category-apple","category-feature","tag-fotos","tag-mac","tag-macos","tag-steve-jobs"],"acf":[],"aioseo_notices":[],"subheadline":["Teil von OS X 10.5 Leopard"],"featured_image":["https:\/\/images.ifun.de\/wp-content\/uploads\/2020\/05\/photo-steve-jobs-feature.jpg"],"rest_api_enabler":{"subheadline":"Teil von OS X 10.5 Leopard","featured_image":"https:\/\/images.ifun.de\/wp-content\/uploads\/2020\/05\/photo-steve-jobs-feature.jpg"},"_links":{"self":[{"href":"https:\/\/www.ifun.de\/apiv2\/wp\/v2\/posts\/153879","targetHints":{"allow":["GET"]}}],"collection":[{"href":"https:\/\/www.ifun.de\/apiv2\/wp\/v2\/posts"}],"about":[{"href":"https:\/\/www.ifun.de\/apiv2\/wp\/v2\/types\/post"}],"author":[{"embeddable":true,"href":"https:\/\/www.ifun.de\/apiv2\/wp\/v2\/users\/1"}],"replies":[{"embeddable":true,"href":"https:\/\/www.ifun.de\/apiv2\/wp\/v2\/comments?post=153879"}],"version-history":[{"count":5,"href":"https:\/\/www.ifun.de\/apiv2\/wp\/v2\/posts\/153879\/revisions"}],"predecessor-version":[{"id":153991,"href":"https:\/\/www.ifun.de\/apiv2\/wp\/v2\/posts\/153879\/revisions\/153991"}],"wp:featuredmedia":[{"embeddable":true,"href":"https:\/\/www.ifun.de\/apiv2\/wp\/v2\/media\/153882"}],"wp:attachment":[{"href":"https:\/\/www.ifun.de\/apiv2\/wp\/v2\/media?parent=153879"}],"wp:term":[{"taxonomy":"category","embeddable":true,"href":"https:\/\/www.ifun.de\/apiv2\/wp\/v2\/categories?post=153879"},{"taxonomy":"post_tag","embeddable":true,"href":"https:\/\/www.ifun.de\/apiv2\/wp\/v2\/tags?post=153879"}],"curies":[{"name":"wp","href":"https:\/\/api.w.org\/{rel}","templated":true}]}}