{"id":153713,"date":"2020-05-10T09:45:49","date_gmt":"2020-05-10T07:45:49","guid":{"rendered":"https:\/\/www.ifun.de\/?p=153713"},"modified":"2020-05-10T09:45:49","modified_gmt":"2020-05-10T07:45:49","slug":"apple-stores-weitere-oeffnungen-in-schweiz-und-usa","status":"publish","type":"post","link":"https:\/\/www.ifun.de\/apple-stores-weitere-oeffnungen-in-schweiz-und-usa-153713\/","title":{"rendered":"Apple Stores: Weitere \u00d6ffnungen in Schweiz und USA"},"content":{"rendered":"<p>Die <a href=\"https:\/\/www.apple.com\/de\/retail\/\">15 Apple Stores in Deutschland<\/a> \u00f6ffnen <a href=\"https:\/\/www.ifun.de\/deutsche-apple-stores-oeffnen-ab-montag-wieder-153688\/\" title=\"Deutsche Apple Stores \u00f6ffnen ab Montag wieder\">wie berichtet<\/a> von Montag, 11. Mai an wieder ihre T\u00fcren. Einen Tag sp\u00e4ter ist nun auch die Schweiz an der Reihe. Die <a href=\"https:\/\/www.apple.com\/chde\/retail\/\">vier Apple-Ladengesch\u00e4fte dort<\/a> werden von Dienstag an wieder Besucher empfangen. Allerdings ebenfalls mit eingeschr\u00e4nkten \u00d6ffnungszeiten und strengen Auflagen.<\/p>\n<p><a href=\"https:\/\/images.ifun.de\/wp-content\/uploads\/2015\/02\/genius-bar-500.jpg\"><img loading=\"lazy\" decoding=\"async\" src=\"https:\/\/images.ifun.de\/wp-content\/uploads\/2015\/02\/genius-bar-500.jpg\" alt=\"\" width=\"500\" height=\"335\" class=\"alignnone size-full wp-image-73545\" srcset=\"https:\/\/images.ifun.de\/wp-content\/uploads\/2015\/02\/genius-bar-500.jpg 500w, https:\/\/images.ifun.de\/wp-content\/uploads\/2015\/02\/genius-bar-500-300x201.jpg 300w\" sizes=\"auto, (max-width: 500px) 100vw, 500px\" \/><\/a><\/p>\n<p>Die Apple Stores in der Schweiz werden dann jeweils von 11 bis 18 Uhr f\u00fcr Besucher offen stehen. In Deutschland haben die Apple-Gesch\u00e4fte von Montag an jeweils von 11 bis 19 Uhr ge\u00f6ffnet. Die einzige Apple-Filiale in \u00d6sterreich in der K\u00e4rntner Stra\u00dfe in Wien hat bereits eine Woche zuvor wieder, ebenfalls mit eingeschr\u00e4nkten Gesch\u00e4ftszeiten ge\u00f6ffnet.<\/p>\n<p>Einen Besuch vor Ort solltet ihr euch &#8211; insbesondere wenn ihr eine l\u00e4ngere Anfahrt habt &#8211; vermutlich gut \u00fcberlegen. Durch die erweiterten Hygienema\u00dfnahmen wird die Kapazit\u00e4t der Gesch\u00e4fte massiv eingeschr\u00e4nkt, dies k\u00f6nnte sich in langen Wartezeiten niederschlagen.<\/p>\n<p>Apple beginnt in der kommenden Woche auch damit, die ersten Apple Stores in den USA wieder zu \u00f6ffnen. Auch hier allerdings nur mit massiv eingeschr\u00e4nkten Kapazit\u00e4ten.<\/p>\n<p>Apple hat seine Ladengesch\u00e4fte au\u00dferhalb Chinas aufgrund der Corona-Situation <a href=\"https:\/\/www.iphone-ticker.de\/gechlossene-apple-stores-apple-antworten-auf-die-wichtigsten-fragen-154871\/\" title=\"Mitte M\u00e4rz\">Mitte M\u00e4rz<\/a> geschlossen. Nach rund zwei Monaten zeigen sich nun rund um den Globus erste Zeichen der Entspannung.<\/p>\n","protected":false},"excerpt":{"rendered":"<a href=\"https:\/\/www.ifun.de\/apple-stores-weitere-oeffnungen-in-schweiz-und-usa-153713\/\"><img decoding=\"async\" width=\"150\" src=\"https:\/\/images.ifun.de\/wp-content\/uploads\/2015\/02\/genius-bar-500.jpg\" class=\"alignright wp-post-image tfe\" alt=\"\" title=\"\" \/><\/a><p>Die 15 Apple Stores in Deutschland \u00f6ffnen wie berichtet von Montag, 11. Mai an wieder ihre T\u00fcren. Einen Tag sp\u00e4ter ist nun auch die Schweiz an der Reihe. Die vier Apple-Ladengesch\u00e4fte dort werden von Dienstag an wieder Besucher empfangen. Allerdings ebenfalls mit eingeschr\u00e4nkten \u00d6ffnungszeiten und strengen Auflagen. Die Apple Stores in der Schweiz werden dann [&hellip;]<\/p>\n","protected":false},"author":2,"featured_media":0,"comment_status":"open","ping_status":"closed","sticky":false,"template":"","format":"standard","meta":{"_acf_changed":false,"footnotes":""},"categories":[3],"tags":[49],"class_list":["post-153713","post","type-post","status-publish","format-standard","hentry","category-apple","tag-apple-store"],"acf":[],"aioseo_notices":[],"subheadline":["Die Lage entspannt sich"],"featured_image":["https:\/\/images.ifun.de\/wp-content\/uploads\/2016\/04\/apple-store-header-1.jpg"],"rest_api_enabler":{"subheadline":"Die Lage entspannt sich","featured_image":"https:\/\/images.ifun.de\/wp-content\/uploads\/2016\/04\/apple-store-header-1.jpg"},"_links":{"self":[{"href":"https:\/\/www.ifun.de\/apiv2\/wp\/v2\/posts\/153713","targetHints":{"allow":["GET"]}}],"collection":[{"href":"https:\/\/www.ifun.de\/apiv2\/wp\/v2\/posts"}],"about":[{"href":"https:\/\/www.ifun.de\/apiv2\/wp\/v2\/types\/post"}],"author":[{"embeddable":true,"href":"https:\/\/www.ifun.de\/apiv2\/wp\/v2\/users\/2"}],"replies":[{"embeddable":true,"href":"https:\/\/www.ifun.de\/apiv2\/wp\/v2\/comments?post=153713"}],"version-history":[{"count":3,"href":"https:\/\/www.ifun.de\/apiv2\/wp\/v2\/posts\/153713\/revisions"}],"predecessor-version":[{"id":153716,"href":"https:\/\/www.ifun.de\/apiv2\/wp\/v2\/posts\/153713\/revisions\/153716"}],"wp:attachment":[{"href":"https:\/\/www.ifun.de\/apiv2\/wp\/v2\/media?parent=153713"}],"wp:term":[{"taxonomy":"category","embeddable":true,"href":"https:\/\/www.ifun.de\/apiv2\/wp\/v2\/categories?post=153713"},{"taxonomy":"post_tag","embeddable":true,"href":"https:\/\/www.ifun.de\/apiv2\/wp\/v2\/tags?post=153713"}],"curies":[{"name":"wp","href":"https:\/\/api.w.org\/{rel}","templated":true}]}}