{"id":153404,"date":"2020-05-04T14:36:03","date_gmt":"2020-05-04T12:36:03","guid":{"rendered":"https:\/\/www.ifun.de\/?p=153404"},"modified":"2020-05-05T13:18:30","modified_gmt":"2020-05-05T11:18:30","slug":"macbook-pro-neues-13-model-debuetiert-mit-neuer-tastatur","status":"publish","type":"post","link":"https:\/\/www.ifun.de\/macbook-pro-neues-13-model-debuetiert-mit-neuer-tastatur-153404\/","title":{"rendered":"MacBook Pro: Neues 13&#8243;-Model deb\u00fctiert mit neuer Tastatur"},"content":{"rendered":"<p>173 Tage nach <a href=\"https:\/\/www.ifun.de\/?p=145956\">dem Marktstart<\/a> des 16-Zoll gro\u00dfen MacBook Pro, das die bis dahin erh\u00e4ltlichen 15-Zoll-Maschine abl\u00f6ste und 47 Tage nach <a href=\"https:\/\/www.ifun.de\/neues-macbook-air-mit-magic-keyboard-verfuegbar-151368\/\">der Pr\u00e4sentation<\/a> des ebenfalls runderneuerten MacBook Air, das sich vor zwei Monaten endlich auch von der fehleranf\u00e4lligen Tastatur verabschiedete, hat Apple jetzt auch das 13-Zoll-Modell des MacBook Pro \u00fcberarbeitet.<\/p>\n<ul>\n<li><b>Apple-Sonderseite<\/b>: <a href=\"https:\/\/www.apple.com\/de\/macbook-pro-13\/\">MacBook Pro &#8211; 13&#8243; Modell<\/a><\/li>\n<\/ul>\n<p>Herausragendes Merkmal ist &#8211; wie schon beim gro\u00dfen Bruder &#8211; die neue Tastatur. Das laut Apple umfassend \u00fcberarbeitete \u201eMagic Keyboard\u201c.<\/p>\n<p><a href=\"https:\/\/images.ifun.de\/wp-content\/uploads\/2020\/05\/Apple_macbook_pro-13-inch-magic-keyboard_screen_05042020.jpg\"><img loading=\"lazy\" decoding=\"async\" class=\"aligncenter size-large wp-image-153419\" src=\"https:\/\/images.ifun.de\/wp-content\/uploads\/2020\/05\/Apple_macbook_pro-13-inch-magic-keyboard_screen_05042020-700x451.jpg\" alt=\"Apple Macbook Pro 13 Inch Magic Keyboard Screen 05042020\" width=\"700\" height=\"451\" srcset=\"https:\/\/images.ifun.de\/wp-content\/uploads\/2020\/05\/Apple_macbook_pro-13-inch-magic-keyboard_screen_05042020-700x451.jpg 700w, https:\/\/images.ifun.de\/wp-content\/uploads\/2020\/05\/Apple_macbook_pro-13-inch-magic-keyboard_screen_05042020-500x322.jpg 500w, https:\/\/images.ifun.de\/wp-content\/uploads\/2020\/05\/Apple_macbook_pro-13-inch-magic-keyboard_screen_05042020-768x495.jpg 768w, https:\/\/images.ifun.de\/wp-content\/uploads\/2020\/05\/Apple_macbook_pro-13-inch-magic-keyboard_screen_05042020-1536x991.jpg 1536w, https:\/\/images.ifun.de\/wp-content\/uploads\/2020\/05\/Apple_macbook_pro-13-inch-magic-keyboard_screen_05042020.jpg 1960w\" sizes=\"auto, (max-width: 700px) 100vw, 700px\" \/><\/a><\/p>\n<p>Apple verspricht einen verbesserte Scherenmechanik, die einen Tastenhub von 1 mm und ein stabiles Tastengef\u00fchl bieten soll. Zudem soll eine von Apple \u201eRubber Dome\u201c genannte Technik den Tastendruck verbessern. Mit der physischen Escape-Taste erh\u00e4lt eine weitere, von vielen Nutzern geforderte Verbesserung Einzug. Alles Neuerungen, die das gro\u00dfe 16-Zoll Modell bereits etabliert hat und daf\u00fcr fast ausschlie\u00dflich positives Feedback erntete.<\/p>\n<p>Kritik ernteten hier lediglich vereinzelnd auftretende <a href=\"https:\/\/www.ifun.de\/audioprobleme-beim-macbook-pro-16-zoll-apple-will-zeitnah-nachbessern-147135\/\">Audio-Probleme<\/a> und die nicht immer korrekte <a href=\"https:\/\/www.ifun.de\/macbook-pro-16-zoll-nutzer-klagen-ueber-luefter-und-grafikprobleme-149433\/\">L\u00fcftersteuerung<\/a>.<\/p>\n<h2>Basisversion ab 1.499 Euro<\/h2>\n<p>Zur\u00fcck zum 13-Zoll-Modell dieses startet in Deutschland ab 1.499 Euro in den Markt und kommt in der Basisausstattung mit 256GB.<\/p>\n<blockquote><p>Kunden lieben die superschnellen SSDs auf dem MacBook Pro mit sequentiellen Lesegeschwindigkeiten von bis zu 3,0 GB\/s. Das 13&#8243; MacBook Pro bietet jetzt doppelt so viel Speicherplatz wie die Vorg\u00e4ngergeneration, wobei der Standardspeicher bei 256 GB beginnt und bis zu 1 TB reicht, sodass Nutzer noch mehr Fotos, Videos und Dateien speichern k\u00f6nnen. Und f\u00fcr Profi-Anwender, die noch mehr Speicherkapazit\u00e4t f\u00fcr gro\u00dfe Fotobibliotheken und Videoprojekte ben\u00f6tigen, bietet das 13&#8243; MacBook Pro jetzt bis zu 4 TB SSD.<\/p><\/blockquote>\n<p>&nbsp;<\/p>\n<p>Die 13&#8243; Modelle des MacBook Pro bieten jetzt Quad-Core Intel Core Prozessoren der 10. Generation mit Turbo-Boost-Geschwindigkeiten von bis zu 4,1 GHz. Anwender, die von einem 13&#8243; MacBook Pro mit Dual Core-Prozessor aufr\u00fcsten, sollen eine bis zu 2,8 Mal schnellere Leistung feststellen.<\/p>\n<p><a href=\"https:\/\/images.ifun.de\/wp-content\/uploads\/2020\/05\/preise-macbook-pro-13.jpg\"><img loading=\"lazy\" decoding=\"async\" class=\"aligncenter size-large wp-image-153427\" src=\"https:\/\/images.ifun.de\/wp-content\/uploads\/2020\/05\/preise-macbook-pro-13-700x484.jpg\" alt=\"Preise Macbook Pro 13\" width=\"700\" height=\"484\" srcset=\"https:\/\/images.ifun.de\/wp-content\/uploads\/2020\/05\/preise-macbook-pro-13-700x484.jpg 700w, https:\/\/images.ifun.de\/wp-content\/uploads\/2020\/05\/preise-macbook-pro-13-500x346.jpg 500w, https:\/\/images.ifun.de\/wp-content\/uploads\/2020\/05\/preise-macbook-pro-13-768x531.jpg 768w, https:\/\/images.ifun.de\/wp-content\/uploads\/2020\/05\/preise-macbook-pro-13-1536x1062.jpg 1536w, https:\/\/images.ifun.de\/wp-content\/uploads\/2020\/05\/preise-macbook-pro-13.jpg 2027w\" sizes=\"auto, (max-width: 700px) 100vw, 700px\" \/><\/a><\/p>\n<p>Die neuen Ger\u00e4te lassen sich ab sofort konfigurieren und sollen alle bis auf das Top-Modell zwischen dem 7. Mai und dem 8. Mai geliefert werden. Das Modell mit 2,0 GHz Quad\u2011Core Prozessor und 1 TB Speicherplatz soll allerdings erst ab 13. Mai eintreffen.<\/p>\n<h2>Mac Book Pro 16&#8243; &#8211; Ein halbes Jahr am Markt<\/h2>\n<p>Potentiell interessierten Nutzern legen wir folgende Infos zum 16-Zoll-MacBook Pro ans Herz, die euch einen guten \u00dcberblick auf die ersten Erfahrungen geben, die mit der neuen Hardware-Generation gesammelt wurden.<\/p>\n<ul>\n<li><a title=\"MacBook Pro 16\u2033: Technische Details und erste Videos\" href=\"https:\/\/www.ifun.de\/macbook-pro-16-technische-details-und-erste-videos-145976\/\">Technische Details und erste Videos<\/a><\/li>\n<li><a title=\"Apple zum MacBook Pro 16\u2033: Neue Tastatur \u201enur f\u00fcr Pro-Notebooks\u201c\" href=\"https:\/\/www.ifun.de\/apple-zum-macbook-pro-16-neue-tastatur-nur-fuer-pro-notebooks-146001\/\">Neue Tastatur \u201enur f\u00fcr Pro-Notebooks\u201c<\/a><\/li>\n<li><a title=\"MacBook Pro 16\u2033: Tastatur erweist sich als deutlich robuster\" href=\"https:\/\/www.ifun.de\/macbook-pro-16-tastatur-erweist-sich-als-deutlich-robuster-146113\/\">Tastatur erweist sich als deutlich robuster<\/a><\/li>\n<li><a title=\"MacBook Pro 16-Zoll mit verbesserter \u201eAufgeklappt-Erkennung\u201c\" href=\"https:\/\/www.ifun.de\/macbook-pro-16-zoll-mit-verbesserter-aufgeklappt-erkennung-146229\/\">Verbesserte \u201eAufgeklappt-Erkennung\u201c<\/a><\/li>\n<li><a title=\"Erfahrungsbericht MacBook Pro 16-Zoll: Endlich wieder ein Pro-Notebook von Apple\" href=\"https:\/\/www.ifun.de\/erfahrungsbericht-macbook-pro-16-zoll-endlich-wieder-ein-pro-notebook-von-apple-146516\/\">ifun.de Erfahrungsbericht MacBook Pro 16-Zoll<\/a><\/li>\n<li><a title=\"MacBook Pro 16\u2033: Apples \u201eleises Tipperlebnis\u201c im schalltoten Raum\" href=\"https:\/\/www.ifun.de\/macbook-pro-16-apples-leises-tipperlebnis-im-schalltoten-raum-146579\/\">Apples \u201eleises Tipperlebnis\u201c im schalltoten Raum<\/a><\/li>\n<\/ul>\n","protected":false},"excerpt":{"rendered":"<a href=\"https:\/\/www.ifun.de\/macbook-pro-neues-13-model-debuetiert-mit-neuer-tastatur-153404\/\"><img width=\"150\" height=\"150\" src=\"https:\/\/images.ifun.de\/wp-content\/uploads\/2020\/05\/Apple_macbook_pro-13-inch-magic-keyboard_screen_05042020-150x150.jpg\" class=\"alignright tfe wp-post-image\" alt=\"Apple Macbook Pro 13 Inch Magic Keyboard Screen 05042020\" decoding=\"async\" loading=\"lazy\" \/><\/a><p>173 Tage nach dem Marktstart des 16-Zoll gro\u00dfen MacBook Pro, das die bis dahin erh\u00e4ltlichen 15-Zoll-Maschine abl\u00f6ste und 47 Tage nach der Pr\u00e4sentation des ebenfalls runderneuerten MacBook Air, das sich vor zwei Monaten endlich auch von der fehleranf\u00e4lligen Tastatur verabschiedete, hat Apple jetzt auch das 13-Zoll-Modell des MacBook Pro \u00fcberarbeitet. Apple-Sonderseite: MacBook Pro &#8211; 13&#8243; [&hellip;]<\/p>\n","protected":false},"author":1,"featured_media":153419,"comment_status":"open","ping_status":"closed","sticky":false,"template":"","format":"standard","meta":{"_acf_changed":false,"footnotes":""},"categories":[1,1783],"tags":[224],"class_list":["post-153404","post","type-post","status-publish","format-standard","has-post-thumbnail","hentry","category-news","category-feature","tag-macbook-pro"],"acf":[],"aioseo_notices":[],"featured_image":["https:\/\/images.ifun.de\/wp-content\/uploads\/2020\/05\/macbook-pro-13.jpg"],"subheadline":["Escape-Taste, Touch Bar und Touch ID"],"rest_api_enabler":{"featured_image":"https:\/\/images.ifun.de\/wp-content\/uploads\/2020\/05\/macbook-pro-13.jpg","subheadline":"Escape-Taste, Touch Bar und Touch ID"},"_links":{"self":[{"href":"https:\/\/www.ifun.de\/apiv2\/wp\/v2\/posts\/153404","targetHints":{"allow":["GET"]}}],"collection":[{"href":"https:\/\/www.ifun.de\/apiv2\/wp\/v2\/posts"}],"about":[{"href":"https:\/\/www.ifun.de\/apiv2\/wp\/v2\/types\/post"}],"author":[{"embeddable":true,"href":"https:\/\/www.ifun.de\/apiv2\/wp\/v2\/users\/1"}],"replies":[{"embeddable":true,"href":"https:\/\/www.ifun.de\/apiv2\/wp\/v2\/comments?post=153404"}],"version-history":[{"count":15,"href":"https:\/\/www.ifun.de\/apiv2\/wp\/v2\/posts\/153404\/revisions"}],"predecessor-version":[{"id":153487,"href":"https:\/\/www.ifun.de\/apiv2\/wp\/v2\/posts\/153404\/revisions\/153487"}],"wp:featuredmedia":[{"embeddable":true,"href":"https:\/\/www.ifun.de\/apiv2\/wp\/v2\/media\/153419"}],"wp:attachment":[{"href":"https:\/\/www.ifun.de\/apiv2\/wp\/v2\/media?parent=153404"}],"wp:term":[{"taxonomy":"category","embeddable":true,"href":"https:\/\/www.ifun.de\/apiv2\/wp\/v2\/categories?post=153404"},{"taxonomy":"post_tag","embeddable":true,"href":"https:\/\/www.ifun.de\/apiv2\/wp\/v2\/tags?post=153404"}],"curies":[{"name":"wp","href":"https:\/\/api.w.org\/{rel}","templated":true}]}}