{"id":152078,"date":"2020-04-01T15:28:58","date_gmt":"2020-04-01T13:28:58","guid":{"rendered":"https:\/\/www.ifun.de\/?p=152078"},"modified":"2020-04-02T06:29:10","modified_gmt":"2020-04-02T04:29:10","slug":"macos-catalina-10-15-4-abstuerze-im-ruhezustand-wegen-power-nap","status":"publish","type":"post","link":"https:\/\/www.ifun.de\/macos-catalina-10-15-4-abstuerze-im-ruhezustand-wegen-power-nap-152078\/","title":{"rendered":"macOS Catalina 10.15.4: Abst\u00fcrze im Ruhezustand wegen &#8222;Power Nap&#8220;?"},"content":{"rendered":"<p>Ein kleines Update zu unserem gestrigen Bericht \u00fcber <a href=\"https:\/\/www.ifun.de\/zu-viele-fehler-macos-catalina-10-15-4-laeuft-nicht-rund-151984\/\">Probleme mit macOS Catalina 10.15.4<\/a>. Wir hatten ja schon angedeutet, dass die Abst\u00fcrze im Ruhezustand zumindest teilweise im Zusammenhang mit angeschlossenen Peripherie-Ger\u00e4ten stehen. Mittlerweile haben wir vermehrt Hinweise dahingehend erhalten, dass insbesondere auch der Anschluss an die Stromversorgung eine Rolle spielen kann.<\/p>\n<p>Betroffene Nutzer k\u00f6nnen ihr Gl\u00fcck damit versuchen, bei angeschlossenem Netzteil auf die Funktion \u201ePower Nap\u201c zu verzichten. \u201ePower Nap\u201c sorgt daf\u00fcr, dass bei angeschlossenem Netzteil beispielsweise Backups erstellt oder neue E-Mails abgefragt werden.<\/p>\n<p><a href=\"https:\/\/images.ifun.de\/wp-content\/uploads\/2020\/04\/macos-catalina-power-nap-abschalten.jpg\"><img loading=\"lazy\" decoding=\"async\" src=\"https:\/\/images.ifun.de\/wp-content\/uploads\/2020\/04\/macos-catalina-power-nap-abschalten-700x463.jpg\" alt=\"Macos Catalina Power Nap Abschalten\" width=\"700\" height=\"463\" class=\"alignnone size-large wp-image-152082\" srcset=\"https:\/\/images.ifun.de\/wp-content\/uploads\/2020\/04\/macos-catalina-power-nap-abschalten-700x463.jpg 700w, https:\/\/images.ifun.de\/wp-content\/uploads\/2020\/04\/macos-catalina-power-nap-abschalten-500x331.jpg 500w, https:\/\/images.ifun.de\/wp-content\/uploads\/2020\/04\/macos-catalina-power-nap-abschalten-768x508.jpg 768w, https:\/\/images.ifun.de\/wp-content\/uploads\/2020\/04\/macos-catalina-power-nap-abschalten.jpg 1200w\" sizes=\"auto, (max-width: 700px) 100vw, 700px\" \/><\/a><\/p>\n<p>Die Funktion &#8222;Power Nap&#8220; l\u00e4sst sich in den Systemeinstellungen \u201eEnergie sparen\u201c deaktivieren. <\/p>\n<h2>macOS Catalina: USB-C-Anschl\u00fcsse pl\u00f6tzlich tot<\/h2>\n<p>Was wir gestern nicht erw\u00e4hnt hatten, in Folge unseres Artikels aber \u00f6fter erw\u00e4hnt wurde, sind Probleme mit den USB-C-Anschl\u00fcssen an Apple-Notebooks. Etliche Leser berichten, dass nach dem Update auf macOS Catalina 10.15.4 einzelne Anschl\u00fcsse den Geist aufgegeben haben. Es bleibt also <a href=\"https:\/\/www.ifun.de\/apple-verteilt-neue-betas-hoffen-auf-schnelle-fehlerbehebungen-152038\/\">wie gesagt<\/a> zu hoffen, dass Apple hier schnellstm\u00f6glich per Update nachbessert.<\/p>\n","protected":false},"excerpt":{"rendered":"<a href=\"https:\/\/www.ifun.de\/macos-catalina-10-15-4-abstuerze-im-ruhezustand-wegen-power-nap-152078\/\"><img width=\"150\" height=\"150\" src=\"https:\/\/images.ifun.de\/wp-content\/uploads\/2020\/04\/macos-catalina-power-nap-abschalten-150x150.jpg\" class=\"alignright tfe wp-post-image\" alt=\"Macos Catalina Power Nap Abschalten\" decoding=\"async\" loading=\"lazy\" \/><\/a><p>Ein kleines Update zu unserem gestrigen Bericht \u00fcber Probleme mit macOS Catalina 10.15.4. Wir hatten ja schon angedeutet, dass die Abst\u00fcrze im Ruhezustand zumindest teilweise im Zusammenhang mit angeschlossenen Peripherie-Ger\u00e4ten stehen. Mittlerweile haben wir vermehrt Hinweise dahingehend erhalten, dass insbesondere auch der Anschluss an die Stromversorgung eine Rolle spielen kann. Betroffene Nutzer k\u00f6nnen ihr Gl\u00fcck [&hellip;]<\/p>\n","protected":false},"author":2,"featured_media":152082,"comment_status":"open","ping_status":"closed","sticky":false,"template":"","format":"standard","meta":{"_acf_changed":false,"footnotes":""},"categories":[16,1783],"tags":[931,473,4879,1254],"class_list":["post-152078","post","type-post","status-publish","format-standard","has-post-thumbnail","hentry","category-mac","category-feature","tag-absturz","tag-fehler","tag-macos-catalina-10-15-4","tag-power-nap"],"acf":[],"aioseo_notices":[],"subheadline":["Auch USB-Anschl\u00fcsse fallen teils aus"],"featured_image":["https:\/\/images.ifun.de\/wp-content\/uploads\/2019\/09\/macos-catalina.jpg"],"rest_api_enabler":{"subheadline":"Auch USB-Anschl\u00fcsse fallen teils aus","featured_image":"https:\/\/images.ifun.de\/wp-content\/uploads\/2019\/09\/macos-catalina.jpg"},"_links":{"self":[{"href":"https:\/\/www.ifun.de\/apiv2\/wp\/v2\/posts\/152078","targetHints":{"allow":["GET"]}}],"collection":[{"href":"https:\/\/www.ifun.de\/apiv2\/wp\/v2\/posts"}],"about":[{"href":"https:\/\/www.ifun.de\/apiv2\/wp\/v2\/types\/post"}],"author":[{"embeddable":true,"href":"https:\/\/www.ifun.de\/apiv2\/wp\/v2\/users\/2"}],"replies":[{"embeddable":true,"href":"https:\/\/www.ifun.de\/apiv2\/wp\/v2\/comments?post=152078"}],"version-history":[{"count":5,"href":"https:\/\/www.ifun.de\/apiv2\/wp\/v2\/posts\/152078\/revisions"}],"predecessor-version":[{"id":152084,"href":"https:\/\/www.ifun.de\/apiv2\/wp\/v2\/posts\/152078\/revisions\/152084"}],"wp:featuredmedia":[{"embeddable":true,"href":"https:\/\/www.ifun.de\/apiv2\/wp\/v2\/media\/152082"}],"wp:attachment":[{"href":"https:\/\/www.ifun.de\/apiv2\/wp\/v2\/media?parent=152078"}],"wp:term":[{"taxonomy":"category","embeddable":true,"href":"https:\/\/www.ifun.de\/apiv2\/wp\/v2\/categories?post=152078"},{"taxonomy":"post_tag","embeddable":true,"href":"https:\/\/www.ifun.de\/apiv2\/wp\/v2\/tags?post=152078"}],"curies":[{"name":"wp","href":"https:\/\/api.w.org\/{rel}","templated":true}]}}