{"id":151625,"date":"2020-03-23T17:44:58","date_gmt":"2020-03-23T16:44:58","guid":{"rendered":"https:\/\/www.ifun.de\/?p=151625"},"modified":"2020-03-23T17:46:59","modified_gmt":"2020-03-23T16:46:59","slug":"lautstaerke-und-helligkeit-slimhud-bringt-schlanke-balken-auf-den-mac","status":"publish","type":"post","link":"https:\/\/www.ifun.de\/lautstaerke-und-helligkeit-slimhud-bringt-schlanke-balken-auf-den-mac-151625\/","title":{"rendered":"Lautst\u00e4rke und Helligkeit: SlimHUD bringt schlanke Balken auf den Mac"},"content":{"rendered":"<p>Mit der Ausgabe von iOS 13 hat Apple im vergangenen Herbst unter anderem die auf dem Display eingeblendete <a href=\"https:\/\/www.iphone-ticker.de\/endlich-ios-13-fuehrt-neue-lautstaerke-anzeige-ein-142107\/\">Lautst\u00e4rke-Anzeige \u00fcberarbeitet<\/a>. Statt das komplette Display zu \u00fcberlagern, taucht diese nun dezent am linken Displayrand auf. <\/p>\n<p><a href=\"https:\/\/images.ifun.de\/wp-content\/uploads\/2020\/03\/slimhud.jpg\"><img loading=\"lazy\" decoding=\"async\" src=\"https:\/\/images.ifun.de\/wp-content\/uploads\/2020\/03\/slimhud-500x500.jpg\" alt=\"Slimhud\" width=\"500\" height=\"500\" class=\"aligncenter size-medium wp-image-151627\" srcset=\"https:\/\/images.ifun.de\/wp-content\/uploads\/2020\/03\/slimhud-500x500.jpg 500w, https:\/\/images.ifun.de\/wp-content\/uploads\/2020\/03\/slimhud-700x700.jpg 700w, https:\/\/images.ifun.de\/wp-content\/uploads\/2020\/03\/slimhud-150x150.jpg 150w, https:\/\/images.ifun.de\/wp-content\/uploads\/2020\/03\/slimhud-768x768.jpg 768w, https:\/\/images.ifun.de\/wp-content\/uploads\/2020\/03\/slimhud.jpg 930w\" sizes=\"auto, (max-width: 500px) 100vw, 500px\" \/><\/a><\/p>\n<p>Zudem l\u00e4sst sich die Lautst\u00e4rkeanzeige nun auch als Regler nutzen und <a href=\"https:\/\/www.iphone-ticker.de\/ios-13-lautstaerkeregler-mit-dem-finger-ziehen-148896\/\">durch Ziehen anpassen<\/a>. Neuerungen, von denen der Mac bislang nichts mitbekommen hat. Hier sorgt der Druck auf die entsprechende Funktionstaste nach wie vor f\u00fcr eine unten mittig auf dem Monitor zentrierten Grafik, die den aktuellen Pegel mit einem Balken visualisiert. <\/p>\n<p>Dies bringt uns zur <a href=\"https:\/\/github.com\/AlexPerathoner\/SlimHUD\">Mini-App SlimHUD<\/a> des Italieners Alex Perathoner. SlimHUD ist eine Freeware-Anwendung, die den Mac um eine alternative Balken-Anzeige bereichert. Ebenfalls deutlich schlanker, wahlweise am linken Bildschirm-Rand, am rechten, oben oder unten.<\/p>\n<p>Ein ganz nettes Projekt, das jedoch nur dann wirklich punktet, wenn ihr euch der Standard-Anzeige des Mac-Betriebssystems entledigt. Dies w\u00fcrden wir nicht empfehlen, verlinken aber dennoch auf <a href=\"https:\/\/github.com\/AlexPerathoner\/SlimHUD#installation\">die Schritt f\u00fcr Schritt-Anleitung<\/a>, die Perathoner in unter der Kurzbeschreibung seiner App ver\u00f6ffentlicht hat. <\/p>\n<p><a href=\"https:\/\/images.ifun.de\/wp-content\/uploads\/2020\/03\/slimhud-demo-middle.jpg\"><img loading=\"lazy\" decoding=\"async\" src=\"https:\/\/images.ifun.de\/wp-content\/uploads\/2020\/03\/slimhud-demo-middle-700x438.jpg\" alt=\"Slimhud Demo Middle\" width=\"700\" height=\"438\" class=\"aligncenter size-large wp-image-151628\" srcset=\"https:\/\/images.ifun.de\/wp-content\/uploads\/2020\/03\/slimhud-demo-middle-700x438.jpg 700w, https:\/\/images.ifun.de\/wp-content\/uploads\/2020\/03\/slimhud-demo-middle-500x313.jpg 500w, https:\/\/images.ifun.de\/wp-content\/uploads\/2020\/03\/slimhud-demo-middle-768x480.jpg 768w, https:\/\/images.ifun.de\/wp-content\/uploads\/2020\/03\/slimhud-demo-middle-1536x960.jpg 1536w, https:\/\/images.ifun.de\/wp-content\/uploads\/2020\/03\/slimhud-demo-middle.jpg 2000w\" sizes=\"auto, (max-width: 700px) 100vw, 700px\" \/><\/a><\/p>\n","protected":false},"excerpt":{"rendered":"<a href=\"https:\/\/www.ifun.de\/lautstaerke-und-helligkeit-slimhud-bringt-schlanke-balken-auf-den-mac-151625\/\"><img width=\"150\" height=\"150\" src=\"https:\/\/images.ifun.de\/wp-content\/uploads\/2020\/03\/slimhud-demo-middle-150x150.jpg\" class=\"alignright tfe wp-post-image\" alt=\"Slimhud Demo Middle\" decoding=\"async\" loading=\"lazy\" \/><\/a><p>Mit der Ausgabe von iOS 13 hat Apple im vergangenen Herbst unter anderem die auf dem Display eingeblendete Lautst\u00e4rke-Anzeige \u00fcberarbeitet. Statt das komplette Display zu \u00fcberlagern, taucht diese nun dezent am linken Displayrand auf. Zudem l\u00e4sst sich die Lautst\u00e4rkeanzeige nun auch als Regler nutzen und durch Ziehen anpassen. Neuerungen, von denen der Mac bislang nichts [&hellip;]<\/p>\n","protected":false},"author":1,"featured_media":151628,"comment_status":"open","ping_status":"closed","sticky":false,"template":"","format":"standard","meta":{"_acf_changed":false,"footnotes":""},"categories":[5],"tags":[4737,250,1891,6321],"class_list":["post-151625","post","type-post","status-publish","format-standard","has-post-thumbnail","hentry","category-apps","tag-apps","tag-design","tag-lautstaerke","tag-mac"],"acf":[],"aioseo_notices":[],"subheadline":["iOS 13 als Inspiration"],"featured_image":["https:\/\/images.ifun.de\/wp-content\/uploads\/2020\/03\/slimhud-center-feature.jpg"],"rest_api_enabler":{"subheadline":"iOS 13 als Inspiration","featured_image":"https:\/\/images.ifun.de\/wp-content\/uploads\/2020\/03\/slimhud-center-feature.jpg"},"_links":{"self":[{"href":"https:\/\/www.ifun.de\/apiv2\/wp\/v2\/posts\/151625","targetHints":{"allow":["GET"]}}],"collection":[{"href":"https:\/\/www.ifun.de\/apiv2\/wp\/v2\/posts"}],"about":[{"href":"https:\/\/www.ifun.de\/apiv2\/wp\/v2\/types\/post"}],"author":[{"embeddable":true,"href":"https:\/\/www.ifun.de\/apiv2\/wp\/v2\/users\/1"}],"replies":[{"embeddable":true,"href":"https:\/\/www.ifun.de\/apiv2\/wp\/v2\/comments?post=151625"}],"version-history":[{"count":1,"href":"https:\/\/www.ifun.de\/apiv2\/wp\/v2\/posts\/151625\/revisions"}],"predecessor-version":[{"id":151629,"href":"https:\/\/www.ifun.de\/apiv2\/wp\/v2\/posts\/151625\/revisions\/151629"}],"wp:featuredmedia":[{"embeddable":true,"href":"https:\/\/www.ifun.de\/apiv2\/wp\/v2\/media\/151628"}],"wp:attachment":[{"href":"https:\/\/www.ifun.de\/apiv2\/wp\/v2\/media?parent=151625"}],"wp:term":[{"taxonomy":"category","embeddable":true,"href":"https:\/\/www.ifun.de\/apiv2\/wp\/v2\/categories?post=151625"},{"taxonomy":"post_tag","embeddable":true,"href":"https:\/\/www.ifun.de\/apiv2\/wp\/v2\/tags?post=151625"}],"curies":[{"name":"wp","href":"https:\/\/api.w.org\/{rel}","templated":true}]}}