{"id":151236,"date":"2020-03-16T14:22:51","date_gmt":"2020-03-16T13:22:51","guid":{"rendered":"https:\/\/www.ifun.de\/?p=151236"},"modified":"2020-03-16T14:29:50","modified_gmt":"2020-03-16T13:29:50","slug":"preisabsprachen-apple-muss-in-frankreich-11-milliarden-euro-zahlen","status":"publish","type":"post","link":"https:\/\/www.ifun.de\/preisabsprachen-apple-muss-in-frankreich-11-milliarden-euro-zahlen-151236\/","title":{"rendered":"Preisabsprachen: Apple muss in Frankreich 1,1 Milliarden Euro zahlen"},"content":{"rendered":"<p>Franz\u00f6sische Wettbewerbsh\u00fcter haben Apple wegen Preisabsprachen eine Strafzahlung in H\u00f6he von 1,1 Milliarden Euro auferlegt. Apple wurde f\u00fcr schuldig befunden, gemeinsam mit den Gro\u00dfh\u00e4ndlern Tech Data und Ingram Micro durch entsprechende Ma\u00dfnahmen eine freie Konkurrenz auf dem Markt verhindert zu haben.<\/p>\n<p>Die von Apple gemeinsam mit Tech Data und Ingram Micro getroffenen Absprachen h\u00e4tten einen fairen Wettbewerb und damit verbunden auch Werbeaktionen wie Preissenkungen effektiv unterbunden. Apple habe zudem die wirtschaftliche Abh\u00e4ngigkeit seiner Premium-Vertriebspartner missbraucht und diese ungerechten und ung\u00fcnstigen Gesch\u00e4ftsbedingungen unterworfen.<\/p>\n<p><a href=\"https:\/\/images.ifun.de\/wp-content\/uploads\/2020\/03\/frankreich-strafe-gegen-apple.jpg\"><img loading=\"lazy\" decoding=\"async\" src=\"https:\/\/images.ifun.de\/wp-content\/uploads\/2020\/03\/frankreich-strafe-gegen-apple-700x382.jpg\" alt=\"Frankreich Strafe Gegen Apple\" width=\"700\" height=\"382\" class=\"alignnone size-large wp-image-151241\" srcset=\"https:\/\/images.ifun.de\/wp-content\/uploads\/2020\/03\/frankreich-strafe-gegen-apple-700x382.jpg 700w, https:\/\/images.ifun.de\/wp-content\/uploads\/2020\/03\/frankreich-strafe-gegen-apple-500x273.jpg 500w, https:\/\/images.ifun.de\/wp-content\/uploads\/2020\/03\/frankreich-strafe-gegen-apple-768x419.jpg 768w, https:\/\/images.ifun.de\/wp-content\/uploads\/2020\/03\/frankreich-strafe-gegen-apple.jpg 1200w\" sizes=\"auto, (max-width: 700px) 100vw, 700px\" \/><\/a><\/p>\n<h6>Bild: <a href=\"https:\/\/www.autoritedelaconcurrence.fr\/fr\/article\/apple-tech-data-et-ingram-micro-sanctionnes\"> Autorit\u00e9 de la concurrence <\/a><\/h6>\n<p>Das Unternehmen habe die Praktiken \u00fcber sein gesamtes Ger\u00e4teportfolio mit Ausnahme des iPhone angewandt und in Absprache mit den Gro\u00dfh\u00e4ndern daf\u00fcr gesorgt, dass Produkte wie beispielsweise das iPad \u00fcber alle Vertriebskan\u00e4le hinweg den gleichen Preis haben. Das Verfahren geht zur\u00fcck auf eine Klage aus dem Jahr 2012.<\/p>\n<p>Die franz\u00f6sische Wettbewerbsbeh\u00f6rde begr\u00fcndet die au\u00dfergew\u00f6hnliche H\u00f6he der Strafe mit den besonders starken Auswirkungen der Absprachen auf den Wettbewerb beim Vertrieb von Apple-Produkten \u00fcber Apples Premium-Partner. Es handle sich dabei gleicherma\u00dfen um die h\u00f6chste, jemals in einem solchen Fall verh\u00e4ngte Strafe als auch die h\u00f6chste Einzelsanktion gegen einen Wirtschaftsteilnehmer. Die Einzelstrafe gegen Apple in H\u00f6he von 1,1 Milliarden Euro ber\u00fccksichtige die besondere Dimension des Unternehmens. Tech Data und Ingram Micro wurden zu 76,1 bzw. 62,9 Millionen Euro verurteilt, die Gesamtstrafe bel\u00e4uft sich somit auf rund 1,24 Milliarden Euro.<\/p>\n","protected":false},"excerpt":{"rendered":"<a href=\"https:\/\/www.ifun.de\/preisabsprachen-apple-muss-in-frankreich-11-milliarden-euro-zahlen-151236\/\"><img width=\"150\" height=\"150\" src=\"https:\/\/images.ifun.de\/wp-content\/uploads\/2020\/03\/frankreich-strafe-gegen-apple-150x150.jpg\" class=\"alignright tfe wp-post-image\" alt=\"Frankreich Strafe Gegen Apple\" decoding=\"async\" loading=\"lazy\" \/><\/a><p>Franz\u00f6sische Wettbewerbsh\u00fcter haben Apple wegen Preisabsprachen eine Strafzahlung in H\u00f6he von 1,1 Milliarden Euro auferlegt. Apple wurde f\u00fcr schuldig befunden, gemeinsam mit den Gro\u00dfh\u00e4ndlern Tech Data und Ingram Micro durch entsprechende Ma\u00dfnahmen eine freie Konkurrenz auf dem Markt verhindert zu haben. Die von Apple gemeinsam mit Tech Data und Ingram Micro getroffenen Absprachen h\u00e4tten einen [&hellip;]<\/p>\n","protected":false},"author":2,"featured_media":151241,"comment_status":"open","ping_status":"closed","sticky":false,"template":"","format":"standard","meta":{"_acf_changed":false,"footnotes":""},"categories":[3],"tags":[4736,1125,4872],"class_list":["post-151236","post","type-post","status-publish","format-standard","has-post-thumbnail","hentry","category-apple","tag-apple","tag-frankreich","tag-strafe"],"acf":[],"aioseo_notices":[],"subheadline":["Wettbewerbsh\u00fcter verh\u00e4ngen Rekordstrafe"],"featured_image":["https:\/\/images.ifun.de\/wp-content\/uploads\/2016\/04\/apple-logo-header-1.jpg"],"rest_api_enabler":{"subheadline":"Wettbewerbsh\u00fcter verh\u00e4ngen Rekordstrafe","featured_image":"https:\/\/images.ifun.de\/wp-content\/uploads\/2016\/04\/apple-logo-header-1.jpg"},"_links":{"self":[{"href":"https:\/\/www.ifun.de\/apiv2\/wp\/v2\/posts\/151236","targetHints":{"allow":["GET"]}}],"collection":[{"href":"https:\/\/www.ifun.de\/apiv2\/wp\/v2\/posts"}],"about":[{"href":"https:\/\/www.ifun.de\/apiv2\/wp\/v2\/types\/post"}],"author":[{"embeddable":true,"href":"https:\/\/www.ifun.de\/apiv2\/wp\/v2\/users\/2"}],"replies":[{"embeddable":true,"href":"https:\/\/www.ifun.de\/apiv2\/wp\/v2\/comments?post=151236"}],"version-history":[{"count":7,"href":"https:\/\/www.ifun.de\/apiv2\/wp\/v2\/posts\/151236\/revisions"}],"predecessor-version":[{"id":151244,"href":"https:\/\/www.ifun.de\/apiv2\/wp\/v2\/posts\/151236\/revisions\/151244"}],"wp:featuredmedia":[{"embeddable":true,"href":"https:\/\/www.ifun.de\/apiv2\/wp\/v2\/media\/151241"}],"wp:attachment":[{"href":"https:\/\/www.ifun.de\/apiv2\/wp\/v2\/media?parent=151236"}],"wp:term":[{"taxonomy":"category","embeddable":true,"href":"https:\/\/www.ifun.de\/apiv2\/wp\/v2\/categories?post=151236"},{"taxonomy":"post_tag","embeddable":true,"href":"https:\/\/www.ifun.de\/apiv2\/wp\/v2\/tags?post=151236"}],"curies":[{"name":"wp","href":"https:\/\/api.w.org\/{rel}","templated":true}]}}