{"id":150870,"date":"2020-03-09T07:52:14","date_gmt":"2020-03-09T06:52:14","guid":{"rendered":"https:\/\/www.ifun.de\/?p=150870"},"modified":"2020-03-13T17:27:22","modified_gmt":"2020-03-13T16:27:22","slug":"corona-tim-cook-raet-apple-mitarbeitern-zum-home-office","status":"publish","type":"post","link":"https:\/\/www.ifun.de\/corona-tim-cook-raet-apple-mitarbeitern-zum-home-office-150870\/","title":{"rendered":"Corona: Tim Cook r\u00e4t Apple-Mitarbeitern zum Home-Office"},"content":{"rendered":"<p>W\u00e4hrend Apple uns weiterhin im Unklaren dar\u00fcber l\u00e4sst, ob die Entwicklerkonferenz WWDC trotz der Corona-Epidemie in diesem Jahr stattfinden wird, verst\u00e4rkt das Unternehmen die internen Ma\u00dfnahmen gegen eine weitere Ausbreitung des Virus. In mehreren L\u00e4ndern, darunter auch Deutschland, k\u00f6nnen Apple-Mitarbeiter ihren Dienst nun auch von zuhause aus erledigen, sofern ihre T\u00e4tigkeit dies zul\u00e4sst.<\/p>\n<p><a href=\"https:\/\/images.ifun.de\/wp-content\/uploads\/2017\/01\/tim-cook-500.jpg\"><img loading=\"lazy\" decoding=\"async\" src=\"https:\/\/images.ifun.de\/wp-content\/uploads\/2017\/01\/tim-cook-500.jpg\" alt=\"Tim Cook 500\" width=\"500\" height=\"324\" class=\"alignnone size-full wp-image-102435\" srcset=\"https:\/\/images.ifun.de\/wp-content\/uploads\/2017\/01\/tim-cook-500.jpg 500w, https:\/\/images.ifun.de\/wp-content\/uploads\/2017\/01\/tim-cook-500-300x194.jpg 300w\" sizes=\"auto, (max-width: 500px) 100vw, 500px\" \/><\/a><\/p>\n<p>Einem Bericht des Wirtschaftsmagazins <a href=\"https:\/\/www.bloomberg.com\/news\/articles\/2020-03-08\/apple-s-cook-offers-work-from-home-this-week-to-most-staff\">Bloomberg<\/a> zufolge hat Apple-Chef Tim Cook in einem Rundschreiben an Mitarbeiter dar\u00fcber informiert, dass Mitarbeiter in diversen Apple-Niederlassungen rund um den Globus in dieser Woche, soweit m\u00f6glich, aus dem Home-Office arbeiten k\u00f6nnen. Nachdem eine entsprechende Regelung bereits in der vergangenen Woche f\u00fcr die amerikanischen Bundesstaaten Kalifornien und Seattle eingef\u00fchrt wurde, schlie\u00dft dies nun auch Apple-Mitarbeiter in Deutschland, der Schweiz, Frankreich, Italien, Gro\u00dfbritannien, Japan und S\u00fcdkorea mit ein.<\/p>\n<p>Apple ergreife dar\u00fcber hinaus Ma\u00dfnahmen, um die personelle Dichte in seinen Einrichtungen zu verringern, zudem w\u00fcrden dort die Reinigungsma\u00dfnahmen erweitert. Konkret betreffen diese Ma\u00dfnahmen dem Apple-Chef zufolge auch die Workshops in den Apple Stores und die Terminplanung f\u00fcr die Genius-Bars. Mitarbeiter mit Erk\u00e4ltung oder Husten sollen Cook zufolge grunds\u00e4tzlich nicht zur Arbeit erscheinen.<\/p>\n","protected":false},"excerpt":{"rendered":"<a href=\"https:\/\/www.ifun.de\/corona-tim-cook-raet-apple-mitarbeitern-zum-home-office-150870\/\"><img decoding=\"async\" width=\"150\" src=\"https:\/\/images.ifun.de\/wp-content\/uploads\/2017\/01\/tim-cook-500.jpg\" class=\"alignright wp-post-image tfe\" alt=\"Tim Cook 500\" title=\"\" \/><\/a><p>W\u00e4hrend Apple uns weiterhin im Unklaren dar\u00fcber l\u00e4sst, ob die Entwicklerkonferenz WWDC trotz der Corona-Epidemie in diesem Jahr stattfinden wird, verst\u00e4rkt das Unternehmen die internen Ma\u00dfnahmen gegen eine weitere Ausbreitung des Virus. In mehreren L\u00e4ndern, darunter auch Deutschland, k\u00f6nnen Apple-Mitarbeiter ihren Dienst nun auch von zuhause aus erledigen, sofern ihre T\u00e4tigkeit dies zul\u00e4sst. Einem Bericht [&hellip;]<\/p>\n","protected":false},"author":2,"featured_media":0,"comment_status":"open","ping_status":"closed","sticky":false,"template":"","format":"standard","meta":{"_acf_changed":false,"footnotes":""},"categories":[3],"tags":[4736,4806,614],"class_list":["post-150870","post","type-post","status-publish","format-standard","hentry","category-apple","tag-apple","tag-coronavirus","tag-tim-cook"],"acf":[],"aioseo_notices":[],"subheadline":["Auch deutsche Apple-Niederlassungen betroffen"],"featured_image":["https:\/\/images.ifun.de\/wp-content\/uploads\/2016\/10\/support-apple.jpg"],"rest_api_enabler":{"subheadline":"Auch deutsche Apple-Niederlassungen betroffen","featured_image":"https:\/\/images.ifun.de\/wp-content\/uploads\/2016\/10\/support-apple.jpg"},"_links":{"self":[{"href":"https:\/\/www.ifun.de\/apiv2\/wp\/v2\/posts\/150870","targetHints":{"allow":["GET"]}}],"collection":[{"href":"https:\/\/www.ifun.de\/apiv2\/wp\/v2\/posts"}],"about":[{"href":"https:\/\/www.ifun.de\/apiv2\/wp\/v2\/types\/post"}],"author":[{"embeddable":true,"href":"https:\/\/www.ifun.de\/apiv2\/wp\/v2\/users\/2"}],"replies":[{"embeddable":true,"href":"https:\/\/www.ifun.de\/apiv2\/wp\/v2\/comments?post=150870"}],"version-history":[{"count":3,"href":"https:\/\/www.ifun.de\/apiv2\/wp\/v2\/posts\/150870\/revisions"}],"predecessor-version":[{"id":150873,"href":"https:\/\/www.ifun.de\/apiv2\/wp\/v2\/posts\/150870\/revisions\/150873"}],"wp:attachment":[{"href":"https:\/\/www.ifun.de\/apiv2\/wp\/v2\/media?parent=150870"}],"wp:term":[{"taxonomy":"category","embeddable":true,"href":"https:\/\/www.ifun.de\/apiv2\/wp\/v2\/categories?post=150870"},{"taxonomy":"post_tag","embeddable":true,"href":"https:\/\/www.ifun.de\/apiv2\/wp\/v2\/tags?post=150870"}],"curies":[{"name":"wp","href":"https:\/\/api.w.org\/{rel}","templated":true}]}}