{"id":150813,"date":"2020-03-05T18:29:45","date_gmt":"2020-03-05T17:29:45","guid":{"rendered":"https:\/\/www.ifun.de\/?p=150813"},"modified":"2020-03-05T18:30:07","modified_gmt":"2020-03-05T17:30:07","slug":"facebook-messenger-erreicht-den-mac-app-store","status":"publish","type":"post","link":"https:\/\/www.ifun.de\/facebook-messenger-erreicht-den-mac-app-store-150813\/","title":{"rendered":"Facebook Messenger erreicht den Mac App Store"},"content":{"rendered":"<p>Angek\u00fcndigt wurde die native Mac-Version des Facebook Messenger bereits zur vergangenen F8-Entwickler-Konferenz (in diesem Jahr f\u00e4llt das Treffen <a href=\"https:\/\/www.ifun.de\/corona-virus-facebook-sagt-entwicklerkonferenz-ab-apple-aktie-verliert-stark-150475\/\">bekanntlich aus<\/a>). Jetzt hat das Soziale Netzwerk damit angefangen die App zum Download im Mac App Store bereitzustellen.<\/p>\n<p><a href=\"https:\/\/images.ifun.de\/wp-content\/uploads\/2020\/03\/dark-mode-messenger.jpg\"><img loading=\"lazy\" decoding=\"async\" class=\"aligncenter size-medium wp-image-150815\" src=\"https:\/\/images.ifun.de\/wp-content\/uploads\/2020\/03\/dark-mode-messenger-500x424.jpg\" alt=\"Dark Mode Messenger\" width=\"500\" height=\"424\" srcset=\"https:\/\/images.ifun.de\/wp-content\/uploads\/2020\/03\/dark-mode-messenger-500x424.jpg 500w, https:\/\/images.ifun.de\/wp-content\/uploads\/2020\/03\/dark-mode-messenger-700x593.jpg 700w, https:\/\/images.ifun.de\/wp-content\/uploads\/2020\/03\/dark-mode-messenger.jpg 707w\" sizes=\"auto, (max-width: 500px) 100vw, 500px\" \/><\/a><\/p>\n<p>Vorerst ausschlie\u00dflich <a href=\"https:\/\/twitter.com\/alex193a\/status\/1235494707800805377\">in den f\u00fcnf<\/a> L\u00e4nder-Filialen von Australien, Frankreich, Mexiko, Neuseeland und Polen erh\u00e4ltlich, scheint Facebook auf eine langsame Bereitstellung zu setzen &#8211; <a href=\"https:\/\/apps.apple.com\/pl\/app\/messenger\/id1480068668?mt=12\">den Link<\/a> k\u00f6nnte ihr euch jedoch schon merken. Sobald die App in Deutschland freigegeben wurde, sollte dieser auch hierzulande funktionieren.<\/p>\n<p>Erst <a href=\"https:\/\/www.iphone-ticker.de\/facebook-messenger-jetzt-doppelt-so-schnell-und-ein-viertel-so-gross-154216\/\">vor wenigen Tagen<\/a> ver\u00f6ffentlichte Facebook eine runderneuerte iPhone-Version seines Messenger.<\/p>\n<blockquote><p>Wie geschaffen f\u00fcr gro\u00dfe Bildschirme und enge Verbindungen. Sie erhalten Zugang zu kostenlosem Text und qualitativ hochwertigem Sprach- und Video-Chat, der speziell f\u00fcr den Desktop entwickelt wurde. [&#8230;] Senden Sie Fotos und Videos, um Ihre engen Freunde auf dem Laufenden zu halten. Empfangen Sie Dateien f\u00fcr noch mehr Produktivit\u00e4t.<\/p><\/blockquote>\n<p><a href=\"https:\/\/images.ifun.de\/wp-content\/uploads\/2020\/03\/messenger-mac-large.jpg\"><img loading=\"lazy\" decoding=\"async\" class=\"aligncenter size-large wp-image-150817\" src=\"https:\/\/images.ifun.de\/wp-content\/uploads\/2020\/03\/messenger-mac-large-700x441.jpg\" alt=\"Messenger Mac Large\" width=\"700\" height=\"441\" srcset=\"https:\/\/images.ifun.de\/wp-content\/uploads\/2020\/03\/messenger-mac-large-700x441.jpg 700w, https:\/\/images.ifun.de\/wp-content\/uploads\/2020\/03\/messenger-mac-large-500x315.jpg 500w, https:\/\/images.ifun.de\/wp-content\/uploads\/2020\/03\/messenger-mac-large-768x484.jpg 768w, https:\/\/images.ifun.de\/wp-content\/uploads\/2020\/03\/messenger-mac-large.jpg 883w\" sizes=\"auto, (max-width: 700px) 100vw, 700px\" \/><\/a><\/p>\n","protected":false},"excerpt":{"rendered":"<a href=\"https:\/\/www.ifun.de\/facebook-messenger-erreicht-den-mac-app-store-150813\/\"><img width=\"150\" height=\"150\" src=\"https:\/\/images.ifun.de\/wp-content\/uploads\/2020\/03\/messenger-mac-large-150x150.jpg\" class=\"alignright tfe wp-post-image\" alt=\"Messenger Mac Large\" decoding=\"async\" loading=\"lazy\" \/><\/a><p>Angek\u00fcndigt wurde die native Mac-Version des Facebook Messenger bereits zur vergangenen F8-Entwickler-Konferenz (in diesem Jahr f\u00e4llt das Treffen bekanntlich aus). Jetzt hat das Soziale Netzwerk damit angefangen die App zum Download im Mac App Store bereitzustellen. Vorerst ausschlie\u00dflich in den f\u00fcnf L\u00e4nder-Filialen von Australien, Frankreich, Mexiko, Neuseeland und Polen erh\u00e4ltlich, scheint Facebook auf eine langsame [&hellip;]<\/p>\n","protected":false},"author":1,"featured_media":150817,"comment_status":"open","ping_status":"closed","sticky":false,"template":"","format":"standard","meta":{"_acf_changed":false,"footnotes":""},"categories":[5],"tags":[4737,234,4861,6321],"class_list":["post-150813","post","type-post","status-publish","format-standard","has-post-thumbnail","hentry","category-apps","tag-apps","tag-facebook","tag-facebook-messenger","tag-mac"],"acf":[],"aioseo_notices":[],"subheadline":["Deutschland wartet noch"],"featured_image":["https:\/\/images.ifun.de\/wp-content\/uploads\/2020\/03\/facebook-messenger-mac.jpg"],"rest_api_enabler":{"subheadline":"Deutschland wartet noch","featured_image":"https:\/\/images.ifun.de\/wp-content\/uploads\/2020\/03\/facebook-messenger-mac.jpg"},"_links":{"self":[{"href":"https:\/\/www.ifun.de\/apiv2\/wp\/v2\/posts\/150813","targetHints":{"allow":["GET"]}}],"collection":[{"href":"https:\/\/www.ifun.de\/apiv2\/wp\/v2\/posts"}],"about":[{"href":"https:\/\/www.ifun.de\/apiv2\/wp\/v2\/types\/post"}],"author":[{"embeddable":true,"href":"https:\/\/www.ifun.de\/apiv2\/wp\/v2\/users\/1"}],"replies":[{"embeddable":true,"href":"https:\/\/www.ifun.de\/apiv2\/wp\/v2\/comments?post=150813"}],"version-history":[{"count":2,"href":"https:\/\/www.ifun.de\/apiv2\/wp\/v2\/posts\/150813\/revisions"}],"predecessor-version":[{"id":150818,"href":"https:\/\/www.ifun.de\/apiv2\/wp\/v2\/posts\/150813\/revisions\/150818"}],"wp:featuredmedia":[{"embeddable":true,"href":"https:\/\/www.ifun.de\/apiv2\/wp\/v2\/media\/150817"}],"wp:attachment":[{"href":"https:\/\/www.ifun.de\/apiv2\/wp\/v2\/media?parent=150813"}],"wp:term":[{"taxonomy":"category","embeddable":true,"href":"https:\/\/www.ifun.de\/apiv2\/wp\/v2\/categories?post=150813"},{"taxonomy":"post_tag","embeddable":true,"href":"https:\/\/www.ifun.de\/apiv2\/wp\/v2\/tags?post=150813"}],"curies":[{"name":"wp","href":"https:\/\/api.w.org\/{rel}","templated":true}]}}