{"id":150655,"date":"2020-03-04T07:30:04","date_gmt":"2020-03-04T06:30:04","guid":{"rendered":"https:\/\/www.ifun.de\/?p=150655"},"modified":"2020-03-04T14:03:02","modified_gmt":"2020-03-04T13:03:02","slug":"coronavirus-google-sagt-io-entwicklerkonferenz-ab","status":"publish","type":"post","link":"https:\/\/www.ifun.de\/coronavirus-google-sagt-io-entwicklerkonferenz-ab-150655\/","title":{"rendered":"Coronavirus: Google sagt I\/O-Entwicklerkonferenz ab"},"content":{"rendered":"<p>Apples Entwicklerkonferenz, die stets im Sommer stattfindende WWDC, steht in diesem Jahr auf wackeligen Beinen.<\/p>\n<p>Nachdem das soziale Netzwerk Facebook erst k\u00fcrzlich die Konferenz-Anteile seines j\u00e4hrlichen F8 Entwickler-Treffens <a href=\"https:\/\/www.ifun.de\/corona-virus-facebook-sagt-entwicklerkonferenz-ab-apple-aktie-verliert-stark-150475\/\">absagte<\/a>, hat nun auch Google die Terminplanung zahlreicher Android-Entwickler durcheinander gewirbelt.<\/p>\n<p><a href=\"https:\/\/images.ifun.de\/wp-content\/uploads\/2015\/05\/google-io-500.jpg\"><img loading=\"lazy\" decoding=\"async\" class=\"aligncenter size-full wp-image-77326\" src=\"https:\/\/images.ifun.de\/wp-content\/uploads\/2015\/05\/google-io-500.jpg\" alt=\"\" width=\"500\" height=\"279\" srcset=\"https:\/\/images.ifun.de\/wp-content\/uploads\/2015\/05\/google-io-500.jpg 500w, https:\/\/images.ifun.de\/wp-content\/uploads\/2015\/05\/google-io-500-300x167.jpg 300w\" sizes=\"auto, (max-width: 500px) 100vw, 500px\" \/><\/a><\/p>\n<p>So wird die f\u00fcr Mitte Mai angesetzte Google I\/O in diesem Jahr <a href=\"https:\/\/techcrunch.com\/2020\/03\/03\/google-cancels-its-2020-i-o-developer-conference\/\">nicht<\/a> wie gewohnt stattfinden &#8211; der Suchmaschinen-Riese will stattdessen neue Wege eruieren, die Entwickler-Community zusammenzubringen. In einem Statement hei\u00dft es:<\/p>\n<blockquote><p>Aufgrund von Bedenken bez\u00fcglich des Coronavirus (COVID-19) und in \u00dcbereinstimmung mit den Gesundheitsrichtlinien der CDC, der WHO und anderer Gesundheitsbeh\u00f6rden haben wir beschlossen, die physische Google I\/O-Veranstaltung abzusagen.<\/p><\/blockquote>\n<p>Neben mehreren Totalabsagen, von denen in diesem Jahr unter anderem die in Barcelona stattfindende Mobilfunk-Messe &#8222;Mobile World Congress&#8220; und Microsofts &#8222;MVP Global Summit&#8220; betroffen waren, haben viele Veranstalter angek\u00fcndigt, ihre Branchen-Events ins Netz zu verlegen. Unter anderem sollen die &#8222;Google Cloud Next&#8220; sowie der &#8222;Adobe Summit&#8220; ausschlie\u00dflich online stattfinden. Zum Schicksal der WWDC 2020 hat sich Apple bislang noch nicht ge\u00e4u\u00dfert.<\/p>\n","protected":false},"excerpt":{"rendered":"<a href=\"https:\/\/www.ifun.de\/coronavirus-google-sagt-io-entwicklerkonferenz-ab-150655\/\"><img width=\"150\" height=\"150\" src=\"https:\/\/images.ifun.de\/wp-content\/uploads\/2020\/03\/google-unsplash-150x150.jpg\" class=\"alignright tfe wp-post-image\" alt=\"Google Unsplash\" decoding=\"async\" loading=\"lazy\" \/><\/a><p>Apples Entwicklerkonferenz, die stets im Sommer stattfindende WWDC, steht in diesem Jahr auf wackeligen Beinen. Nachdem das soziale Netzwerk Facebook erst k\u00fcrzlich die Konferenz-Anteile seines j\u00e4hrlichen F8 Entwickler-Treffens absagte, hat nun auch Google die Terminplanung zahlreicher Android-Entwickler durcheinander gewirbelt. So wird die f\u00fcr Mitte Mai angesetzte Google I\/O in diesem Jahr nicht wie gewohnt stattfinden [&hellip;]<\/p>\n","protected":false},"author":1,"featured_media":150658,"comment_status":"open","ping_status":"closed","sticky":false,"template":"","format":"standard","meta":{"_acf_changed":false,"footnotes":""},"categories":[1],"tags":[4806,4738,82],"class_list":["post-150655","post","type-post","status-publish","format-standard","has-post-thumbnail","hentry","category-news","tag-coronavirus","tag-entwickler","tag-google"],"acf":[],"aioseo_notices":[],"subheadline":["Vorsichtig wie Facebook"],"featured_image":["https:\/\/images.ifun.de\/wp-content\/uploads\/2020\/03\/google-unsplash.jpg"],"rest_api_enabler":{"subheadline":"Vorsichtig wie Facebook","featured_image":"https:\/\/images.ifun.de\/wp-content\/uploads\/2020\/03\/google-unsplash.jpg"},"_links":{"self":[{"href":"https:\/\/www.ifun.de\/apiv2\/wp\/v2\/posts\/150655","targetHints":{"allow":["GET"]}}],"collection":[{"href":"https:\/\/www.ifun.de\/apiv2\/wp\/v2\/posts"}],"about":[{"href":"https:\/\/www.ifun.de\/apiv2\/wp\/v2\/types\/post"}],"author":[{"embeddable":true,"href":"https:\/\/www.ifun.de\/apiv2\/wp\/v2\/users\/1"}],"replies":[{"embeddable":true,"href":"https:\/\/www.ifun.de\/apiv2\/wp\/v2\/comments?post=150655"}],"version-history":[{"count":4,"href":"https:\/\/www.ifun.de\/apiv2\/wp\/v2\/posts\/150655\/revisions"}],"predecessor-version":[{"id":150686,"href":"https:\/\/www.ifun.de\/apiv2\/wp\/v2\/posts\/150655\/revisions\/150686"}],"wp:featuredmedia":[{"embeddable":true,"href":"https:\/\/www.ifun.de\/apiv2\/wp\/v2\/media\/150658"}],"wp:attachment":[{"href":"https:\/\/www.ifun.de\/apiv2\/wp\/v2\/media?parent=150655"}],"wp:term":[{"taxonomy":"category","embeddable":true,"href":"https:\/\/www.ifun.de\/apiv2\/wp\/v2\/categories?post=150655"},{"taxonomy":"post_tag","embeddable":true,"href":"https:\/\/www.ifun.de\/apiv2\/wp\/v2\/tags?post=150655"}],"curies":[{"name":"wp","href":"https:\/\/api.w.org\/{rel}","templated":true}]}}