{"id":15060,"date":"2011-08-14T10:40:25","date_gmt":"2011-08-14T08:40:25","guid":{"rendered":"http:\/\/www.ifun.de\/?p=15060"},"modified":"2011-08-16T08:00:36","modified_gmt":"2011-08-16T06:00:36","slug":"kurz-notiert-neue-bilder-vom-apple-raumschiff-apple-store-augsburg-jetzt-offiziell-beschriftet-gunstige-itunes-karten-bei-rewe","status":"publish","type":"post","link":"https:\/\/www.ifun.de\/kurz-notiert-neue-bilder-vom-apple-raumschiff-apple-store-augsburg-jetzt-offiziell-beschriftet-gunstige-itunes-karten-bei-rewe-15060\/","title":{"rendered":"Kurz notiert: Neue Bilder vom &#8222;Apple-Raumschiff&#8220;, Apple Store Augsburg jetzt mit Logo, G\u00fcnstige iTunes-Karten bei Rewe"},"content":{"rendered":"<ul>\n<li>Ihr erinnert euch an die <a href=\"http:\/\/www.ifun.de\/2011\/06\/09\/wie-ein-raumschiff-apples-zukunftiger-firmencampus\/\">k\u00fcrzlich vorgestellten Pl\u00e4ne<\/a> f\u00fcr die neue Apple-Firmenzentrale in Cupertino? Inmitten eines riesigen Parks wird ein beeindruckendes kreisf\u00f6rmiges Geb\u00e4ude entstehen, \u00e4hnlich einem eben gelandeten UFO.\n<p><img loading=\"lazy\" decoding=\"async\" src=\"http:\/\/images.ifun.de\/wp-content\/uploads\/2011\/08\/cupertino.jpg\" alt=\"\" title=\"cupertino\" width=\"440\" height=\"250\" class=\"alignnone size-full wp-image-15061\" srcset=\"https:\/\/images.ifun.de\/wp-content\/uploads\/2011\/08\/cupertino.jpg 440w, https:\/\/images.ifun.de\/wp-content\/uploads\/2011\/08\/cupertino-300x170.jpg 300w\" sizes=\"auto, (max-width: 440px) 100vw, 440px\" \/><\/p>\n<p>Die Stadt Cupertino hat nun ausf\u00fchrliche Informationen zu dem Bauvorhaben <a href=\"http:\/\/www.cupertino.org\/index.aspx?page=1107\">ver\u00f6ffentlicht<\/a>, unter anderem auch eine Reihe hochaufl\u00f6sender Grafiksimulationen (<a href=\"http:\/\/www.cupertino.org\/inc\/pdf\/apple\/Renderings.pdf\">PDF-Link<\/a>).<\/li>\n<p><!--more--><\/p>\n<li>Den neuen deutschen Store-Standort Augsburg hatten wir bereits <a href=\"http:\/\/www.ifun.de\/2011\/04\/04\/augsburger-apple-store-noch-in-diesem-jahr\/\">im April<\/a> enth\u00fcllt. Jetzt zeigt Apple im dortigen Einkaufszentrum &#8222;City Galerie&#8220; Flagge und hat die schwarze Verh\u00fcllung mit Logo und Weblink versehen, bis zur Er\u00f6ffnung d\u00fcrfte es nun nicht mehr allzu lange hin sein.<br \/>\n(Danke Chris + Christian)<\/p>\n<p><img loading=\"lazy\" decoding=\"async\" src=\"http:\/\/images.ifun.de\/wp-content\/uploads\/2011\/08\/augsburg.jpg\" alt=\"\" title=\"augsburg\" width=\"440\" height=\"250\" class=\"alignnone size-full wp-image-15062\" srcset=\"https:\/\/images.ifun.de\/wp-content\/uploads\/2011\/08\/augsburg.jpg 440w, https:\/\/images.ifun.de\/wp-content\/uploads\/2011\/08\/augsburg-300x170.jpg 300w\" sizes=\"auto, (max-width: 440px) 100vw, 440px\" \/><\/p>\n<p><img loading=\"lazy\" decoding=\"async\" src=\"http:\/\/images.ifun.de\/wp-content\/uploads\/2011\/08\/lageplan.gif\" alt=\"\" title=\"lageplan\" width=\"464\" height=\"216\" class=\"alignnone size-full wp-image-15113\" srcset=\"https:\/\/images.ifun.de\/wp-content\/uploads\/2011\/08\/lageplan.gif 464w, https:\/\/images.ifun.de\/wp-content\/uploads\/2011\/08\/lageplan-300x139.gif 300w\" sizes=\"auto, (max-width: 464px) 100vw, 464px\" \/><\/p>\n<p><img loading=\"lazy\" decoding=\"async\" src=\"http:\/\/images.ifun.de\/wp-content\/uploads\/2011\/08\/astore_augsburg.jpg\" alt=\"\" title=\"astore_augsburg\" width=\"464\" height=\"347\" class=\"alignnone size-full wp-image-15114\" srcset=\"https:\/\/images.ifun.de\/wp-content\/uploads\/2011\/08\/astore_augsburg.jpg 464w, https:\/\/images.ifun.de\/wp-content\/uploads\/2011\/08\/astore_augsburg-300x224.jpg 300w\" sizes=\"auto, (max-width: 464px) 100vw, 464px\" \/><\/p>\n<\/li>\n<li>Und nochmal kurz der Hinweis auf die Rewe-Aktion diese Woche &#8211; hatten wir zwar schon auf dem Ticker aber es kommen immer noch viele Mails dazu rein (Danke): Rewe bietet vom 15. bis 20. August die iTunes-Karte im Wert von 25 Euro zum Preis von 20 Euro an.<\/li>\n<\/ul>\n","protected":false},"excerpt":{"rendered":"<a href=\"https:\/\/www.ifun.de\/kurz-notiert-neue-bilder-vom-apple-raumschiff-apple-store-augsburg-jetzt-offiziell-beschriftet-gunstige-itunes-karten-bei-rewe-15060\/\"><img width=\"150\" height=\"150\" src=\"https:\/\/images.ifun.de\/wp-content\/uploads\/2011\/08\/astore_augsburg-150x150.jpg\" class=\"alignright tfe wp-post-image\" alt=\"\" decoding=\"async\" loading=\"lazy\" \/><\/a><p>Ihr erinnert euch an die k\u00fcrzlich vorgestellten Pl\u00e4ne f\u00fcr die neue Apple-Firmenzentrale in Cupertino? Inmitten eines riesigen Parks wird ein beeindruckendes kreisf\u00f6rmiges Geb\u00e4ude entstehen, \u00e4hnlich einem eben gelandeten UFO. Die Stadt Cupertino hat nun ausf\u00fchrliche Informationen zu dem Bauvorhaben ver\u00f6ffentlicht, unter anderem auch eine Reihe hochaufl\u00f6sender Grafiksimulationen (PDF-Link).<\/p>\n","protected":false},"author":2,"featured_media":15114,"comment_status":"open","ping_status":"closed","sticky":false,"template":"","format":"standard","meta":{"_acf_changed":false,"footnotes":""},"categories":[15],"tags":[49,358,462,463,40],"class_list":["post-15060","post","type-post","status-publish","format-standard","has-post-thumbnail","hentry","category-kurznachrichten","tag-apple-store","tag-augsburg","tag-cupertino","tag-itunes-karten","tag-sparen"],"acf":[],"aioseo_notices":[],"rest_api_enabler":[],"_links":{"self":[{"href":"https:\/\/www.ifun.de\/apiv2\/wp\/v2\/posts\/15060","targetHints":{"allow":["GET"]}}],"collection":[{"href":"https:\/\/www.ifun.de\/apiv2\/wp\/v2\/posts"}],"about":[{"href":"https:\/\/www.ifun.de\/apiv2\/wp\/v2\/types\/post"}],"author":[{"embeddable":true,"href":"https:\/\/www.ifun.de\/apiv2\/wp\/v2\/users\/2"}],"replies":[{"embeddable":true,"href":"https:\/\/www.ifun.de\/apiv2\/wp\/v2\/comments?post=15060"}],"version-history":[{"count":6,"href":"https:\/\/www.ifun.de\/apiv2\/wp\/v2\/posts\/15060\/revisions"}],"predecessor-version":[{"id":15115,"href":"https:\/\/www.ifun.de\/apiv2\/wp\/v2\/posts\/15060\/revisions\/15115"}],"wp:featuredmedia":[{"embeddable":true,"href":"https:\/\/www.ifun.de\/apiv2\/wp\/v2\/media\/15114"}],"wp:attachment":[{"href":"https:\/\/www.ifun.de\/apiv2\/wp\/v2\/media?parent=15060"}],"wp:term":[{"taxonomy":"category","embeddable":true,"href":"https:\/\/www.ifun.de\/apiv2\/wp\/v2\/categories?post=15060"},{"taxonomy":"post_tag","embeddable":true,"href":"https:\/\/www.ifun.de\/apiv2\/wp\/v2\/tags?post=15060"}],"curies":[{"name":"wp","href":"https:\/\/api.w.org\/{rel}","templated":true}]}}