{"id":150166,"date":"2020-02-21T09:02:27","date_gmt":"2020-02-21T08:02:27","guid":{"rendered":"https:\/\/www.ifun.de\/?p=150166"},"modified":"2020-02-21T09:02:27","modified_gmt":"2020-02-21T08:02:27","slug":"apple-anekdote-jony-ive-in-quarantaene-bei-foxconn","status":"publish","type":"post","link":"https:\/\/www.ifun.de\/apple-anekdote-jony-ive-in-quarantaene-bei-foxconn-150166\/","title":{"rendered":"Apple-Anekdote: Jony Ive in Quarant\u00e4ne bei Foxconn"},"content":{"rendered":"<p>Die Jony Ive-Biografie des Autors Leander Kahney, &#8222;<a rel=\"noindex, nofollow\" href=\"http:\/\/www.ifun.de\/amzn\/3864702100\">Jony Ive: Das Apple-Design-Genie<\/a>&#8222;, wurde zwar schon 2014 ver\u00f6ffentlicht, an die Passage \u00fcber Ives unfreiwilligen Aufenthalt beim Auftrags-Fertiger Foxconn darf aus gegebenem Anlass aber erneut erinnert werden. <\/p>\n<p><a href=\"https:\/\/images.ifun.de\/wp-content\/uploads\/2020\/02\/Apple_Power_Macintosh_G5_Late_2005_01.jpg\"><img decoding=\"async\" src=\"https:\/\/images.ifun.de\/wp-content\/uploads\/2020\/02\/Apple_Power_Macintosh_G5_Late_2005_01-585x700.jpg\" alt=\"Apple Power Macintosh G5 Late 2005 01\" width=\"500\" class=\"aligncenter size-large wp-image-150168\" srcset=\"https:\/\/images.ifun.de\/wp-content\/uploads\/2020\/02\/Apple_Power_Macintosh_G5_Late_2005_01-585x700.jpg 585w, https:\/\/images.ifun.de\/wp-content\/uploads\/2020\/02\/Apple_Power_Macintosh_G5_Late_2005_01-418x500.jpg 418w, https:\/\/images.ifun.de\/wp-content\/uploads\/2020\/02\/Apple_Power_Macintosh_G5_Late_2005_01-768x919.jpg 768w, https:\/\/images.ifun.de\/wp-content\/uploads\/2020\/02\/Apple_Power_Macintosh_G5_Late_2005_01-1283x1536.jpg 1283w, https:\/\/images.ifun.de\/wp-content\/uploads\/2020\/02\/Apple_Power_Macintosh_G5_Late_2005_01-1711x2048.jpg 1711w, https:\/\/images.ifun.de\/wp-content\/uploads\/2020\/02\/Apple_Power_Macintosh_G5_Late_2005_01.jpg 1920w\" sizes=\"(max-width: 585px) 100vw, 585px\" \/><\/a><\/p>\n<h6><a href=\"https:\/\/en.wikipedia.org\/wiki\/Power_Mac_G5#\/media\/File:Apple_Power_Macintosh_G5_Late_2005_01.jpg\">Power Mac G5 | Bild: Bernie Kohl<\/a><\/h6>\n<p>Die SARS-Epidemie 2003, in deren Verlauf sich 8000 Menschen mit der Krankheit infizierten, brachte auch den Tagesablauf des langj\u00e4hrigen Design-Chefs durcheinander. Dieser verbrachte drei Monate (teils in Quarant\u00e4ne) bei Foxconn und arbeitete hier am Hardware-Design des Power Mac G5: <\/p>\n<blockquote><p>Ein weiteres Produkt, der Power Mac G5, w\u00fcrde eine gro\u00dfe Ver\u00e4nderung in der Beziehung zwischen Apple und Foxconn ansto\u00dfen. Das Design-Team wollte den Tower aus Aluminium statt aus Kunststoff herstellen, wie sie es noch bei dem Vorg\u00e4nger, dem Power Mac G4, getan hatten. Selbst f\u00fcr Apples Standards war das Projekt eine gro\u00dfe Herausforderung. &#8222;Mehrere Kollegen  wechselten ihre Positionen, da sie nicht in der Lage waren die Anforderungen umzusetzen&#8220;, sagte Satzger.<\/p>\n<p>Das Projekt dauerte mehr als ein Jahr. Eine Ursache f\u00fcr die Verz\u00f6gerungen war der Ausbruch von SARS im Jahr 2003, durch den einige Mitglieder des Designteams bei Foxconn, darunter auch Jony, unter Quarant\u00e4ne gestellt wurden. &#8222;Ich blieb drei Monate lang in einem Wohnheim, um an dem Prozess zu arbeiten&#8220;, sagte er. &#8222;Ruby und andere sagten, es sei unm\u00f6glich, aber ich wollte es tun, weil Steve und ich der Meinung waren, dass eloxiertes Aluminium eine echte Integrit\u00e4t besa\u00df.<\/p><\/blockquote>\n<p><h8><a href=\"https:\/\/twitter.com\/neilcybart\/status\/1230534738982690817?s=21\">Via Neil Cybart<\/a><\/h8><\/p>\n","protected":false},"excerpt":{"rendered":"<a href=\"https:\/\/www.ifun.de\/apple-anekdote-jony-ive-in-quarantaene-bei-foxconn-150166\/\"><img width=\"150\" height=\"150\" src=\"https:\/\/images.ifun.de\/wp-content\/uploads\/2020\/02\/Apple_Power_Macintosh_G5_Late_2005_01-150x150.jpg\" class=\"alignright tfe wp-post-image\" alt=\"Apple Power Macintosh G5 Late 2005 01\" decoding=\"async\" loading=\"lazy\" \/><\/a><p>Die Jony Ive-Biografie des Autors Leander Kahney, &#8222;Jony Ive: Das Apple-Design-Genie&#8222;, wurde zwar schon 2014 ver\u00f6ffentlicht, an die Passage \u00fcber Ives unfreiwilligen Aufenthalt beim Auftrags-Fertiger Foxconn darf aus gegebenem Anlass aber erneut erinnert werden. Power Mac G5 | Bild: Bernie Kohl Die SARS-Epidemie 2003, in deren Verlauf sich 8000 Menschen mit der Krankheit infizierten, brachte [&hellip;]<\/p>\n","protected":false},"author":1,"featured_media":150168,"comment_status":"open","ping_status":"closed","sticky":false,"template":"","format":"standard","meta":{"_acf_changed":false,"footnotes":""},"categories":[1],"tags":[4736,185,2255],"class_list":["post-150166","post","type-post","status-publish","format-standard","has-post-thumbnail","hentry","category-news","tag-apple","tag-gesundheit","tag-jony-ive"],"acf":[],"aioseo_notices":[],"subheadline":["Drei Monate in 2003","Drei Monate in 2003"],"featured_image":["https:\/\/images.ifun.de\/wp-content\/uploads\/2019\/06\/johny-ive.jpg"],"rest_api_enabler":{"subheadline":["Drei Monate in 2003","Drei Monate in 2003"],"featured_image":"https:\/\/images.ifun.de\/wp-content\/uploads\/2019\/06\/johny-ive.jpg"},"_links":{"self":[{"href":"https:\/\/www.ifun.de\/apiv2\/wp\/v2\/posts\/150166","targetHints":{"allow":["GET"]}}],"collection":[{"href":"https:\/\/www.ifun.de\/apiv2\/wp\/v2\/posts"}],"about":[{"href":"https:\/\/www.ifun.de\/apiv2\/wp\/v2\/types\/post"}],"author":[{"embeddable":true,"href":"https:\/\/www.ifun.de\/apiv2\/wp\/v2\/users\/1"}],"replies":[{"embeddable":true,"href":"https:\/\/www.ifun.de\/apiv2\/wp\/v2\/comments?post=150166"}],"version-history":[{"count":2,"href":"https:\/\/www.ifun.de\/apiv2\/wp\/v2\/posts\/150166\/revisions"}],"predecessor-version":[{"id":150169,"href":"https:\/\/www.ifun.de\/apiv2\/wp\/v2\/posts\/150166\/revisions\/150169"}],"wp:featuredmedia":[{"embeddable":true,"href":"https:\/\/www.ifun.de\/apiv2\/wp\/v2\/media\/150168"}],"wp:attachment":[{"href":"https:\/\/www.ifun.de\/apiv2\/wp\/v2\/media?parent=150166"}],"wp:term":[{"taxonomy":"category","embeddable":true,"href":"https:\/\/www.ifun.de\/apiv2\/wp\/v2\/categories?post=150166"},{"taxonomy":"post_tag","embeddable":true,"href":"https:\/\/www.ifun.de\/apiv2\/wp\/v2\/tags?post=150166"}],"curies":[{"name":"wp","href":"https:\/\/api.w.org\/{rel}","templated":true}]}}