{"id":150022,"date":"2020-02-18T17:35:37","date_gmt":"2020-02-18T16:35:37","guid":{"rendered":"https:\/\/www.ifun.de\/?p=150022"},"modified":"2020-02-19T08:35:40","modified_gmt":"2020-02-19T07:35:40","slug":"mac-zugriffsrechte-zuruecksetzen-apple-aendert-handlungsempfehlung","status":"publish","type":"post","link":"https:\/\/www.ifun.de\/mac-zugriffsrechte-zuruecksetzen-apple-aendert-handlungsempfehlung-150022\/","title":{"rendered":"Mac Zugriffsrechte zur\u00fccksetzen: Apple \u00e4ndert Handlungsempfehlung"},"content":{"rendered":"<p>\u00abIch w\u00fcrde an deiner Stelle mal die Zugriffsrechte reparieren\u00bb &#8211; Alte Mac-Hasen kennen die vor allem im Freundes- und Kollegenkreis gern ausgesprochene Empfehlung als Allheilmittel bei macOS-Problemen, die sich nur schwer eingrenzen und lokalisieren lie\u00dfen.<\/p>\n<p>Zusammen mit <a href=\"https:\/\/support.apple.com\/de-de\/HT201295\">dem SMC-Reset<\/a> hatte das Zur\u00fccksetzen der Zugriffsrechte lange Zeit einen festen Platz im Werkzeugkasten des Mac-Anwenders und auch Apple selbst sorgte daf\u00fcr, dass der zeitraubende Terminal-Ausflug schnell seinen Ruf als Allheilmittel erwarb.<\/p>\n<p><a href=\"https:\/\/images.ifun.de\/wp-content\/uploads\/2020\/02\/macos-sierra10-12-home-folder-get-info_1500.jpg\"><img decoding=\"async\" class=\"aligncenter size-large wp-image-150024\" src=\"https:\/\/images.ifun.de\/wp-content\/uploads\/2020\/02\/macos-sierra10-12-home-folder-get-info_1500-489x700.jpg\" alt=\"Macos Sierra10 12 Home Folder Get Info 1500\" width=\"500\" srcset=\"https:\/\/images.ifun.de\/wp-content\/uploads\/2020\/02\/macos-sierra10-12-home-folder-get-info_1500-489x700.jpg 489w, https:\/\/images.ifun.de\/wp-content\/uploads\/2020\/02\/macos-sierra10-12-home-folder-get-info_1500-349x500.jpg 349w, https:\/\/images.ifun.de\/wp-content\/uploads\/2020\/02\/macos-sierra10-12-home-folder-get-info_1500-768x1100.jpg 768w, https:\/\/images.ifun.de\/wp-content\/uploads\/2020\/02\/macos-sierra10-12-home-folder-get-info_1500.jpg 800w\" sizes=\"(max-width: 489px) 100vw, 489px\" \/><\/a><\/p>\n<p>So notiert Cupertino unter den Probleme, die aufgrund von ge\u00e4nderten Zugriffsrechten auftreten k\u00f6nnen unter anderem so allgemein-g\u00fcltige Symptome wie &#8222;Dein Mac wird langsam&#8220;. Klar also, dass das Zur\u00fccksetzen der Zugriffsrechte stets eine der ersten Anlaufstellen bei Problemen mit dem Mac war.<\/p>\n<h2>Neufassung mit signifikanten \u00c4nderungen<\/h2>\n<p>Nun hat Apple den Support-Eintrag zum Zur\u00fccksetzen der Zugriffsrechte (<a href=\"https:\/\/support.apple.com\/de-de\/HT203538\">#HT203538<\/a>) editiert und den bislang abgedruckten Terminal-Befehl &#8222;diskutil resetUserPermissions&#8220; ersatzlos gestrichen.<\/p>\n<p><a href=\"https:\/\/images.ifun.de\/wp-content\/uploads\/2020\/02\/terminal-permissions.jpg\"><img loading=\"lazy\" decoding=\"async\" src=\"https:\/\/images.ifun.de\/wp-content\/uploads\/2020\/02\/terminal-permissions-700x360.jpg\" alt=\"Terminal Permissions\" width=\"700\" height=\"360\" class=\"aligncenter size-large wp-image-150029\" srcset=\"https:\/\/images.ifun.de\/wp-content\/uploads\/2020\/02\/terminal-permissions-700x360.jpg 700w, https:\/\/images.ifun.de\/wp-content\/uploads\/2020\/02\/terminal-permissions-500x257.jpg 500w, https:\/\/images.ifun.de\/wp-content\/uploads\/2020\/02\/terminal-permissions-768x395.jpg 768w, https:\/\/images.ifun.de\/wp-content\/uploads\/2020\/02\/terminal-permissions.jpg 1140w\" sizes=\"auto, (max-width: 700px) 100vw, 700px\" \/><\/a><\/p>\n<p>Statt dem Abtauchen in die Eingabeaufforderung empfiehlt Apple das Zur\u00fccksetzen der Zugriffsrechte seit Ende Januar ausschlie\u00dflich \u00fcber das Aktionsmen\u00fc des Infofensters f\u00fcr euren Benutzerordner. Ein Eingriff, nach dem im zweiten Schritt bislang stets das genannte Terminal-Kommando eingegeben werden musste. Damit ist nun Schluss.<\/p>\n<p>Apples Handlungsempfehlung f\u00e4llt fortan deutlich drastischer aus: Wenn das einfache Zur\u00fccksetzen von Berechtigungen das Problem nicht behoben hat, sollen Anwender macOS \u00fcber die macOS-Wiederherstellung neu installieren.<\/p>\n<blockquote><p>Wenn sich das Problem durch eine Neuinstallation von macOS nicht beheben l\u00e4sst, vergewissere dich, dass du \u00fcber eine Sicherung deines Mac verf\u00fcgst, und dann l\u00f6sche dein Startvolume. Sobald du fertig bist, installiere macOS neu oder stelle es aus deiner Sicherung wieder her.<\/p><\/blockquote>\n<p>Der <a href=\"https:\/\/support.apple.com\/de-de\/HT204904\">hier beschriebene Vorgang<\/a> ist mit langen Wartezeiten verbunden.<\/p>\n<h2>Um welche Probleme geht es? <\/h2>\n<p>Folgende Probleme k\u00f6nnen laut Apple aufgrund von ge\u00e4nderten Zugriffsrechten auftreten:<\/p>\n<ul>\n<li>\u00c4nderungen in den Systemeinstellungen werden nach Beenden der Systemeinstellungen nicht gesichert.<\/li>\n<li>\u00c4nderungen im Dock werden nach deiner Abmeldung aus deinem Benutzeraccount nicht gesichert.<\/li>\n<li>Fenster, die beim letzten Abmelden oder Schlie\u00dfen der App (vor \u00c4nderung der Zugriffsrechte) noch offen waren, werden bei erneutem Anmelden oder \u00d6ffnen der App wieder ge\u00f6ffnet.<\/li>\n<li>Wenn du bestimmte Elemente in den Benutzerordner bewegst, wirst du nach einem Administratornamen nebst Passwort gefragt.<\/li>\n<li>Du wirst wiederholt durch einen Hinweis dar\u00fcber informiert, dass macOS deine Mediathek reparieren muss, damit Programme ausgef\u00fchrt werden k\u00f6nnen.<\/li>\n<li>Wenn du ein Element \u00e4nderst und sicherst, erh\u00e4ltst du den Hinweis, dass die Datei gesperrt ist oder du nicht berechtigt bist, sie zu sichern.<\/li>\n<li>Vorschau, TextEdit oder andere Apps in der Sandbox werden beim \u00d6ffnen unerwartet geschlossen.<\/li>\n<li>Dir wird die Warnung angezeigt, dass auf dem Startvolume kein Platz f\u00fcr den Programmspeicher verf\u00fcgbar ist.<\/li>\n<li>Laut Aktivit\u00e4tsanzeige verbraucht Safari oder SafariDAVClient eine gro\u00dfe Menge an Systemressourcen.<\/li>\n<li>Dein Mac wird langsam.<\/li>\n<li>Laut iTunes kann dein Ger\u00e4t nicht synchronisiert werden.<\/li>\n<li>In die Fotos-App oder iPhoto importierte Fotos und Videos werden nicht in der App, aber im Finder angezeigt, oder du musst deine Mediathek jedes Mal aktualisieren oder neu ausw\u00e4hlen, wenn du die Fotos-App oder iPhoto \u00f6ffnest.<\/li>\n<\/ul>\n<p><img loading=\"lazy\" decoding=\"async\" src=\"https:\/\/vg01.met.vgwort.de\/na\/0c76fae588cb49179d5c1eb5343c0802\" width=\"1\" height=\"1\" class=\"tracking\"><\/p>\n","protected":false},"excerpt":{"rendered":"<a href=\"https:\/\/www.ifun.de\/mac-zugriffsrechte-zuruecksetzen-apple-aendert-handlungsempfehlung-150022\/\"><img width=\"150\" height=\"150\" src=\"https:\/\/images.ifun.de\/wp-content\/uploads\/2020\/02\/zugriffsrechte-150x150.jpg\" class=\"alignright tfe wp-post-image\" alt=\"Zugriffsrechte\" decoding=\"async\" loading=\"lazy\" \/><\/a><p>\u00abIch w\u00fcrde an deiner Stelle mal die Zugriffsrechte reparieren\u00bb &#8211; Alte Mac-Hasen kennen die vor allem im Freundes- und Kollegenkreis gern ausgesprochene Empfehlung als Allheilmittel bei macOS-Problemen, die sich nur schwer eingrenzen und lokalisieren lie\u00dfen. Zusammen mit dem SMC-Reset hatte das Zur\u00fccksetzen der Zugriffsrechte lange Zeit einen festen Platz im Werkzeugkasten des Mac-Anwenders und auch [&hellip;]<\/p>\n","protected":false},"author":1,"featured_media":150025,"comment_status":"open","ping_status":"closed","sticky":false,"template":"","format":"standard","meta":{"_acf_changed":false,"footnotes":""},"categories":[1,1783],"tags":[6321,3095,125],"class_list":["post-150022","post","type-post","status-publish","format-standard","has-post-thumbnail","hentry","category-news","category-feature","tag-mac","tag-macos","tag-tipp"],"acf":[],"aioseo_notices":[],"subheadline":["Allheilmittel f\u00fcr macOS"],"featured_image":["https:\/\/images.ifun.de\/wp-content\/uploads\/2020\/02\/zugriffsrechte-macos-zuruecksetzen.jpg"],"rest_api_enabler":{"subheadline":"Allheilmittel f\u00fcr macOS","featured_image":"https:\/\/images.ifun.de\/wp-content\/uploads\/2020\/02\/zugriffsrechte-macos-zuruecksetzen.jpg"},"_links":{"self":[{"href":"https:\/\/www.ifun.de\/apiv2\/wp\/v2\/posts\/150022","targetHints":{"allow":["GET"]}}],"collection":[{"href":"https:\/\/www.ifun.de\/apiv2\/wp\/v2\/posts"}],"about":[{"href":"https:\/\/www.ifun.de\/apiv2\/wp\/v2\/types\/post"}],"author":[{"embeddable":true,"href":"https:\/\/www.ifun.de\/apiv2\/wp\/v2\/users\/1"}],"replies":[{"embeddable":true,"href":"https:\/\/www.ifun.de\/apiv2\/wp\/v2\/comments?post=150022"}],"version-history":[{"count":5,"href":"https:\/\/www.ifun.de\/apiv2\/wp\/v2\/posts\/150022\/revisions"}],"predecessor-version":[{"id":150030,"href":"https:\/\/www.ifun.de\/apiv2\/wp\/v2\/posts\/150022\/revisions\/150030"}],"wp:featuredmedia":[{"embeddable":true,"href":"https:\/\/www.ifun.de\/apiv2\/wp\/v2\/media\/150025"}],"wp:attachment":[{"href":"https:\/\/www.ifun.de\/apiv2\/wp\/v2\/media?parent=150022"}],"wp:term":[{"taxonomy":"category","embeddable":true,"href":"https:\/\/www.ifun.de\/apiv2\/wp\/v2\/categories?post=150022"},{"taxonomy":"post_tag","embeddable":true,"href":"https:\/\/www.ifun.de\/apiv2\/wp\/v2\/tags?post=150022"}],"curies":[{"name":"wp","href":"https:\/\/api.w.org\/{rel}","templated":true}]}}