{"id":150004,"date":"2020-02-18T13:56:49","date_gmt":"2020-02-18T12:56:49","guid":{"rendered":"https:\/\/www.ifun.de\/?p=150004"},"modified":"2020-02-18T13:58:55","modified_gmt":"2020-02-18T12:58:55","slug":"klimawandel-amazon-chef-startet-bezos-earth-fund-mit-10-mrd","status":"publish","type":"post","link":"https:\/\/www.ifun.de\/klimawandel-amazon-chef-startet-bezos-earth-fund-mit-10-mrd-150004\/","title":{"rendered":"Klimawandel: Amazon-Chef startet &#8222;Bezos Earth Fund&#8220; mit 10 Mrd."},"content":{"rendered":"<p>Der <a href=\"https:\/\/www.instagram.com\/p\/B8rWKFnnQ5c\/\">Instagram-Eintrag<\/a> mit dem Amazon-Chef Jeff Bezos auf seine neue Initiative zum Kampf gegen den Klimawandel aufmerksam machte, h\u00e4tte nicht viel unspektakul\u00e4rer ausfallen k\u00f6nnen. <\/p>\n<p><a href=\"https:\/\/images.ifun.de\/wp-content\/uploads\/2020\/02\/jeffbezos.jpg\"><img decoding=\"async\" src=\"https:\/\/images.ifun.de\/wp-content\/uploads\/2020\/02\/jeffbezos-639x700.jpg\" alt=\"Jeffbezos\" width=\"500\"  class=\"aligncenter size-large wp-image-150007\" srcset=\"https:\/\/images.ifun.de\/wp-content\/uploads\/2020\/02\/jeffbezos-639x700.jpg 639w, https:\/\/images.ifun.de\/wp-content\/uploads\/2020\/02\/jeffbezos-457x500.jpg 457w, https:\/\/images.ifun.de\/wp-content\/uploads\/2020\/02\/jeffbezos-768x841.jpg 768w, https:\/\/images.ifun.de\/wp-content\/uploads\/2020\/02\/jeffbezos.jpg 992w\" sizes=\"(max-width: 639px) 100vw, 639px\" \/><\/a><\/p>\n<p>Zwei Textabs\u00e4tze, ein Satellitenbild des blauen Planeten und ein Versprechen: Bezos wird seinen neu gegr\u00fcndeten &#8222;Bezos Earth Fund&#8220; mit einem Startkapital von 10 Milliarden US-Dollar ausstatten, um so gegen die gr\u00f6\u00dfte Bedrohung der Menschheit anzuk\u00e4mpfen. <\/p>\n<p>Bezos erkl\u00e4rt:<\/p>\n<blockquote><p>Der Klimawandel ist die gr\u00f6\u00dfte Bedrohung f\u00fcr unseren Planeten. Ich m\u00f6chte mit anderen zusammenarbeiten, um sowohl bekannte Wege zu erweitern als auch neue Wege zu erforschen, um die verheerenden Auswirkungen des Klimawandels auf diesen Planeten, den wir alle teilen, zu bek\u00e4mpfen. Diese globale Initiative wird Wissenschaftler, Aktivisten und NGOs finanzieren &#8211; jede Anstrengung, die eine echte M\u00f6glichkeit bietet, zur Erhaltung und zum Schutz der nat\u00fcrlichen Welt beizutragen. Wir k\u00f6nnen die Erde retten. Sie wird kollektive Ma\u00dfnahmen von gro\u00dfen Unternehmen, kleinen Firmen, Nationalstaaten, globalen Organisationen und Einzelpersonen erfordern. <\/p>\n<p>Ich verpflichte mich, mit 10 Milliarden Dollar zu beginnen, und werde in diesem Sommer mit der Ausgabe von Zusch\u00fcssen beginnen. Die Erde ist das Einzige, was wir alle gemeinsam haben &#8211; lasst sie uns gemeinsam sch\u00fctzen.<\/p><\/blockquote>\n<p>Aus dem Umfeld des Amazon-Chefs <a href=\"https:\/\/www.theverge.com\/2020\/2\/17\/21141132\/jeff-bezos-earth-fund-ten-billion-climate-change\">hei\u00dft es<\/a>, dass der &#8222;Bezos Earth Fund&#8220; nicht gewinnorientiert arbeiten wird. Die Gelder werden entsprechend nicht als Investments angelegt, sondern in Form von Spenden ausgegeben. Bezos selbst verf\u00fcgt \u00fcber ein Verm\u00f6gen von rund 130 Milliarden Dollar. <\/p>\n","protected":false},"excerpt":{"rendered":"<a href=\"https:\/\/www.ifun.de\/klimawandel-amazon-chef-startet-bezos-earth-fund-mit-10-mrd-150004\/\"><img width=\"150\" height=\"150\" src=\"https:\/\/images.ifun.de\/wp-content\/uploads\/2020\/02\/besoz-earth-fund-150x150.jpg\" class=\"alignright tfe wp-post-image\" alt=\"Besoz Earth Fund\" decoding=\"async\" loading=\"lazy\" \/><\/a><p>Der Instagram-Eintrag mit dem Amazon-Chef Jeff Bezos auf seine neue Initiative zum Kampf gegen den Klimawandel aufmerksam machte, h\u00e4tte nicht viel unspektakul\u00e4rer ausfallen k\u00f6nnen. Zwei Textabs\u00e4tze, ein Satellitenbild des blauen Planeten und ein Versprechen: Bezos wird seinen neu gegr\u00fcndeten &#8222;Bezos Earth Fund&#8220; mit einem Startkapital von 10 Milliarden US-Dollar ausstatten, um so gegen die gr\u00f6\u00dfte [&hellip;]<\/p>\n","protected":false},"author":1,"featured_media":150005,"comment_status":"open","ping_status":"closed","sticky":false,"template":"","format":"standard","meta":{"_acf_changed":false,"footnotes":""},"categories":[1],"tags":[4836,4835,76],"class_list":["post-150004","post","type-post","status-publish","format-standard","has-post-thumbnail","hentry","category-news","tag-jeff-bezos","tag-klimawandel","tag-umwelt"],"acf":[],"aioseo_notices":[],"subheadline":["\"gr\u00f6\u00dfte Bedrohung des Planeten\""],"featured_image":["https:\/\/images.ifun.de\/wp-content\/uploads\/2020\/02\/besoz-earth-fund.jpg"],"rest_api_enabler":{"subheadline":"\"gr\u00f6\u00dfte Bedrohung des Planeten\"","featured_image":"https:\/\/images.ifun.de\/wp-content\/uploads\/2020\/02\/besoz-earth-fund.jpg"},"_links":{"self":[{"href":"https:\/\/www.ifun.de\/apiv2\/wp\/v2\/posts\/150004","targetHints":{"allow":["GET"]}}],"collection":[{"href":"https:\/\/www.ifun.de\/apiv2\/wp\/v2\/posts"}],"about":[{"href":"https:\/\/www.ifun.de\/apiv2\/wp\/v2\/types\/post"}],"author":[{"embeddable":true,"href":"https:\/\/www.ifun.de\/apiv2\/wp\/v2\/users\/1"}],"replies":[{"embeddable":true,"href":"https:\/\/www.ifun.de\/apiv2\/wp\/v2\/comments?post=150004"}],"version-history":[{"count":4,"href":"https:\/\/www.ifun.de\/apiv2\/wp\/v2\/posts\/150004\/revisions"}],"predecessor-version":[{"id":150010,"href":"https:\/\/www.ifun.de\/apiv2\/wp\/v2\/posts\/150004\/revisions\/150010"}],"wp:featuredmedia":[{"embeddable":true,"href":"https:\/\/www.ifun.de\/apiv2\/wp\/v2\/media\/150005"}],"wp:attachment":[{"href":"https:\/\/www.ifun.de\/apiv2\/wp\/v2\/media?parent=150004"}],"wp:term":[{"taxonomy":"category","embeddable":true,"href":"https:\/\/www.ifun.de\/apiv2\/wp\/v2\/categories?post=150004"},{"taxonomy":"post_tag","embeddable":true,"href":"https:\/\/www.ifun.de\/apiv2\/wp\/v2\/tags?post=150004"}],"curies":[{"name":"wp","href":"https:\/\/api.w.org\/{rel}","templated":true}]}}