{"id":149662,"date":"2020-02-11T10:36:13","date_gmt":"2020-02-11T09:36:13","guid":{"rendered":"https:\/\/www.ifun.de\/?p=149662"},"modified":"2020-02-11T10:40:01","modified_gmt":"2020-02-11T09:40:01","slug":"macos-10-15-4-erste-beta-referenziert-amd-prozessoren","status":"publish","type":"post","link":"https:\/\/www.ifun.de\/macos-10-15-4-erste-beta-referenziert-amd-prozessoren-149662\/","title":{"rendered":"macOS 10.15.4: Erste Beta referenziert AMD-Prozessoren"},"content":{"rendered":"<p>In der seit der vergangenen Woche verf\u00fcgbaren, ersten Beta von macOS 10.15.4 haben <a href=\"https:\/\/twitter.com\/_rogame\/status\/1225381275617415168\">neugierige Entwickler<\/a> einmal mehr Referenzen auf zahlreiche Prozessoren des Intel-Konkurrenten AMD ausgemacht.<\/p>\n<p><a href=\"https:\/\/images.ifun.de\/wp-content\/uploads\/2020\/02\/amd-referenzen.jpg\"><img loading=\"lazy\" decoding=\"async\" src=\"https:\/\/images.ifun.de\/wp-content\/uploads\/2020\/02\/amd-referenzen-500x329.jpg\" alt=\"Amd Referenzen\" width=\"500\" height=\"329\" class=\"aligncenter size-medium wp-image-149667\" srcset=\"https:\/\/images.ifun.de\/wp-content\/uploads\/2020\/02\/amd-referenzen-500x329.jpg 500w, https:\/\/images.ifun.de\/wp-content\/uploads\/2020\/02\/amd-referenzen-700x460.jpg 700w, https:\/\/images.ifun.de\/wp-content\/uploads\/2020\/02\/amd-referenzen.jpg 742w\" sizes=\"auto, (max-width: 500px) 100vw, 500px\" \/><\/a><\/p>\n<p>Eine Entdeckung, die Spekulationen anfacht, Apple k\u00f6nnte sich aus der seit Jahren exklusiv gepflegten Partnerschaft mit Intel l\u00f6sen, um die als kr\u00e4ftiger geltenden AMD-Prozessoren in k\u00fcnftigen Desktop-Rechnern zu verbauen. <\/p>\n<p>Zwar setzt Apple schon l\u00e4nger auf die Logik-Bausteine des in Kalifornien ans\u00e4ssigen Unternehmens Advanced Micro Devices, beschr\u00e4nkt sich bislang jedoch auf Grafik-Chips. <\/p>\n<p>Erste Hinweise auf AMD-Vorbereitungen Apples tauchten vor zwei Monaten in der dritten Beta von macOS Catalina 10.15.2 auf. Aktuell listet das Mac-Betriebssystem unter anderem AMDs Navi-Plattform sowie die APU-Serien &#8222;Van Gogh&#8220;, &#8222;Renoir&#8220;, &#8222;Picasso&#8220; und &#8222;Raven&#8220;.<\/p>\n","protected":false},"excerpt":{"rendered":"<a href=\"https:\/\/www.ifun.de\/macos-10-15-4-erste-beta-referenziert-amd-prozessoren-149662\/\"><img width=\"150\" height=\"150\" src=\"https:\/\/images.ifun.de\/wp-content\/uploads\/2020\/02\/amd-apple-150x150.jpg\" class=\"alignright tfe wp-post-image\" alt=\"Amd Apple\" decoding=\"async\" loading=\"lazy\" \/><\/a><p>In der seit der vergangenen Woche verf\u00fcgbaren, ersten Beta von macOS 10.15.4 haben neugierige Entwickler einmal mehr Referenzen auf zahlreiche Prozessoren des Intel-Konkurrenten AMD ausgemacht. Eine Entdeckung, die Spekulationen anfacht, Apple k\u00f6nnte sich aus der seit Jahren exklusiv gepflegten Partnerschaft mit Intel l\u00f6sen, um die als kr\u00e4ftiger geltenden AMD-Prozessoren in k\u00fcnftigen Desktop-Rechnern zu verbauen. Zwar [&hellip;]<\/p>\n","protected":false},"author":1,"featured_media":149663,"comment_status":"open","ping_status":"closed","sticky":false,"template":"","format":"standard","meta":{"_acf_changed":false,"footnotes":""},"categories":[1],"tags":[4736,739,3095,6322],"class_list":["post-149662","post","type-post","status-publish","format-standard","has-post-thumbnail","hentry","category-news","tag-apple","tag-intel","tag-macos","tag-rumors"],"acf":[],"aioseo_notices":[],"featured_image":["https:\/\/images.ifun.de\/wp-content\/uploads\/2020\/02\/amd-apple.jpg"],"subheadline":["Emanzipation von Intel?"],"rest_api_enabler":{"featured_image":"https:\/\/images.ifun.de\/wp-content\/uploads\/2020\/02\/amd-apple.jpg","subheadline":"Emanzipation von Intel?"},"_links":{"self":[{"href":"https:\/\/www.ifun.de\/apiv2\/wp\/v2\/posts\/149662","targetHints":{"allow":["GET"]}}],"collection":[{"href":"https:\/\/www.ifun.de\/apiv2\/wp\/v2\/posts"}],"about":[{"href":"https:\/\/www.ifun.de\/apiv2\/wp\/v2\/types\/post"}],"author":[{"embeddable":true,"href":"https:\/\/www.ifun.de\/apiv2\/wp\/v2\/users\/1"}],"replies":[{"embeddable":true,"href":"https:\/\/www.ifun.de\/apiv2\/wp\/v2\/comments?post=149662"}],"version-history":[{"count":4,"href":"https:\/\/www.ifun.de\/apiv2\/wp\/v2\/posts\/149662\/revisions"}],"predecessor-version":[{"id":149668,"href":"https:\/\/www.ifun.de\/apiv2\/wp\/v2\/posts\/149662\/revisions\/149668"}],"wp:featuredmedia":[{"embeddable":true,"href":"https:\/\/www.ifun.de\/apiv2\/wp\/v2\/media\/149663"}],"wp:attachment":[{"href":"https:\/\/www.ifun.de\/apiv2\/wp\/v2\/media?parent=149662"}],"wp:term":[{"taxonomy":"category","embeddable":true,"href":"https:\/\/www.ifun.de\/apiv2\/wp\/v2\/categories?post=149662"},{"taxonomy":"post_tag","embeddable":true,"href":"https:\/\/www.ifun.de\/apiv2\/wp\/v2\/tags?post=149662"}],"curies":[{"name":"wp","href":"https:\/\/api.w.org\/{rel}","templated":true}]}}