{"id":149166,"date":"2020-01-30T09:41:18","date_gmt":"2020-01-30T08:41:18","guid":{"rendered":"https:\/\/www.ifun.de\/?p=149166"},"modified":"2020-01-30T09:44:37","modified_gmt":"2020-01-30T08:44:37","slug":"deutscher-podcast-preis-2020-das-publikums-voting-laeuft","status":"publish","type":"post","link":"https:\/\/www.ifun.de\/deutscher-podcast-preis-2020-das-publikums-voting-laeuft-149166\/","title":{"rendered":"Deutscher Podcast Preis 2020: Das Publikums-Voting l\u00e4uft"},"content":{"rendered":"<p>Inzwischen ist der Podcast als Medium auch hierzulande v\u00f6llig im Mainstream angekommen &#8211; entsprechend ist die folgende Ank\u00fcndigung fast schon \u00fcberf\u00e4llig: Am 19. M\u00e4rz 2020 wird in Berlin zum ersten Mal der <a href=\"https:\/\/deutscher-podcastpreis.de\/\">Deutsche Podcast Preis<\/a> verliehen.<\/p>\n<p><a href=\"https:\/\/images.ifun.de\/wp-content\/uploads\/2020\/01\/podcast-preis.jpg\"><img loading=\"lazy\" decoding=\"async\" src=\"https:\/\/images.ifun.de\/wp-content\/uploads\/2020\/01\/podcast-preis-500x375.jpg\" alt=\"Podcast Preis\" width=\"500\" height=\"375\" class=\"aligncenter size-medium wp-image-149167\" srcset=\"https:\/\/images.ifun.de\/wp-content\/uploads\/2020\/01\/podcast-preis-500x375.jpg 500w, https:\/\/images.ifun.de\/wp-content\/uploads\/2020\/01\/podcast-preis-700x525.jpg 700w, https:\/\/images.ifun.de\/wp-content\/uploads\/2020\/01\/podcast-preis-768x576.jpg 768w, https:\/\/images.ifun.de\/wp-content\/uploads\/2020\/01\/podcast-preis-1536x1152.jpg 1536w, https:\/\/images.ifun.de\/wp-content\/uploads\/2020\/01\/podcast-preis.jpg 2000w\" sizes=\"auto, (max-width: 500px) 100vw, 500px\" \/><\/a><\/p>\n<p>Initiatoren des Deutschen Podcast Preis sind dreizehn Akteure der Audiobranche, darunter der Bayerische Rundfunk und das Deutschlandradio aber auch viele kommerzielle Schwergewichte wie etwa die Audio-Plattform radio.de, Axel Springer, die Amazon-Tochter Audible, Spotify und die AdFactory-Werbeagentur von ProSiebenSat.1.<\/p>\n<p>Der Deutsche Podcast Preis 2020 wird in den Kategorien &#8222;Beste Journalistische Leistung&#8220;, &#8222;Beste Produktion&#8220;, &#8222;Beste*r Interviewer*in&#8220;, &#8222;Beste*r Newcomer*in&#8220;, &#8222;Bestes Skript&#8220; und &#8222;Bestes Talk-Team&#8220; vergeben.<\/p>\n<p>Neben den sechs Kategorien des Deutschen Podcast Preises, bei denen die Gewinner durch eine Jury ermittelt werden, haben alle eingereichten Podcasts auch die Chance, Gewinner in einer siebten Kategorie \u2013 dem Publikums-Voting \u2013 zu werden. Hier l\u00e4uft die Abstimmung noch bis zum 29. Februar 2020. <\/p>\n<p>Die Auswahl, die unter <a href=\"https:\/\/deutscher-podcastpreis.de\">deutscher-podcastpreis.de<\/a> auf euch wartet, ist mit 500 Einreichungen allerdings erschlagend breit. So breit, dass erste Jury-Mitglieder <a href=\"https:\/\/uebermedien.de\/45449\/der-deutsche-podcastpreis-ist-eine-fehlkonstruktion\/\">bereits einger\u00e4umt haben<\/a>, von der Auswahl \u00fcberfordert zu sein. <\/p>\n<p><center><\/p>\n<blockquote class=\"twitter-tweet\">\n<p lang=\"de\" dir=\"ltr\">Ich h\u00f6re sie nicht komplett alle. Mir ging es jetzt nach den ersten 10 bis 20 Beispielen so, dass ich mit H\u00f6rbeispiel und Anrei\u00dfer schon nach einer Minute einigerma\u00dfen einsch\u00e4tzen konnte, ob ein Podcast in meine engere Auswahl kommt.<\/p>\n<p>&mdash; Dennis Horn (@horn) <a href=\"https:\/\/twitter.com\/horn\/status\/1219010602829598720?ref_src=twsrc%5Etfw\">January 19, 2020<\/a><\/p><\/blockquote>\n<p> <script async src=\"https:\/\/platform.twitter.com\/widgets.js\" charset=\"utf-8\"><\/script><br \/>\n<\/center><\/p>\n<p>Zur Auswahl stehen auch Audio-Shows wie die Spotify-Produktion <a href=\"https:\/\/www.deutscher-podcastpreis.de\/podcasts\/paardiologie\/\">Paardiologie<\/a>, die mit konventionellen Podcasts nicht viel gemein haben, da der Zugriff au\u00dferhalb der Spotify-App nicht m\u00f6glich ist. <\/p>\n","protected":false},"excerpt":{"rendered":"<a href=\"https:\/\/www.ifun.de\/deutscher-podcast-preis-2020-das-publikums-voting-laeuft-149166\/\"><img width=\"150\" height=\"150\" src=\"https:\/\/images.ifun.de\/wp-content\/uploads\/2020\/01\/podcast-preis-feature-150x150.jpg\" class=\"alignright tfe wp-post-image\" alt=\"Podcast Preis Feature\" decoding=\"async\" loading=\"lazy\" \/><\/a><p>Inzwischen ist der Podcast als Medium auch hierzulande v\u00f6llig im Mainstream angekommen &#8211; entsprechend ist die folgende Ank\u00fcndigung fast schon \u00fcberf\u00e4llig: Am 19. M\u00e4rz 2020 wird in Berlin zum ersten Mal der Deutsche Podcast Preis verliehen. Initiatoren des Deutschen Podcast Preis sind dreizehn Akteure der Audiobranche, darunter der Bayerische Rundfunk und das Deutschlandradio aber auch [&hellip;]<\/p>\n","protected":false},"author":1,"featured_media":149168,"comment_status":"open","ping_status":"closed","sticky":false,"template":"","format":"standard","meta":{"_acf_changed":false,"footnotes":""},"categories":[1],"tags":[4802,446],"class_list":["post-149166","post","type-post","status-publish","format-standard","has-post-thumbnail","hentry","category-news","tag-deutscher-podcast-preis","tag-podcast"],"acf":[],"aioseo_notices":[],"featured_image":["https:\/\/images.ifun.de\/wp-content\/uploads\/2020\/01\/podcast-preis-feature.jpg"],"subheadline":["\u00dcber 500 nominierte"],"rest_api_enabler":{"featured_image":"https:\/\/images.ifun.de\/wp-content\/uploads\/2020\/01\/podcast-preis-feature.jpg","subheadline":"\u00dcber 500 nominierte"},"_links":{"self":[{"href":"https:\/\/www.ifun.de\/apiv2\/wp\/v2\/posts\/149166","targetHints":{"allow":["GET"]}}],"collection":[{"href":"https:\/\/www.ifun.de\/apiv2\/wp\/v2\/posts"}],"about":[{"href":"https:\/\/www.ifun.de\/apiv2\/wp\/v2\/types\/post"}],"author":[{"embeddable":true,"href":"https:\/\/www.ifun.de\/apiv2\/wp\/v2\/users\/1"}],"replies":[{"embeddable":true,"href":"https:\/\/www.ifun.de\/apiv2\/wp\/v2\/comments?post=149166"}],"version-history":[{"count":3,"href":"https:\/\/www.ifun.de\/apiv2\/wp\/v2\/posts\/149166\/revisions"}],"predecessor-version":[{"id":149171,"href":"https:\/\/www.ifun.de\/apiv2\/wp\/v2\/posts\/149166\/revisions\/149171"}],"wp:featuredmedia":[{"embeddable":true,"href":"https:\/\/www.ifun.de\/apiv2\/wp\/v2\/media\/149168"}],"wp:attachment":[{"href":"https:\/\/www.ifun.de\/apiv2\/wp\/v2\/media?parent=149166"}],"wp:term":[{"taxonomy":"category","embeddable":true,"href":"https:\/\/www.ifun.de\/apiv2\/wp\/v2\/categories?post=149166"},{"taxonomy":"post_tag","embeddable":true,"href":"https:\/\/www.ifun.de\/apiv2\/wp\/v2\/tags?post=149166"}],"curies":[{"name":"wp","href":"https:\/\/api.w.org\/{rel}","templated":true}]}}