{"id":149132,"date":"2020-01-29T16:32:19","date_gmt":"2020-01-29T15:32:19","guid":{"rendered":"https:\/\/www.ifun.de\/?p=149132"},"modified":"2020-01-29T17:07:02","modified_gmt":"2020-01-29T16:07:02","slug":"missbraeuchliche-preiserhoehung-bundesnetzagentur-prueft-die-post","status":"publish","type":"post","link":"https:\/\/www.ifun.de\/missbraeuchliche-preiserhoehung-bundesnetzagentur-prueft-die-post-149132\/","title":{"rendered":"Missbr\u00e4uchliche Preiserh\u00f6hung: Bundesnetzagentur pr\u00fcft die Post"},"content":{"rendered":"<p>Die Bundesnetzagentur hat ein Verfahren der nachtr\u00e4glichen Entgelt\u00fcberpr\u00fcfung gegen die Deutsche Post AG eingeleitet. Anlass ist die Erh\u00f6hung der Paketpreise f\u00fcr Privatkunden, die die Post zum 1. Januar 2020 vorgenommen hatte &#8211; <a href=\"https:\/\/www.ifun.de\/dhl-erhoeht-paketpreise-zum-1-januar-2020-147607\/\">ifun.de berichtete<\/a>. <\/p>\n<p><a href=\"https:\/\/images.ifun.de\/wp-content\/uploads\/2019\/12\/paketmarke.jpg\"><img loading=\"lazy\" decoding=\"async\" src=\"https:\/\/images.ifun.de\/wp-content\/uploads\/2019\/12\/paketmarke-500x391.jpg\" alt=\"Paketmarke\" width=\"500\" height=\"391\" class=\"aligncenter size-medium wp-image-147612\" srcset=\"https:\/\/images.ifun.de\/wp-content\/uploads\/2019\/12\/paketmarke-500x391.jpg 500w, https:\/\/images.ifun.de\/wp-content\/uploads\/2019\/12\/paketmarke-700x547.jpg 700w, https:\/\/images.ifun.de\/wp-content\/uploads\/2019\/12\/paketmarke-768x600.jpg 768w, https:\/\/images.ifun.de\/wp-content\/uploads\/2019\/12\/paketmarke.jpg 1482w\" sizes=\"auto, (max-width: 500px) 100vw, 500px\" \/><\/a><\/p>\n<p>Die Bundesnetzagentur vermutet, dass die neuen Paketpreise \u00fcber den tats\u00e4chlich anfallenden Kosten liegen und somit \u00fcberh\u00f6ht sind. Unter Wettbewerbsbedingungen k\u00f6nnten sie nicht verlangt werden. Die Bundesnetzagentur kann im Moment nicht erkennen, dass die von der Post zur Begr\u00fcndung angef\u00fchrten gestiegenen Personal- und Transportkosten die Preisanpassung rechtfertigen w\u00fcrde.<\/p>\n<p>Dar\u00fcber hinaus begegnet es gro\u00dfen Bedenken, dass die Entgelte f\u00fcr online-frankierte Pakete deutlich niedriger sind als die entsprechenden Schalterprodukte. Die Bundesnetzagentur vermutet hier eine einseitige Belastung des Schalterpakets. Es ist bisher nicht erkennbar, dass der Preisunterschied durch die Kostenstruktur gerechtfertigt ist.<\/p>\n<p>Jochen Homann, Pr\u00e4sident der Bundesnetzagentur, kommentiert: <\/p>\n<blockquote><p>&#8222;Es gibt deutliche Hinweise, dass die Post einseitig zu Lasten von Privatkunden ungerechtfertigte Erh\u00f6hungen der Paketpreise vorgenommen hat. Wir haben der Post unsere Bedenken gegen die Preiserh\u00f6hung bereits im Vorfeld verdeutlicht. Nun werden wir in einem offiziellen Verfahren untersuchen, ob die Post ihre Paketpreise missbr\u00e4uchlich erh\u00f6ht hat.&#8220;<\/p><\/blockquote>\n<p><a href=\"https:\/\/www.ifun.de\/dhl-erhoeht-paketpreise-zum-1-januar-2020-147607\/\">Wie berichtet<\/a> hatte die Post zum 1. Januar 2020 die Paketpreise in mehreren Kategorien erh\u00f6ht. Dabei wurden die unterschiedlichen Produkte unterschiedlich stark verteuert. <\/p>\n<p><a href=\"https:\/\/images.ifun.de\/wp-content\/uploads\/2019\/12\/dhl-porto-preise_1500.jpg\"><img loading=\"lazy\" decoding=\"async\" src=\"https:\/\/images.ifun.de\/wp-content\/uploads\/2019\/12\/dhl-porto-preise_1500-700x432.jpg\" alt=\"Dhl Porto Preise 1500\" width=\"700\" height=\"432\" class=\"aligncenter size-large wp-image-147610\" srcset=\"https:\/\/images.ifun.de\/wp-content\/uploads\/2019\/12\/dhl-porto-preise_1500-700x432.jpg 700w, https:\/\/images.ifun.de\/wp-content\/uploads\/2019\/12\/dhl-porto-preise_1500-500x309.jpg 500w, https:\/\/images.ifun.de\/wp-content\/uploads\/2019\/12\/dhl-porto-preise_1500-768x474.jpg 768w, https:\/\/images.ifun.de\/wp-content\/uploads\/2019\/12\/dhl-porto-preise_1500.jpg 1500w\" sizes=\"auto, (max-width: 700px) 100vw, 700px\" \/><\/a><\/p>\n<p>F\u00fcr ein bis zu zwei Kilo schweres, mittelgro\u00dfes P\u00e4ckchen werden in der Filiale f\u00fcr den Inlandsversand 4,79 Euro verlangt, zuvor waren es 4,50 Euro. Der Preis f\u00fcr ein 10-Kilo-Paket ist um einen Euro auf 10,49 Euro gestiegen. F\u00fcr online frankierte Pakete verlangt die Post bei einigen Produkten ein reduziertes Entgelt. So kostet das genannte 2-Kilo-P\u00e4ckchen in diesem Fall nur 4,49 Euro und das 10-Kilo-Paket 9,49 Euro.<\/p>\n<p>Nach Angaben der Post reagierte man mit den Preiserh\u00f6hungen auf \u201eallgemein gestiegene Personal- und Transportkosten\u201c.<\/p>\n<p>Bereits im Vorfeld der Preiserh\u00f6hungen konnte die Post die von der Bundesnetzagentur ge\u00e4u\u00dferten Bedenken nicht ausr\u00e4umen &#8211; dies muss nun im Laufe der kommenden zwei Monate geschehen.<\/p>\n","protected":false},"excerpt":{"rendered":"<a href=\"https:\/\/www.ifun.de\/missbraeuchliche-preiserhoehung-bundesnetzagentur-prueft-die-post-149132\/\"><img decoding=\"async\" width=\"150\" src=\"https:\/\/images.ifun.de\/wp-content\/uploads\/2019\/12\/paketmarke-500x391.jpg\" class=\"alignright wp-post-image tfe\" alt=\"Paketmarke\" title=\"\" \/><\/a><p>Die Bundesnetzagentur hat ein Verfahren der nachtr\u00e4glichen Entgelt\u00fcberpr\u00fcfung gegen die Deutsche Post AG eingeleitet. Anlass ist die Erh\u00f6hung der Paketpreise f\u00fcr Privatkunden, die die Post zum 1. Januar 2020 vorgenommen hatte &#8211; ifun.de berichtete. Die Bundesnetzagentur vermutet, dass die neuen Paketpreise \u00fcber den tats\u00e4chlich anfallenden Kosten liegen und somit \u00fcberh\u00f6ht sind. Unter Wettbewerbsbedingungen k\u00f6nnten sie [&hellip;]<\/p>\n","protected":false},"author":1,"featured_media":0,"comment_status":"open","ping_status":"closed","sticky":false,"template":"","format":"standard","meta":{"_acf_changed":false,"footnotes":""},"categories":[1],"tags":[1655,115,3218,4762],"class_list":["post-149132","post","type-post","status-publish","format-standard","hentry","category-news","tag-dhl","tag-geld","tag-paket","tag-porto"],"acf":[],"aioseo_notices":[],"subheadline":["\"einseitig zu Lasten von Privatkunden\"","\"einseitig zu Lasten von Privatkunden\""],"featured_image":["https:\/\/images.ifun.de\/wp-content\/uploads\/2019\/12\/paket-schein-wallet.jpg"],"rest_api_enabler":{"subheadline":["\"einseitig zu Lasten von Privatkunden\"","\"einseitig zu Lasten von Privatkunden\""],"featured_image":"https:\/\/images.ifun.de\/wp-content\/uploads\/2019\/12\/paket-schein-wallet.jpg"},"_links":{"self":[{"href":"https:\/\/www.ifun.de\/apiv2\/wp\/v2\/posts\/149132","targetHints":{"allow":["GET"]}}],"collection":[{"href":"https:\/\/www.ifun.de\/apiv2\/wp\/v2\/posts"}],"about":[{"href":"https:\/\/www.ifun.de\/apiv2\/wp\/v2\/types\/post"}],"author":[{"embeddable":true,"href":"https:\/\/www.ifun.de\/apiv2\/wp\/v2\/users\/1"}],"replies":[{"embeddable":true,"href":"https:\/\/www.ifun.de\/apiv2\/wp\/v2\/comments?post=149132"}],"version-history":[{"count":7,"href":"https:\/\/www.ifun.de\/apiv2\/wp\/v2\/posts\/149132\/revisions"}],"predecessor-version":[{"id":149139,"href":"https:\/\/www.ifun.de\/apiv2\/wp\/v2\/posts\/149132\/revisions\/149139"}],"wp:attachment":[{"href":"https:\/\/www.ifun.de\/apiv2\/wp\/v2\/media?parent=149132"}],"wp:term":[{"taxonomy":"category","embeddable":true,"href":"https:\/\/www.ifun.de\/apiv2\/wp\/v2\/categories?post=149132"},{"taxonomy":"post_tag","embeddable":true,"href":"https:\/\/www.ifun.de\/apiv2\/wp\/v2\/tags?post=149132"}],"curies":[{"name":"wp","href":"https:\/\/api.w.org\/{rel}","templated":true}]}}