{"id":148650,"date":"2020-01-18T11:24:28","date_gmt":"2020-01-18T10:24:28","guid":{"rendered":"https:\/\/www.ifun.de\/?p=148650"},"modified":"2020-01-20T08:05:55","modified_gmt":"2020-01-20T07:05:55","slug":"apple-plant-neues-entwicklungszentrum-in-muenchen","status":"publish","type":"post","link":"https:\/\/www.ifun.de\/apple-plant-neues-entwicklungszentrum-in-muenchen-148650\/","title":{"rendered":"Apple plant neues Entwicklungszentrum in M\u00fcnchen"},"content":{"rendered":"<p>Apple will seine Pr\u00e4senz in M\u00fcnchen deutlich erweitern. Einem Bericht der <a href=\"https:\/\/www.sueddeutsche.de\/muenchen\/muenchen-wirtschaft-apple-neuer-standort-1.4761133\">S\u00fcddeutschen Zeitung<\/a> zufolge wird der iPhone-Hersteller die 30.000 Quadratmeter B\u00fcrofl\u00e4che in einem B\u00fcroneubau in der M\u00fcnchener Karlstra\u00dfe komplett f\u00fcr sich beanspruchen. Die Mietvertr\u00e4ge seien bereits unterzeichnet.<\/p>\n<blockquote class=\"twitter-tweet\">\n<p lang=\"en\" dir=\"ltr\">Among the many things our Bavarian Design Center team works on are the silicon chips that improve battery life. Thanks to our teams here in Munich for their superb engineering and attention to detail. Macht weiter so mit Euer gro\u00dfartigen Arbeit! &#x1f1e9;&#x1f1ea; <a href=\"https:\/\/t.co\/JZT0vVCdTb\">pic.twitter.com\/JZT0vVCdTb<\/a><\/p>\n<p>&mdash; Tim Cook (@tim_cook) <a href=\"https:\/\/twitter.com\/tim_cook\/status\/1178576994486951936?ref_src=twsrc%5Etfw\">September 30, 2019<\/a><\/p><\/blockquote>\n<p> <script async src=\"https:\/\/platform.twitter.com\/widgets.js\" charset=\"utf-8\"><\/script><\/p>\n<p>Apple h\u00e4lt bereits seine Deutschlandzentrale sowie mit dem &#8222;Bavarian Design Center&#8220; ein 300 Mitarbeiter starkes Entwicklungszentrum f\u00fcr Prozessortechnologie in der bayerischen Metropole. Tim Cook war dort zuletzt im September zu Besuch. Aktuell <a href=\"https:\/\/jobs.apple.com\/de-de\/search?location=germany-DEU+munich-MUN&amp;team=apps-and-frameworks-SFTWR-AF+cloud-and-infrastructure-SFTWR-CLD+core-operating-systems-SFTWR-COS+devops-and-site-reliability-SFTWR-DSR+engineering-project-management-SFTWR-EPM+information-systems-and-technology-SFTWR-ISTECH+machine-learning-and-ai-SFTWR-MCHLN+security-and-privacy-SFTWR-SEC+software-quality-automation-and-tools-SFTWR-SQAT+wireless-software-SFTWR-WSFT+acoustic-technologies-HRDWR-ACT+analog-and-digital-design-HRDWR-ADD+architecture-HRDWR-ARCH+battery-engineering-HRDWR-BE+camera-technologies-HRDWR-CAM+display-technologies-HRDWR-DISP+engineering-project-management-HRDWR-EPM+environmental-technologies-HRDWR-ENVT+health-technology-HRDWR-HT+machine-learning-and-ai-HRDWR-MCHLN+mechanical-engineering-HRDWR-ME+process-engineering-HRDWR-PE+reliability-engineering-HRDWR-REL+sensor-technologies-HRDWR-SENT+silicon-technologies-HRDWR-SILT+system-design-and-test-engineering-HRDWR-SDE+wireless-hardware-HRDWR-WT\">sucht<\/a> das Unternehmen hierf\u00fcr aktiv nach Verst\u00e4rkung, unter anderem sind Mitarbeiter im Bereich Prozessor- und Modementwicklung gefragt. Dem Bericht zufolge sollen in dem neu von Apple angemieteten B\u00fcrogeb\u00e4ude letztendlich rund 1.500 Besch\u00e4ftigte Platz finden, die Fertigstellung sei f\u00fcr 2021 geplant.<\/p>\n<p>Die Deutschlandzentrale von Apple ist unabh\u00e4ngig davon Ende 2019 in die M\u00fcnchener Katharina-von-Bora-Stra\u00dfe umgezogen. Der Neubau in der Karlstra\u00dfe soll wie es scheint dann ausschlie\u00dflich Entwicklungsteams beherbergen und dem Bericht zufolge nach au\u00dfen auch nicht als Apple-Einrichtung erkennbar sein.<\/p>\n<p><h8>Korrektur: Wir haben nachtr\u00e4glich den Umzug der Firmenzentrale erg\u00e4nzt. Besten Dank an Sandra.<\/h8><\/p>\n","protected":false},"excerpt":{"rendered":"<p>Apple will seine Pr\u00e4senz in M\u00fcnchen deutlich erweitern. Einem Bericht der S\u00fcddeutschen Zeitung zufolge wird der iPhone-Hersteller die 30.000 Quadratmeter B\u00fcrofl\u00e4che in einem B\u00fcroneubau in der M\u00fcnchener Karlstra\u00dfe komplett f\u00fcr sich beanspruchen. Die Mietvertr\u00e4ge seien bereits unterzeichnet. Among the many things our Bavarian Design Center team works on are the silicon chips that improve battery [&hellip;]<\/p>\n","protected":false},"author":2,"featured_media":0,"comment_status":"open","ping_status":"closed","sticky":false,"template":"","format":"standard","meta":{"_acf_changed":false,"footnotes":""},"categories":[3,1783],"tags":[4736,143],"class_list":["post-148650","post","type-post","status-publish","format-standard","hentry","category-apple","category-feature","tag-apple","tag-munchen"],"acf":[],"aioseo_notices":[],"subheadline":["Neubau f\u00fcr 1.500 Besch\u00e4ftigte"],"featured_image":["https:\/\/images.ifun.de\/wp-content\/uploads\/2016\/04\/apple-edu-header.jpg"],"rest_api_enabler":{"subheadline":"Neubau f\u00fcr 1.500 Besch\u00e4ftigte","featured_image":"https:\/\/images.ifun.de\/wp-content\/uploads\/2016\/04\/apple-edu-header.jpg"},"_links":{"self":[{"href":"https:\/\/www.ifun.de\/apiv2\/wp\/v2\/posts\/148650","targetHints":{"allow":["GET"]}}],"collection":[{"href":"https:\/\/www.ifun.de\/apiv2\/wp\/v2\/posts"}],"about":[{"href":"https:\/\/www.ifun.de\/apiv2\/wp\/v2\/types\/post"}],"author":[{"embeddable":true,"href":"https:\/\/www.ifun.de\/apiv2\/wp\/v2\/users\/2"}],"replies":[{"embeddable":true,"href":"https:\/\/www.ifun.de\/apiv2\/wp\/v2\/comments?post=148650"}],"version-history":[{"count":6,"href":"https:\/\/www.ifun.de\/apiv2\/wp\/v2\/posts\/148650\/revisions"}],"predecessor-version":[{"id":148657,"href":"https:\/\/www.ifun.de\/apiv2\/wp\/v2\/posts\/148650\/revisions\/148657"}],"wp:attachment":[{"href":"https:\/\/www.ifun.de\/apiv2\/wp\/v2\/media?parent=148650"}],"wp:term":[{"taxonomy":"category","embeddable":true,"href":"https:\/\/www.ifun.de\/apiv2\/wp\/v2\/categories?post=148650"},{"taxonomy":"post_tag","embeddable":true,"href":"https:\/\/www.ifun.de\/apiv2\/wp\/v2\/tags?post=148650"}],"curies":[{"name":"wp","href":"https:\/\/api.w.org\/{rel}","templated":true}]}}