{"id":148481,"date":"2020-01-14T18:56:13","date_gmt":"2020-01-14T17:56:13","guid":{"rendered":"https:\/\/www.ifun.de\/?p=148481"},"modified":"2020-01-14T19:30:21","modified_gmt":"2020-01-14T18:30:21","slug":"mac-pro-jetzt-auch-als-rack-version-verfuegbar","status":"publish","type":"post","link":"https:\/\/www.ifun.de\/mac-pro-jetzt-auch-als-rack-version-verfuegbar-148481\/","title":{"rendered":"Mac Pro jetzt auch als Rack-Version verf\u00fcgbar"},"content":{"rendered":"<p>Apple bietet den <a href=\"https:\/\/apple.sjv.io\/Barjq\">Mac Pro<\/a> jetzt auch passend f\u00fcr den Einbau in Rack-Systeme an. Die neue Rechner-Variante wird mit passenden Befestigungsschienen zum Basispreis von 7.199 Euro angeboten.<\/p>\n<p><a href=\"https:\/\/images.ifun.de\/wp-content\/uploads\/2020\/01\/mac-pro-rack-einbau.jpg\"><img loading=\"lazy\" decoding=\"async\" src=\"https:\/\/images.ifun.de\/wp-content\/uploads\/2020\/01\/mac-pro-rack-einbau-500x384.jpg\" alt=\"Mac Pro Rack Einbau\" width=\"500\" height=\"384\" class=\"alignnone size-medium wp-image-148484\" srcset=\"https:\/\/images.ifun.de\/wp-content\/uploads\/2020\/01\/mac-pro-rack-einbau-500x384.jpg 500w, https:\/\/images.ifun.de\/wp-content\/uploads\/2020\/01\/mac-pro-rack-einbau-700x537.jpg 700w, https:\/\/images.ifun.de\/wp-content\/uploads\/2020\/01\/mac-pro-rack-einbau-768x589.jpg 768w, https:\/\/images.ifun.de\/wp-content\/uploads\/2020\/01\/mac-pro-rack-einbau.jpg 1200w\" sizes=\"auto, (max-width: 500px) 100vw, 500px\" \/><\/a><\/p>\n<p>Die Standard-Tower-Version des Mac Pro kann ja bereits seit Dezember bestellt werden. Apple hatte die beispielsweise f\u00fcr den Einbau in Server-Schr\u00e4nke konzipierte Rack-Version damals zwar angek\u00fcndigt, sich mit Details jedoch zur\u00fcckgehalten und lediglich auf die Verf\u00fcgbarkeit zu einen sp\u00e4teren Zeitpunkt verwiesen.<\/p>\n<p>Die Ausstattungsoptionen der beiden Rechner sind mit Ausnahme der Tatsache, dass Apple f\u00fcr die Standardversion gegen Aufpreis auch Rollen anbietet, identisch. Der Maximalpreis f\u00fcr die Rack-Version liegt aufgrund seines leicht h\u00f6heren Grundpreises dann bei 64.079 Euro.<\/p>\n<p>Abh\u00e4ngig von der gew\u00e4hlten Konfiguration nennt Apple Liefertermine ab dem 29. Januar.<\/p>\n","protected":false},"excerpt":{"rendered":"<a href=\"https:\/\/www.ifun.de\/mac-pro-jetzt-auch-als-rack-version-verfuegbar-148481\/\"><img width=\"150\" height=\"150\" src=\"https:\/\/images.ifun.de\/wp-content\/uploads\/2020\/01\/mac-pro-rack-variante-150x150.jpg\" class=\"alignright tfe wp-post-image\" alt=\"Mac Pro Rack Variante\" decoding=\"async\" loading=\"lazy\" \/><\/a><p>Apple bietet den Mac Pro jetzt auch passend f\u00fcr den Einbau in Rack-Systeme an. Die neue Rechner-Variante wird mit passenden Befestigungsschienen zum Basispreis von 7.199 Euro angeboten. Die Standard-Tower-Version des Mac Pro kann ja bereits seit Dezember bestellt werden. Apple hatte die beispielsweise f\u00fcr den Einbau in Server-Schr\u00e4nke konzipierte Rack-Version damals zwar angek\u00fcndigt, sich mit [&hellip;]<\/p>\n","protected":false},"author":2,"featured_media":148483,"comment_status":"open","ping_status":"closed","sticky":false,"template":"","format":"standard","meta":{"_acf_changed":false,"footnotes":""},"categories":[16],"tags":[1238],"class_list":["post-148481","post","type-post","status-publish","format-standard","has-post-thumbnail","hentry","category-mac","tag-mac-pro"],"acf":[],"aioseo_notices":[],"subheadline":["Zwischen 7.199 und 64.079 Euro"],"featured_image":["https:\/\/images.ifun.de\/wp-content\/uploads\/2020\/01\/mac-pro-rack-variante.jpg"],"rest_api_enabler":{"subheadline":"Zwischen 7.199 und 64.079 Euro","featured_image":"https:\/\/images.ifun.de\/wp-content\/uploads\/2020\/01\/mac-pro-rack-variante.jpg"},"_links":{"self":[{"href":"https:\/\/www.ifun.de\/apiv2\/wp\/v2\/posts\/148481","targetHints":{"allow":["GET"]}}],"collection":[{"href":"https:\/\/www.ifun.de\/apiv2\/wp\/v2\/posts"}],"about":[{"href":"https:\/\/www.ifun.de\/apiv2\/wp\/v2\/types\/post"}],"author":[{"embeddable":true,"href":"https:\/\/www.ifun.de\/apiv2\/wp\/v2\/users\/2"}],"replies":[{"embeddable":true,"href":"https:\/\/www.ifun.de\/apiv2\/wp\/v2\/comments?post=148481"}],"version-history":[{"count":3,"href":"https:\/\/www.ifun.de\/apiv2\/wp\/v2\/posts\/148481\/revisions"}],"predecessor-version":[{"id":148486,"href":"https:\/\/www.ifun.de\/apiv2\/wp\/v2\/posts\/148481\/revisions\/148486"}],"wp:featuredmedia":[{"embeddable":true,"href":"https:\/\/www.ifun.de\/apiv2\/wp\/v2\/media\/148483"}],"wp:attachment":[{"href":"https:\/\/www.ifun.de\/apiv2\/wp\/v2\/media?parent=148481"}],"wp:term":[{"taxonomy":"category","embeddable":true,"href":"https:\/\/www.ifun.de\/apiv2\/wp\/v2\/categories?post=148481"},{"taxonomy":"post_tag","embeddable":true,"href":"https:\/\/www.ifun.de\/apiv2\/wp\/v2\/tags?post=148481"}],"curies":[{"name":"wp","href":"https:\/\/api.w.org\/{rel}","templated":true}]}}