{"id":148445,"date":"2020-01-14T10:01:08","date_gmt":"2020-01-14T09:01:08","guid":{"rendered":"https:\/\/www.ifun.de\/?p=148445"},"modified":"2020-01-15T06:56:16","modified_gmt":"2020-01-15T05:56:16","slug":"macos-catalina-im-pro-mode-weder-ruhig-noch-akkuschonend","status":"publish","type":"post","link":"https:\/\/www.ifun.de\/macos-catalina-im-pro-mode-weder-ruhig-noch-akkuschonend-148445\/","title":{"rendered":"macOS Catalina: Im &#8222;Pro Mode&#8220; weder ruhig noch akkuschonend"},"content":{"rendered":"<p>Viel mehr als ein Text-Fundst\u00fcck aus den Tiefen der aktuellen Beta von macOS Catalina 10.15.3 gibt es bislang zwar nicht, die <a href=\"https:\/\/9to5mac.com\/2020\/01\/13\/macos-beta-hints-at-future-pro-mode-to-boost-performance-on-portable-macs\/\">nun gesichteten<\/a> Konfigurations-Optionen lassen jedoch schon Hoffnungen aufkeimen. <\/p>\n<p><a href=\"https:\/\/images.ifun.de\/wp-content\/uploads\/2018\/07\/volta-screen.jpg\"><img decoding=\"async\" src=\"https:\/\/images.ifun.de\/wp-content\/uploads\/2018\/07\/volta-screen.jpg\" alt=\"Volta Screen\" width=\"500\" class=\"aligncenter size-full wp-image-125032\" srcset=\"https:\/\/images.ifun.de\/wp-content\/uploads\/2018\/07\/volta-screen.jpg 610w, https:\/\/images.ifun.de\/wp-content\/uploads\/2018\/07\/volta-screen-300x236.jpg 300w\" sizes=\"(max-width: 610px) 100vw, 610px\" \/><\/a><\/p>\n<h6>Mit Volta schon m\u00f6glich: Ein selbstverwalteter &#8222;Pro Mode&#8220;<\/h6>\n<p>Die Theorie: Apple k\u00f6nnte seinem Desktop-Betriebssystem macOS zuk\u00fcnftig einen &#8222;Pro Mode&#8220; spendieren, der den Fokus der Maschine ausschlie\u00dflich auf Leistung legt. Sowohl der Stromverbrauch als auch der leise L\u00fcfter-Betrieb w\u00e4ren im Pro-Betrieb zweitrangig. <\/p>\n<p>Entsprechend beschreibt Apple die Einstellung in den Beta-Dateien auch. Hier hei\u00dft es: &#8222;Apps k\u00f6nnen schneller laufen, aber die Akkulaufzeit kann sich verringern und das L\u00fcfterger\u00e4usch kann sich erh\u00f6hen.&#8220;<\/p>\n<p><a href=\"https:\/\/images.ifun.de\/wp-content\/uploads\/2020\/01\/pro-mode-settings.jpg\"><img loading=\"lazy\" decoding=\"async\" src=\"https:\/\/images.ifun.de\/wp-content\/uploads\/2020\/01\/pro-mode-settings-700x193.jpg\" alt=\"Pro Mode Settings\" width=\"700\" height=\"193\" class=\"aligncenter size-large wp-image-148446\" srcset=\"https:\/\/images.ifun.de\/wp-content\/uploads\/2020\/01\/pro-mode-settings-700x193.jpg 700w, https:\/\/images.ifun.de\/wp-content\/uploads\/2020\/01\/pro-mode-settings-500x138.jpg 500w, https:\/\/images.ifun.de\/wp-content\/uploads\/2020\/01\/pro-mode-settings.jpg 747w\" sizes=\"auto, (max-width: 700px) 100vw, 700px\" \/><\/a><\/p>\n<h6>In der Beta versteckt: Texthinweise auf den &#8222;Pro Mode&#8220;<\/h6>\n<p>Eine Strategie, die viele Anwender schon heute nutzen und zu <a href=\"https:\/\/www.ifun.de\/mit-volta-ein-effektiver-stromsparmodus-fuer-das-macbook-pro-125407\/\">Tools wie Volta<\/a> oder dem &#8222;Turbo Boost Switcher Pro&#8220; greifen, um die maximale Leistung ihrer MacBooks grunds\u00e4tzlich drosseln und so von l\u00e4ngeren Akkulaufzeiten zu profitieren. <\/p>\n<p>Schaltet man den &#8222;Turbo Boost&#8220; dann kurzfristig wieder ein, profitiert man im selbst gemachten &#8222;Pro Mode&#8220; zwar von einer schnelleren Rechner-Performance, muss aber mit einer w\u00e4rmeren Maschine und einem erh\u00f6hten Stromhunger leben, wie der Entwickler Marco Arment <a href=\"https:\/\/marco.org\/2020\/01\/13\/macos-low-power-mode-redux\">hier<\/a> mit eigenen Messwerten unterstreicht. <\/p>\n<p><a href=\"https:\/\/images.ifun.de\/wp-content\/uploads\/2020\/01\/turbo-boost.jpg\"><img loading=\"lazy\" decoding=\"async\" src=\"https:\/\/images.ifun.de\/wp-content\/uploads\/2020\/01\/turbo-boost-700x265.jpg\" alt=\"Turbo Boost\" width=\"700\" height=\"265\" class=\"aligncenter size-large wp-image-148447\" srcset=\"https:\/\/images.ifun.de\/wp-content\/uploads\/2020\/01\/turbo-boost-700x265.jpg 700w, https:\/\/images.ifun.de\/wp-content\/uploads\/2020\/01\/turbo-boost-500x189.jpg 500w, https:\/\/images.ifun.de\/wp-content\/uploads\/2020\/01\/turbo-boost-768x290.jpg 768w, https:\/\/images.ifun.de\/wp-content\/uploads\/2020\/01\/turbo-boost.jpg 1296w\" sizes=\"auto, (max-width: 700px) 100vw, 700px\" \/><\/a><\/p>\n<h6>Turbo Boost Switcher Pro: Spart Akku, kostet Zeit<\/h6>\n","protected":false},"excerpt":{"rendered":"<a href=\"https:\/\/www.ifun.de\/macos-catalina-im-pro-mode-weder-ruhig-noch-akkuschonend-148445\/\"><img width=\"150\" height=\"150\" src=\"https:\/\/images.ifun.de\/wp-content\/uploads\/2020\/01\/turbo-boost-150x150.jpg\" class=\"alignright tfe wp-post-image\" alt=\"Turbo Boost\" decoding=\"async\" loading=\"lazy\" \/><\/a><p>Viel mehr als ein Text-Fundst\u00fcck aus den Tiefen der aktuellen Beta von macOS Catalina 10.15.3 gibt es bislang zwar nicht, die nun gesichteten Konfigurations-Optionen lassen jedoch schon Hoffnungen aufkeimen. Mit Volta schon m\u00f6glich: Ein selbstverwalteter &#8222;Pro Mode&#8220; Die Theorie: Apple k\u00f6nnte seinem Desktop-Betriebssystem macOS zuk\u00fcnftig einen &#8222;Pro Mode&#8220; spendieren, der den Fokus der Maschine ausschlie\u00dflich [&hellip;]<\/p>\n","protected":false},"author":1,"featured_media":148447,"comment_status":"open","ping_status":"closed","sticky":false,"template":"","format":"standard","meta":{"_acf_changed":false,"footnotes":""},"categories":[16],"tags":[137,3910,6321,3095,6322],"class_list":["post-148445","post","type-post","status-publish","format-standard","has-post-thumbnail","hentry","category-mac","tag-akku","tag-geruechte","tag-mac","tag-macos","tag-rumors"],"acf":[],"aioseo_notices":[],"subheadline":["Mit \"Turbo Boost Switcher\" schon jetzt m\u00f6glich"],"featured_image":["https:\/\/images.ifun.de\/wp-content\/uploads\/2018\/07\/volta-app.jpg"],"rest_api_enabler":{"subheadline":"Mit \"Turbo Boost Switcher\" schon jetzt m\u00f6glich","featured_image":"https:\/\/images.ifun.de\/wp-content\/uploads\/2018\/07\/volta-app.jpg"},"_links":{"self":[{"href":"https:\/\/www.ifun.de\/apiv2\/wp\/v2\/posts\/148445","targetHints":{"allow":["GET"]}}],"collection":[{"href":"https:\/\/www.ifun.de\/apiv2\/wp\/v2\/posts"}],"about":[{"href":"https:\/\/www.ifun.de\/apiv2\/wp\/v2\/types\/post"}],"author":[{"embeddable":true,"href":"https:\/\/www.ifun.de\/apiv2\/wp\/v2\/users\/1"}],"replies":[{"embeddable":true,"href":"https:\/\/www.ifun.de\/apiv2\/wp\/v2\/comments?post=148445"}],"version-history":[{"count":5,"href":"https:\/\/www.ifun.de\/apiv2\/wp\/v2\/posts\/148445\/revisions"}],"predecessor-version":[{"id":148492,"href":"https:\/\/www.ifun.de\/apiv2\/wp\/v2\/posts\/148445\/revisions\/148492"}],"wp:featuredmedia":[{"embeddable":true,"href":"https:\/\/www.ifun.de\/apiv2\/wp\/v2\/media\/148447"}],"wp:attachment":[{"href":"https:\/\/www.ifun.de\/apiv2\/wp\/v2\/media?parent=148445"}],"wp:term":[{"taxonomy":"category","embeddable":true,"href":"https:\/\/www.ifun.de\/apiv2\/wp\/v2\/categories?post=148445"},{"taxonomy":"post_tag","embeddable":true,"href":"https:\/\/www.ifun.de\/apiv2\/wp\/v2\/tags?post=148445"}],"curies":[{"name":"wp","href":"https:\/\/api.w.org\/{rel}","templated":true}]}}