{"id":148105,"date":"2020-01-07T12:11:14","date_gmt":"2020-01-07T11:11:14","guid":{"rendered":"https:\/\/www.ifun.de\/?p=148105"},"modified":"2020-01-10T12:13:29","modified_gmt":"2020-01-10T11:13:29","slug":"bosch-smart-home-wird-mit-homekit-kompatibel","status":"publish","type":"post","link":"https:\/\/www.ifun.de\/bosch-smart-home-wird-mit-homekit-kompatibel-148105\/","title":{"rendered":"Bosch Smart Home wird mit HomeKit kompatibel"},"content":{"rendered":"<p>Die Smarthome-Produkte von Bosch werden k\u00fcnftig HomeKit unterst\u00fctzen. Der Konzern will die Anbindung seines <a href=\"https:\/\/www.bosch-smarthome.com\/de\/de\">Bosch Smart Home Systems<\/a> im Laufe des Jahres umsetzen. \u00dcber erste Hinweise auf eine entsprechende Kooperation mit Apple konnten wir vergangenen Sommer <a href=\"https:\/\/www.ifun.de\/bosch-smart-home-homekit-zusammenarbeit-in-planung-139581\/\">berichten<\/a>.<\/p>\n<p><a href=\"https:\/\/images.ifun.de\/wp-content\/uploads\/2020\/01\/bosch-smart-home.jpg\"><img loading=\"lazy\" decoding=\"async\" src=\"https:\/\/images.ifun.de\/wp-content\/uploads\/2020\/01\/bosch-smart-home-500x345.jpg\" alt=\"Bosch Smart Home\" width=\"500\" height=\"345\" class=\"alignnone size-medium wp-image-148109\" srcset=\"https:\/\/images.ifun.de\/wp-content\/uploads\/2020\/01\/bosch-smart-home-500x345.jpg 500w, https:\/\/images.ifun.de\/wp-content\/uploads\/2020\/01\/bosch-smart-home-700x483.jpg 700w, https:\/\/images.ifun.de\/wp-content\/uploads\/2020\/01\/bosch-smart-home-768x530.jpg 768w, https:\/\/images.ifun.de\/wp-content\/uploads\/2020\/01\/bosch-smart-home.jpg 1024w\" sizes=\"auto, (max-width: 500px) 100vw, 500px\" \/><\/a><\/p>\n<p>Bosch unterst\u00fctzt bereits Amazon Alexa und den Google Assistant, zudem will sich der Stuttgarter Hersteller noch weiter \u00f6ffnen, und k\u00fcnftig eine Schnittstelle anbieten, \u00fcber die weitere ausgew\u00e4hlte Partner die Bosch-Produkte in eigene L\u00f6sungen einbinden k\u00f6nnen. Die ersten Integrationen sollen im Fr\u00fchjahr umgesetzt werden, darunter eine Anbindung an die Plattform \u201e<a href=\"https:\/\/www.home-connect.com\/de\/de\/\">Home Connect<\/a>\u201c.<\/p>\n<p>Bosch k\u00fcndigt dar\u00fcber hinaus eine Erweiterung seines Alarmystems an. Dank der Integration von Rolladen- und Lichtsteuerung k\u00f6nne man hier beispielsweise im Brandfall alle vernetzten Rolladen automatisch \u00f6ffnen oder im Einbruchsfall Beleuchtungsaktionen starten.<\/p>\n<p><h8>Danke Ludwig<\/h8><\/p>\n","protected":false},"excerpt":{"rendered":"<a href=\"https:\/\/www.ifun.de\/bosch-smart-home-wird-mit-homekit-kompatibel-148105\/\"><img width=\"150\" height=\"150\" src=\"https:\/\/images.ifun.de\/wp-content\/uploads\/2020\/01\/bosch-smart-home-produkte-150x150.jpg\" class=\"alignright tfe wp-post-image\" alt=\"Bosch Smart Home Produkte\" decoding=\"async\" loading=\"lazy\" \/><\/a><p>Die Smarthome-Produkte von Bosch werden k\u00fcnftig HomeKit unterst\u00fctzen. Der Konzern will die Anbindung seines Bosch Smart Home Systems im Laufe des Jahres umsetzen. \u00dcber erste Hinweise auf eine entsprechende Kooperation mit Apple konnten wir vergangenen Sommer berichten. Bosch unterst\u00fctzt bereits Amazon Alexa und den Google Assistant, zudem will sich der Stuttgarter Hersteller noch weiter \u00f6ffnen, [&hellip;]<\/p>\n","protected":false},"author":2,"featured_media":148108,"comment_status":"open","ping_status":"closed","sticky":false,"template":"","format":"standard","meta":{"_acf_changed":false,"footnotes":""},"categories":[1,1783],"tags":[263,2367,1572],"class_list":["post-148105","post","type-post","status-publish","format-standard","has-post-thumbnail","hentry","category-news","category-feature","tag-bosch","tag-homekit","tag-smarthome"],"acf":[],"aioseo_notices":[],"subheadline":["\"Im Laufe des Jahres\""],"featured_image":["https:\/\/images.ifun.de\/wp-content\/uploads\/2020\/01\/bosch-smart-home-produkte.jpg"],"rest_api_enabler":{"subheadline":"\"Im Laufe des Jahres\"","featured_image":"https:\/\/images.ifun.de\/wp-content\/uploads\/2020\/01\/bosch-smart-home-produkte.jpg"},"_links":{"self":[{"href":"https:\/\/www.ifun.de\/apiv2\/wp\/v2\/posts\/148105","targetHints":{"allow":["GET"]}}],"collection":[{"href":"https:\/\/www.ifun.de\/apiv2\/wp\/v2\/posts"}],"about":[{"href":"https:\/\/www.ifun.de\/apiv2\/wp\/v2\/types\/post"}],"author":[{"embeddable":true,"href":"https:\/\/www.ifun.de\/apiv2\/wp\/v2\/users\/2"}],"replies":[{"embeddable":true,"href":"https:\/\/www.ifun.de\/apiv2\/wp\/v2\/comments?post=148105"}],"version-history":[{"count":3,"href":"https:\/\/www.ifun.de\/apiv2\/wp\/v2\/posts\/148105\/revisions"}],"predecessor-version":[{"id":148110,"href":"https:\/\/www.ifun.de\/apiv2\/wp\/v2\/posts\/148105\/revisions\/148110"}],"wp:featuredmedia":[{"embeddable":true,"href":"https:\/\/www.ifun.de\/apiv2\/wp\/v2\/media\/148108"}],"wp:attachment":[{"href":"https:\/\/www.ifun.de\/apiv2\/wp\/v2\/media?parent=148105"}],"wp:term":[{"taxonomy":"category","embeddable":true,"href":"https:\/\/www.ifun.de\/apiv2\/wp\/v2\/categories?post=148105"},{"taxonomy":"post_tag","embeddable":true,"href":"https:\/\/www.ifun.de\/apiv2\/wp\/v2\/tags?post=148105"}],"curies":[{"name":"wp","href":"https:\/\/api.w.org\/{rel}","templated":true}]}}