{"id":147899,"date":"2019-12-31T14:06:11","date_gmt":"2019-12-31T13:06:11","guid":{"rendered":"https:\/\/www.ifun.de\/?p=147899"},"modified":"2019-12-31T14:25:42","modified_gmt":"2019-12-31T13:25:42","slug":"das-war-das-apple-jahr-2019","status":"publish","type":"post","link":"https:\/\/www.ifun.de\/das-war-das-apple-jahr-2019-147899\/","title":{"rendered":"Das war das Apple-Jahr 2019"},"content":{"rendered":"<p>Am letzten Tag des Jahres wollen wir wie immer einen Blick zur\u00fcck werfen. Was hielten die vergangenen zw\u00f6lf Monate mit Blick auf Apple breit? <\/p>\n<p><a href=\"https:\/\/images.ifun.de\/wp-content\/uploads\/2018\/12\/apple-store-muenchen.jpg\"><img loading=\"lazy\" decoding=\"async\" src=\"https:\/\/images.ifun.de\/wp-content\/uploads\/2018\/12\/apple-store-muenchen.jpg\" alt=\"Apple Store Muenchen\" width=\"500\" height=\"311\" class=\"alignnone size-full wp-image-131769\" \/><\/a><\/p>\n<h2>Hardware-Offensive im M\u00e4rz<\/h2>\n<p>So richtig begann das Apple-Jahr 2019 ja eigentlich erst im M\u00e4rz. Dann aber gleich mit einem kleinen Feuerwerk: Am 18. M\u00e4rz wurden die neuen iPad Modelle <a href=\"https:\/\/www.ifun.de\/apple-stellt-neues-ipad-air-und-neues-ipad-mini-vor-135133\/\" title=\"Apple stellt neues iPad Air und neues iPad mini vor\">iPad Air und iPad mini<\/a> vorgestellt, einen Tag sp\u00e4ter der <a href=\"https:\/\/www.ifun.de\/fuenf-neue-imac-verfuegbar-apple-ueberarbeitet-komplette-imac-familie-135226\/\" title=\"F\u00fcnf neue Modelle verf\u00fcgbar: Apple \u00fcberarbeitet iMac-Produktfamilie\">iMac \u00fcberarbeitet<\/a> und am 20. M\u00e4rz kamen dann die neuen <a href=\"https:\/\/www.iphone-ticker.de\/apple-stellt-neue-airpods-generation-vor-138979\/\" title=\"Apple stellt neue AirPods-Generation vor\">AirPods der zweiten Generation<\/a>, erstmals optional auch mit kabellosem Ladecase.<\/p>\n<p><a href=\"https:\/\/images.ifun.de\/wp-content\/uploads\/2019\/12\/apple-marz-2019.jpg\"><img loading=\"lazy\" decoding=\"async\" src=\"https:\/\/images.ifun.de\/wp-content\/uploads\/2019\/12\/apple-marz-2019-700x212.jpg\" alt=\"Apple Marz 2019\" width=\"700\" height=\"212\" class=\"alignnone size-large wp-image-147904\" srcset=\"https:\/\/images.ifun.de\/wp-content\/uploads\/2019\/12\/apple-marz-2019-700x212.jpg 700w, https:\/\/images.ifun.de\/wp-content\/uploads\/2019\/12\/apple-marz-2019-500x152.jpg 500w, https:\/\/images.ifun.de\/wp-content\/uploads\/2019\/12\/apple-marz-2019-768x233.jpg 768w, https:\/\/images.ifun.de\/wp-content\/uploads\/2019\/12\/apple-marz-2019.jpg 1300w\" sizes=\"auto, (max-width: 700px) 100vw, 700px\" \/><\/a><\/p>\n<h2>Services, Services, Services\u2026<\/h2>\n<p>Mit diesen Hardware-Ank\u00fcndigungen hat sich Apple aber lediglich Luft gemacht, um sich in der drauf folgenden Woche voll und ganz auf den neuen Unternehmensschwerpunkt \u201eServices\u201c zu konzentrieren: <a href=\"https:\/\/www.iphone-ticker.de\/apple-arcade-apples-premium-spiele-abo-kommt-im-herbst-139214\/\" title=\"Apple Arcade: Apples Premium-Spiele-Abo kommt im Herbst\">Apple Arcade<\/a>, <a href=\"https:\/\/www.ifun.de\/apple-tv-die-apple-originals-kommen-im-herbst-135526\/\" title=\"Apple TV+: Die \u201eApple Originals\u201c kommen im Herbst\">Apple TV+<\/a>, <a href=\"https:\/\/www.ifun.de\/apple-news-magazin-und-zeitungs-flat-fuer-999-dollar-pro-monat-135510\/\" title=\"Apple News+: Magazin- und Zeitungs-Flat f\u00fcr 9,99 Dollar pro Monat\">AppleNews+<\/a> und die Kreditkarte <a href=\"https:\/\/www.iphone-ticker.de\/apple-card-die-apple-kreditkarte-ist-offiziell-139205\/\" title=\"Apple Card: Die Apple-Kreditkarte ist offiziell\">Apple Card<\/a> wurden angek\u00fcndigt.<\/p>\n<p>Am 27. M\u00e4rz gab es mit der <a href=\"https:\/\/www.iphone-ticker.de\/update-verfuegbar-das-apple-watch-ekg-erreicht-deutschland-139384\/\" title=\"Update verf\u00fcgbar: Das Apple Watch EKG erreicht Deutschland\">Freischaltung der EKG-Funktion<\/a> dann noch ein erfreuliches Update f\u00fcr Besitzer der Apple Watch Series 4 in Deutschland.<\/p>\n<h2>MacBook Pro und iPod touch<\/h2>\n<p>Zwei Monate sp\u00e4ter wurde dann erneut neue Apple-Hardware pr\u00e4sentiert. Die am 21. Mai vorgestellte <a href=\"https:\/\/www.ifun.de\/apple-aktualisiert-macbook-pro-schnellere-prozessoren-gleiche-tastatur-137944\/\" title=\"Apple aktualisiert MacBook Pro: Schnelle 8-Core-Prozessoren, (fast) gleiche Tastatur\">neue Version des MacBook Pro<\/a> kam optional mit 8-Core-Prozessor, allerdings nahezu unver\u00e4nderter Tastatur und landete damit bereits am Tag seiner Vorstellung auf der <a href=\"https:\/\/www.ifun.de\/apple-erweitert-reparaturprogramm-auf-alle-macbooks-mit-butterfly-tastaturen-137956\/\" title=\"Butterfly-Tastatur: Reparaturprogramm auf fast alle MacBooks erweitert\">Liste<\/a> der f\u00fcr Apples Tastatur-Reparaturprogramm qualifizierten Ger\u00e4te.<\/p>\n<p><a href=\"https:\/\/images.ifun.de\/wp-content\/uploads\/2019\/12\/apple-mai-2019.jpg\"><img loading=\"lazy\" decoding=\"async\" src=\"https:\/\/images.ifun.de\/wp-content\/uploads\/2019\/12\/apple-mai-2019-700x264.jpg\" alt=\"Apple Mai 2019\" width=\"700\" height=\"264\" class=\"alignnone size-large wp-image-147908\" srcset=\"https:\/\/images.ifun.de\/wp-content\/uploads\/2019\/12\/apple-mai-2019-700x264.jpg 700w, https:\/\/images.ifun.de\/wp-content\/uploads\/2019\/12\/apple-mai-2019-500x188.jpg 500w, https:\/\/images.ifun.de\/wp-content\/uploads\/2019\/12\/apple-mai-2019-768x289.jpg 768w, https:\/\/images.ifun.de\/wp-content\/uploads\/2019\/12\/apple-mai-2019.jpg 1200w\" sizes=\"auto, (max-width: 700px) 100vw, 700px\" \/><\/a><\/p>\n<p>Wer dachte, Apple h\u00e4tte den iPod touch in Gedanken schon zu Grabe getragen, hat sich get\u00e4uscht: Am 28. Mai wurde die <a href=\"https:\/\/www.ifun.de\/ipod-touch-apple-praesentiert-neue-generation-138275\/\">siebte Generation des Players<\/a> ver\u00f6ffentlicht. Ein leistungsf\u00e4higerer Chip erlaubt die Nutzung von Augmented-Reality-Apps und FaceTime-Gruppenanrufen.<\/p>\n<h2>WWDC und Jony Ives R\u00fccktritt<\/h2>\n<p>Der Juni startete standesgem\u00e4\u00df mit der Vorstellung von Apples neuen Betriebssystemversionen im Rahmen der Entwicklerkonferenz WWDC &#8211; erstmals auch mit iPadOS als eigenst\u00e4ndiger iOS-Ableger f\u00fcr die iPads. Im Beiprogramm hat Apple einen ersten <a href=\"https:\/\/www.ifun.de\/apple-zeigt-neuen-mac-pro-ab-herbst-ab-5999-138509\/\" title=\"Apple zeigt neuen Mac Pro: Ab Herbst, ab $5999\">Blick auf den neuen Mac Pro<\/a> gew\u00e4hrt.<\/p>\n<p>Das Monatsende l\u00e4utete dann die <a href=\"https:\/\/www.ifun.de\/apple-ohne-chef-designer-jony-ive-tritt-ab-139655\/\" title=\"Apple ohne Chef-Designer: Jony Ive tritt ab\">Meldung zu Jony Ives R\u00fccktritt<\/a> ein. Der langj\u00e4hrige Chef-Designer verl\u00e4sst Apple und vollzieht damit einen Schritt, der sich l\u00e4ngst abgezeichnet hat.<\/p>\n<p><a href=\"https:\/\/images.ifun.de\/wp-content\/uploads\/2019\/07\/jony-ive-mit-tim-cook.jpg\"><img loading=\"lazy\" decoding=\"async\" src=\"https:\/\/images.ifun.de\/wp-content\/uploads\/2019\/07\/jony-ive-mit-tim-cook-700x276.jpg\" alt=\"Jony Ive Mit Tim Cook\" width=\"700\" height=\"276\" class=\"alignnone size-large wp-image-139748\" srcset=\"https:\/\/images.ifun.de\/wp-content\/uploads\/2019\/07\/jony-ive-mit-tim-cook-700x276.jpg 700w, https:\/\/images.ifun.de\/wp-content\/uploads\/2019\/07\/jony-ive-mit-tim-cook-500x197.jpg 500w, https:\/\/images.ifun.de\/wp-content\/uploads\/2019\/07\/jony-ive-mit-tim-cook-768x302.jpg 768w, https:\/\/images.ifun.de\/wp-content\/uploads\/2019\/07\/jony-ive-mit-tim-cook.jpg 960w\" sizes=\"auto, (max-width: 700px) 100vw, 700px\" \/><\/a><\/p>\n<h2>Notebook-Angebot aktualisiert aufger\u00e4umt<\/h2>\n<p>Anfang Juli erf\u00e4hrt Apples Notebook-Programm dann ein <a href=\"https:\/\/www.ifun.de\/apple-stellt-gesamte-macbook-familie-neu-auf-140114\/\" title=\"Apple stellt gesamte MacBook-Familie neu auf\">umfassendes Update<\/a>. Das MacBook Air wurde mit einem True-Tone-Display ausgestattet und leicht im Preis gesenkt, das MacBook Pro 13\u201c mit verbesserter Hardware ausgestattet. Gleichzeitig wurden mit dem MacBook 12\u201c und dem MacBook Pro ohne Touch Bar zwei \u00e4ltere Ger\u00e4te aus dem Angebot entfernt.<\/p>\n<p><a href=\"https:\/\/images.ifun.de\/wp-content\/uploads\/2019\/12\/neu-macbook-familie.jpg\"><img loading=\"lazy\" decoding=\"async\" src=\"https:\/\/images.ifun.de\/wp-content\/uploads\/2019\/12\/neu-macbook-familie-700x327.jpg\" alt=\"Neu Macbook Familie\" width=\"700\" height=\"327\" class=\"alignnone size-large wp-image-147910\" srcset=\"https:\/\/images.ifun.de\/wp-content\/uploads\/2019\/12\/neu-macbook-familie-700x327.jpg 700w, https:\/\/images.ifun.de\/wp-content\/uploads\/2019\/12\/neu-macbook-familie-500x233.jpg 500w, https:\/\/images.ifun.de\/wp-content\/uploads\/2019\/12\/neu-macbook-familie-768x358.jpg 768w, https:\/\/images.ifun.de\/wp-content\/uploads\/2019\/12\/neu-macbook-familie.jpg 1200w\" sizes=\"auto, (max-width: 700px) 100vw, 700px\" \/><\/a><\/p>\n<p>Der darauf folgende Monat hielt ausschlie\u00dflich f\u00fcr amerikanische Apple-Kunden spannende Neuerungen bereit. Seit dem 20. August ist die Kreditkarte <a href=\"https:\/\/www.iphone-ticker.de\/apple-card-jetzt-fuer-alle-amerikanischen-apple-kunden-verfuegbar-145498\/\" title=\"Apple Card jetzt f\u00fcr alle Apple-Kunden in den USA verf\u00fcgbar\">Apple Card in den USA verf\u00fcgbar<\/a>.<\/p>\n<h2>Vollgas im September<\/h2>\n<p>Der September ist traditioneller iPhone-Monat. Am 10. September 2019 wurden die neuen Modelle <a href=\"https:\/\/www.iphone-ticker.de\/iphone-11-die-eckdaten-146586\/\" title=\"iPhone 11: Nachfolger des iPhone XR mit Doppelkamera\">iPhone 11<\/a>, <a href=\"https:\/\/www.iphone-ticker.de\/iphone-11-pro-die-eckdaten-146604\/\" title=\"Phone 11 Pro und iPhone 11 Pro Max: Bessere Kamera und mehr Akku\">iPhone 11 Pro und iPhone 11 Pro Max<\/a> vorgestellt. Im Beiprogramm gab es die <a href=\"https:\/\/www.iphone-ticker.de\/apple-watch-series-5-die-eckdaten-146580\/\" title=\"Apple Watch Series 5: Jetzt mit Always-On-Bildschirm\">Apple Watch Series 5<\/a> mit Always-On-Bildschirm und ein neues Modell des g\u00fcnstigen Einsteiger-iPad, <a href=\"https:\/\/www.ifun.de\/das-guenstigste-ipad-jetzt-mit-102-zoll-display-142939\/\" title=\"Das g\u00fcnstigste iPad: Jetzt mit 10,2-Zoll-Display\">jetzt mit 10,2 Zoll Bildschirmgr\u00f6\u00dfe<\/a>.<\/p>\n<p><a href=\"https:\/\/images.ifun.de\/wp-content\/uploads\/2019\/12\/september.jpg\"><img loading=\"lazy\" decoding=\"async\" src=\"https:\/\/images.ifun.de\/wp-content\/uploads\/2019\/12\/september-700x282.jpg\" alt=\"September\" width=\"700\" height=\"282\" class=\"alignnone size-large wp-image-147913\" srcset=\"https:\/\/images.ifun.de\/wp-content\/uploads\/2019\/12\/september-700x282.jpg 700w, https:\/\/images.ifun.de\/wp-content\/uploads\/2019\/12\/september-500x201.jpg 500w, https:\/\/images.ifun.de\/wp-content\/uploads\/2019\/12\/september-768x309.jpg 768w, https:\/\/images.ifun.de\/wp-content\/uploads\/2019\/12\/september.jpg 1200w\" sizes=\"auto, (max-width: 700px) 100vw, 700px\" \/><\/a><\/p>\n<p>Zudem hat Apple im September den Startschuss f\u00fcr seine neuen Abo-Dienste abgefeuert und <a href=\"https:\/\/www.iphone-ticker.de\/apple-arcade-ueber-100-spiele-fuer-5-euro-im-monat-146560\/\" title=\"Apple Arcade: \u00dcber 100 Spiele f\u00fcr 5 Euro im Monat\">Apple Arcade verf\u00fcgbar<\/a> gemacht sowie den <a href=\"https:\/\/www.ifun.de\/apple-tv-7-tage-test-anschliessend-5-euro-pro-monat-142932\/\" title=\"Apple TV+: 7-Tage-Test, anschlie\u00dfend 5 Euro pro Monat\">Start von Apple TV+<\/a> f\u00fcr November angek\u00fcndigt.<\/p>\n<p>iOS 13 kam am 19. September, die erste Version von iPadOS am 27. September und das diesj\u00e4hrige macOS-Update Catalina am 8. Oktober.<\/p>\n<h2>Dreimal Pro: AirPods Pro, MacBook Pro und Mac Pro<\/h2>\n<p>Am 28. Oktober gab es dann mit den <a href=\"https:\/\/www.iphone-ticker.de\/airpods-pro-das-sind-die-unterschiede-zum-standard-modell-148931\/\" title=\"AirPods Pro: Das sind die Unterschiede zum Standard-Modell\">AirPods Pro<\/a> das zweite neue AirPods-Modell in diesem Jahr. Die In-Ear-H\u00f6rer bieten aktive Ger\u00e4uschunterdr\u00fcckung und haben ein kabelloses Ladecase standardm\u00e4\u00dfig im Lieferumfang.<\/p>\n<p><a href=\"https:\/\/images.ifun.de\/wp-content\/uploads\/2019\/12\/airpods-pro.jpg\"><img loading=\"lazy\" decoding=\"async\" src=\"https:\/\/images.ifun.de\/wp-content\/uploads\/2019\/12\/airpods-pro-700x401.jpg\" alt=\"Airpods Pro\" width=\"700\" height=\"401\" class=\"alignnone size-large wp-image-147915\" srcset=\"https:\/\/images.ifun.de\/wp-content\/uploads\/2019\/12\/airpods-pro-700x401.jpg 700w, https:\/\/images.ifun.de\/wp-content\/uploads\/2019\/12\/airpods-pro-500x287.jpg 500w, https:\/\/images.ifun.de\/wp-content\/uploads\/2019\/12\/airpods-pro-768x440.jpg 768w, https:\/\/images.ifun.de\/wp-content\/uploads\/2019\/12\/airpods-pro.jpg 1144w\" sizes=\"auto, (max-width: 700px) 100vw, 700px\" \/><\/a><\/p>\n<p>Der November beginnt mit dem weltweiten <a href=\"https:\/\/www.iphone-ticker.de\/apple-tv-startet-offiziell-viele-titel-lediglich-mit-3-episoden-149150\/\" title=\"Apple TV+ startet offiziell: Viele Titel lediglich mit 3 Episoden\">Start von Apple TV+<\/a>. K\u00e4ufer von neuen Apple-Ger\u00e4ten k\u00f6nnen den Videodienst ein volles Jahr lang kostenlos nutzen.<\/p>\n<p>Zwei Wochen sp\u00e4ter gibt es dann tats\u00e4chlich noch das von vielen Nutzern ersehnte <a href=\"https:\/\/www.ifun.de\/apple-stellt-macbook-pro-16-mit-neuer-tastatur-vor-145956\/\" title=\"Apple stellt MacBook Pro 16\u2033 mit neuer Tastatur vor\">MacBook Pro 16\u201c mit neuer Tastatur<\/a>. Apple hat die Rolle r\u00fcckw\u00e4rts vollzogen und das Ger\u00e4t wieder ein wenig dicker, daf\u00fcr aber auch mit einer deutlich robusteren Tastatur ausgestattet.<\/p>\n<p><a href=\"https:\/\/images.ifun.de\/wp-content\/uploads\/2019\/12\/macpro.jpg\"><img loading=\"lazy\" decoding=\"async\" src=\"https:\/\/images.ifun.de\/wp-content\/uploads\/2019\/12\/macpro-700x242.jpg\" alt=\"Macpro\" width=\"700\" height=\"242\" class=\"alignnone size-large wp-image-147914\" srcset=\"https:\/\/images.ifun.de\/wp-content\/uploads\/2019\/12\/macpro-700x242.jpg 700w, https:\/\/images.ifun.de\/wp-content\/uploads\/2019\/12\/macpro-500x173.jpg 500w, https:\/\/images.ifun.de\/wp-content\/uploads\/2019\/12\/macpro-768x265.jpg 768w, https:\/\/images.ifun.de\/wp-content\/uploads\/2019\/12\/macpro-1536x530.jpg 1536w, https:\/\/images.ifun.de\/wp-content\/uploads\/2019\/12\/macpro.jpg 1996w\" sizes=\"auto, (max-width: 700px) 100vw, 700px\" \/><\/a><\/p>\n<p>Das letzte Hardware-Ausrufezeichen setzt Apple dann am 10. Dezember 2019. Der <a href=\"https:\/\/www.ifun.de\/mac-pro-2019-in-top-ausstattung-62-419-euro-147157\/\" title=\"Mac Pro 2019: In Top-Ausstattung 62.419 Euro\">neue Mac Pro kann endlich bestellt werden<\/a>, in der Vollausstattung f\u00fcr schlappe 62.419 Euro.<\/p>\n<h2>Pleiten, Pech und Pannen<\/h2>\n<p>Das Apple-Jahr 2019 brachte viel Neues, das Unternehmen musste sich allerdings auch mit ungewohnt viel Kritik auseinandersetzen. Hardware-Probleme, darunter die <a href=\"https:\/\/www.ifun.de\/apple-erweitert-reparaturprogramm-auf-alle-macbooks-mit-butterfly-tastaturen-137956\/\">MacBook-Tastaturen<\/a>, <a href=\"https:\/\/www.ifun.de\/apple-startet-reparaturprogramm-fuer-flexgate-problem-137963\/\">Flexgate<\/a> oder <a href=\"https:\/\/www.ifun.de\/apple-startet-rueckrufprogramm-fuer-macbook-pro-15-modell-2015-139361\/\">brandgef\u00e4hrdete Akkus<\/a> ebenso wie die <a href=\"https:\/\/www.iphone-ticker.de\/ios-13-2-2-ist-da-und-soll-multitasking-fehler-korrigieren-149471\/\">unz\u00e4hligen Fehler in iOS 13<\/a> waren das eine. Apple musste sich mehrfach mit Blick auf datenschutz-relevante Themen rechtfertigen, etwa wegen Sichereitsl\u00fccken <a href=\"https:\/\/www.iphone-ticker.de\/facetime-wieder-sicher-apple-veroeffentlicht-ios-12-1-4-137073\/\" title=\"FaceTime wieder sicher: Apple ver\u00f6ffentlicht iOS 12.1.4\">in FaceTime<\/a> und <a href=\"https:\/\/www.iphone-ticker.de\/google-entdeckt-iphone-schwachstellen-fuer-interaktionslosen-angriff-144586\/\">in iMessage<\/a>. Auch wurde bekannt, dass auf allen iPhone-Modellen, die zwischen 2011 und 2017 auf den Markt gekommen sind, eine gravierende und nicht korrigierbare <a href=\"https:\/\/www.iphone-ticker.de\/checkra1n-der-groesste-jailbreak-erfolg-seit-jahren-149583\/\">Sicherheitsl\u00fccke vorhanden ist<\/a>. <\/p>\n<p><a href=\"https:\/\/images.ifun.de\/wp-content\/uploads\/2019\/12\/cook-und-trump.jpg\"><img loading=\"lazy\" decoding=\"async\" src=\"https:\/\/images.ifun.de\/wp-content\/uploads\/2019\/12\/cook-und-trump-700x368.jpg\" alt=\"Cook Und Trump\" width=\"700\" height=\"368\" class=\"alignnone size-large wp-image-147916\" srcset=\"https:\/\/images.ifun.de\/wp-content\/uploads\/2019\/12\/cook-und-trump-700x368.jpg 700w, https:\/\/images.ifun.de\/wp-content\/uploads\/2019\/12\/cook-und-trump-500x263.jpg 500w, https:\/\/images.ifun.de\/wp-content\/uploads\/2019\/12\/cook-und-trump-768x404.jpg 768w, https:\/\/images.ifun.de\/wp-content\/uploads\/2019\/12\/cook-und-trump.jpg 1200w\" sizes=\"auto, (max-width: 700px) 100vw, 700px\" \/><\/a><\/p>\n<p>Schlechte Schlagzeilen trafen Apple auch mit Blick auf politische Themen. So muss sich das Unternehmen vorwerfen lassen, dass mit Blick auf wirtschaftliche Interessen teils wie ein F\u00e4hnchen im Wind agiert. Beispiele w\u00e4ren die zur Freude Chinas <a href=\"https:\/\/www.iphone-ticker.de\/zu-china-freundlich-apple-entfernt-flaggen-emoji-147996\/\" title=\"Zu China-freundlich? Apple entfernt Flaggen-Emoji\">entfernten taiwanischen Grafiken<\/a> oder f\u00fcr Russland <a href=\"https:\/\/www.iphone-ticker.de\/auf-druck-aus-moskau-auch-apple-annektiert-die-krim-150428\/\" title=\"Auf Druck aus Moskau: Auch Apple annektiert die Krim\">modifizierte Krim-Karten<\/a>. Auch hat Apple deutliche Kritik vermissen lassen, nachdem bekannt wurde, dass die chinesische Regierung eine Minderheit mithilfe einer iOS-Schwachstelle jahrelang ausspioniert hat, sondern umgekehrt und zudem noch <a href=\"https:\/\/www.iphone-ticker.de\/apple-nach-stellungnahme-zu-ios-schwachstellen-im-kreuzfeuer-der-kritik-146452\/\" title=\"iOS-Schwachstellen: Apple-Stellungnahme im Kreuzfeuer der Kritik\">ungeschickt versucht<\/a>, diesen Sachverhalt zu relativieren. Insbesondere muss sich das Unternehmen aber \u00fcberlegen, wie es sich zuk\u00fcnftig in seinem Heimatland positioniert. <a href=\"https:\/\/www.ifun.de\/the-new-beautiful-mac-whatever-cook-leistet-trump-wahlkampfhilfe-146672\/\">Tim Cooks Wahlkampfhilfe<\/a> f\u00fcr Donald Trump wurde von einem Gro\u00dfteil der traditionell sehr liberalen Apple-Community mit deutlicher Verst\u00f6rung aufgenommen.<\/p>\n<p><img loading=\"lazy\" decoding=\"async\" src=\"https:\/\/images.iphone-ticker.de\/wp-content\/uploads\/2018\/06\/apple-airpower-praesentation-phil-schiller.jpg\" width=\"700\" height=\"466\" class=\"alignnone size-large\" \/><\/p>\n<p>Die gr\u00f6\u00dfte Pleite auf Seiten von Apples Produktmanagement ist mittlerweile immerhin fast vergessen. 476 Tage nach der Ank\u00fcndigung von AirPower musste das Unternehmen <a href=\"https:\/\/www.iphone-ticker.de\/airpower-zu-kompliziert-apple-kapituliert-139530\/\" title=\"AirPower zu kompliziert: Apple kapituliert\">im M\u00e4rz 2019 eingestehen<\/a>, dass die Entwicklung gescheitert und das Projekt eingestellt ist.<\/p>\n<h2>Auf in ein tolles 2020!<\/h2>\n<p>Damit kommen wir dann schon zum kommenden Jahr. Es bleibt zu hoffen, dass Apples Schl\u00fcsselfinder <a href=\"https:\/\/www.iphone-ticker.de\/ios-13-2-enthaelt-hinweis-auf-airtag-schluesselfinder-von-apple-148926\/\" title=\"iOS 13.2 enth\u00e4lt Hinweis auf \u201eAirTag\u201c Schl\u00fcsselfinder von Apple\">AirTag<\/a> nicht den gleichen Weg wie AirPower geht, und 2020 doch noch vorgestellt ist. Apple hat das Zubeh\u00f6r zwar nicht offiziell angek\u00fcndigt, doch die mittlerweile vorhandenen Hinweise lassen kaum Zweifel daran, dass dergleichen zumindest geplant ist.<\/p>\n<p>Freuen wir uns also auf eine spannende Zukunft. Wir w\u00fcnschen euch einen guten Start ins neue Jahr &#8211; auf zw\u00f6lf weitere, tolle gemeinsame Monate!<img loading=\"lazy\" decoding=\"async\" src=\"https:\/\/vg08.met.vgwort.de\/na\/19ff498717da4afc89a96df50aaacfa7\" width=\"1\" height=\"1\" class=\"tracking\"><\/p>\n","protected":false},"excerpt":{"rendered":"<a href=\"https:\/\/www.ifun.de\/das-war-das-apple-jahr-2019-147899\/\"><img width=\"150\" height=\"150\" src=\"https:\/\/images.ifun.de\/wp-content\/uploads\/2019\/12\/neu-macbook-familie-150x150.jpg\" class=\"alignright tfe wp-post-image\" alt=\"Neu Macbook Familie\" decoding=\"async\" loading=\"lazy\" \/><\/a><p>Am letzten Tag des Jahres wollen wir wie immer einen Blick zur\u00fcck werfen. Was hielten die vergangenen zw\u00f6lf Monate mit Blick auf Apple breit? Hardware-Offensive im M\u00e4rz So richtig begann das Apple-Jahr 2019 ja eigentlich erst im M\u00e4rz. Dann aber gleich mit einem kleinen Feuerwerk: Am 18. M\u00e4rz wurden die neuen iPad Modelle iPad Air [&hellip;]<\/p>\n","protected":false},"author":2,"featured_media":147910,"comment_status":"open","ping_status":"closed","sticky":false,"template":"","format":"standard","meta":{"_acf_changed":false,"footnotes":""},"categories":[3],"tags":[],"class_list":["post-147899","post","type-post","status-publish","format-standard","has-post-thumbnail","hentry","category-apple"],"acf":[],"aioseo_notices":[],"featured_image":["https:\/\/images.ifun.de\/wp-content\/uploads\/2016\/04\/apple-store-header.jpg"],"subheadline":["Die letzten 12 Monate im Schnelldurchlauf"],"rest_api_enabler":{"featured_image":"https:\/\/images.ifun.de\/wp-content\/uploads\/2016\/04\/apple-store-header.jpg","subheadline":"Die letzten 12 Monate im Schnelldurchlauf"},"_links":{"self":[{"href":"https:\/\/www.ifun.de\/apiv2\/wp\/v2\/posts\/147899","targetHints":{"allow":["GET"]}}],"collection":[{"href":"https:\/\/www.ifun.de\/apiv2\/wp\/v2\/posts"}],"about":[{"href":"https:\/\/www.ifun.de\/apiv2\/wp\/v2\/types\/post"}],"author":[{"embeddable":true,"href":"https:\/\/www.ifun.de\/apiv2\/wp\/v2\/users\/2"}],"replies":[{"embeddable":true,"href":"https:\/\/www.ifun.de\/apiv2\/wp\/v2\/comments?post=147899"}],"version-history":[{"count":12,"href":"https:\/\/www.ifun.de\/apiv2\/wp\/v2\/posts\/147899\/revisions"}],"predecessor-version":[{"id":147918,"href":"https:\/\/www.ifun.de\/apiv2\/wp\/v2\/posts\/147899\/revisions\/147918"}],"wp:featuredmedia":[{"embeddable":true,"href":"https:\/\/www.ifun.de\/apiv2\/wp\/v2\/media\/147910"}],"wp:attachment":[{"href":"https:\/\/www.ifun.de\/apiv2\/wp\/v2\/media?parent=147899"}],"wp:term":[{"taxonomy":"category","embeddable":true,"href":"https:\/\/www.ifun.de\/apiv2\/wp\/v2\/categories?post=147899"},{"taxonomy":"post_tag","embeddable":true,"href":"https:\/\/www.ifun.de\/apiv2\/wp\/v2\/tags?post=147899"}],"curies":[{"name":"wp","href":"https:\/\/api.w.org\/{rel}","templated":true}]}}