{"id":147492,"date":"2019-12-17T07:33:55","date_gmt":"2019-12-17T06:33:55","guid":{"rendered":"https:\/\/www.ifun.de\/?p=147492"},"modified":"2019-12-17T07:35:16","modified_gmt":"2019-12-17T06:35:16","slug":"bestaetigt-mac-pro-aus-china-pro-display-xdr-spiegelt-ipad","status":"publish","type":"post","link":"https:\/\/www.ifun.de\/bestaetigt-mac-pro-aus-china-pro-display-xdr-spiegelt-ipad-147492\/","title":{"rendered":"Best\u00e4tigt: Mac Pro aus China. Pro Display XDR spiegelt iPad."},"content":{"rendered":"<p>Zwei kleine Nachtr\u00e4ge zum langsam anlaufenden Auslieferungsstart des neuen Mac Pro, die bislang zwar nicht wirklich fraglich aber auch noch nicht eindeutig best\u00e4tigt waren. <\/p>\n<h2>Pro Display XDR spiegelt iPad<\/h2>\n<p>Zum einen ist das iPad in der Lage seinen Display-Inhalt auf das 5.499 Euro teure Pro Display XDR auszugeben &#8211; inklusive der vollen Unterst\u00fctzung f\u00fcr HDR-Videosignale. Ein Feature, \u00fcber dessen Vorhandensein zum Bestellstart des neuen Monitors noch Unklarheit herrschte. <\/p>\n<blockquote class=\"twitter-tweet\">\n<p lang=\"en\" dir=\"ltr\">iPad Pro + Pro Display XDR works &#x1f440;<\/p>\n<p>Initial XDR impressions &#x1f4a5; <a href=\"https:\/\/t.co\/5jBXiBwquN\">https:\/\/t.co\/5jBXiBwquN<\/a> <a href=\"https:\/\/t.co\/4q1WY9ln13\">pic.twitter.com\/4q1WY9ln13<\/a><\/p>\n<p>&mdash; Plain Old Jonathan Morrison &#x1f64b;&#x1f3fb;&#x200d;&#x2642;&#xfe0f; (@tldtoday) <a href=\"https:\/\/twitter.com\/tldtoday\/status\/1206642911867105280?ref_src=twsrc%5Etfw\">December 16, 2019<\/a><\/p><\/blockquote>\n<p> <script async src=\"https:\/\/platform.twitter.com\/widgets.js\" charset=\"utf-8\"><\/script><\/p>\n<p>Wer jetzt an Netflix denken muss, klopft Jonathan Morrison auf die Schulter, der auf seinem Twitter-Kanal eine verschwenderisch teure M\u00f6glichkeit <a href=\"https:\/\/twitter.com\/tldtoday\/status\/1206642911867105280\">demonstriert<\/a>, auf den Streaming-Dienst zuzugreifen. <\/p>\n<h2>Europ\u00e4ische Nutzer bekommen China-Modell<\/h2>\n<p>Zudem stand die Best\u00e4tigung noch aus, dass die f\u00fcr den europ\u00e4ischen Markt produzierten Mac Pro-Modelle nicht aus den USA, sondern von den \u00fcblichen Zulieferern aus China stammen. <\/p>\n<p>Diese <a href=\"https:\/\/www.macg.co\/mac\/2019\/12\/le-mac-pro-est-arrive-de-chine-en-france-110711\">liegt nun vor<\/a> und unterstreicht, dass Apples <a href=\"https:\/\/www.ifun.de\/mac-pro-rollt-vom-band-lieferung-erst-im-januar-52209\/\">Fertigungsst\u00e4tte in Texas<\/a> vor allem als medienwirksame Geste und weniger als Neuausrichtung der Zuliefererkette zu verstehen ist. Auch wenn die Trump-Administration darum bem\u00fcht ist hier ein <a href=\"https:\/\/www.ifun.de\/trump-eroeffnet-sechs-jahre-altes-apple-werk-146341\/\">anderes Bild zu zeichnen<\/a>. <\/p>\n<p><a href=\"https:\/\/images.ifun.de\/wp-content\/uploads\/2019\/12\/mac-pro-in-china.jpg\"><img loading=\"lazy\" decoding=\"async\" src=\"https:\/\/images.ifun.de\/wp-content\/uploads\/2019\/12\/mac-pro-in-china-700x501.jpg\" alt=\"Mac Pro In China\" width=\"700\" height=\"501\" class=\"aligncenter size-large wp-image-147493\" srcset=\"https:\/\/images.ifun.de\/wp-content\/uploads\/2019\/12\/mac-pro-in-china-700x501.jpg 700w, https:\/\/images.ifun.de\/wp-content\/uploads\/2019\/12\/mac-pro-in-china-500x358.jpg 500w, https:\/\/images.ifun.de\/wp-content\/uploads\/2019\/12\/mac-pro-in-china-768x550.jpg 768w, https:\/\/images.ifun.de\/wp-content\/uploads\/2019\/12\/mac-pro-in-china.jpg 1000w\" sizes=\"auto, (max-width: 700px) 100vw, 700px\" \/><\/a><\/p>\n<h6><a href=\"https:\/\/www.macg.co\/mac\/2019\/12\/le-mac-pro-est-arrive-de-chine-en-france-110711\">Der EU-Mac Pro: &#8222;Assembled in China&#8220;<\/a><\/h6>\n","protected":false},"excerpt":{"rendered":"<a href=\"https:\/\/www.ifun.de\/bestaetigt-mac-pro-aus-china-pro-display-xdr-spiegelt-ipad-147492\/\"><img width=\"150\" height=\"150\" src=\"https:\/\/images.ifun.de\/wp-content\/uploads\/2019\/12\/ipad-mac-pro-150x150.jpg\" class=\"alignright tfe wp-post-image\" alt=\"Ipad Mac Pro\" decoding=\"async\" loading=\"lazy\" \/><\/a><p>Zwei kleine Nachtr\u00e4ge zum langsam anlaufenden Auslieferungsstart des neuen Mac Pro, die bislang zwar nicht wirklich fraglich aber auch noch nicht eindeutig best\u00e4tigt waren. Pro Display XDR spiegelt iPad Zum einen ist das iPad in der Lage seinen Display-Inhalt auf das 5.499 Euro teure Pro Display XDR auszugeben &#8211; inklusive der vollen Unterst\u00fctzung f\u00fcr HDR-Videosignale. [&hellip;]<\/p>\n","protected":false},"author":1,"featured_media":147494,"comment_status":"open","ping_status":"closed","sticky":false,"template":"","format":"standard","meta":{"_acf_changed":false,"footnotes":""},"categories":[16],"tags":[4740,1238,4541,31],"class_list":["post-147492","post","type-post","status-publish","format-standard","has-post-thumbnail","hentry","category-mac","tag-ipad","tag-mac-pro","tag-pro-display-xdr","tag-video"],"acf":[],"aioseo_notices":[],"featured_image":["https:\/\/images.ifun.de\/wp-content\/uploads\/2019\/12\/ipad-mac-pro.jpg"],"subheadline":["Antworten auf offene Fragen"],"rest_api_enabler":{"featured_image":"https:\/\/images.ifun.de\/wp-content\/uploads\/2019\/12\/ipad-mac-pro.jpg","subheadline":"Antworten auf offene Fragen"},"_links":{"self":[{"href":"https:\/\/www.ifun.de\/apiv2\/wp\/v2\/posts\/147492","targetHints":{"allow":["GET"]}}],"collection":[{"href":"https:\/\/www.ifun.de\/apiv2\/wp\/v2\/posts"}],"about":[{"href":"https:\/\/www.ifun.de\/apiv2\/wp\/v2\/types\/post"}],"author":[{"embeddable":true,"href":"https:\/\/www.ifun.de\/apiv2\/wp\/v2\/users\/1"}],"replies":[{"embeddable":true,"href":"https:\/\/www.ifun.de\/apiv2\/wp\/v2\/comments?post=147492"}],"version-history":[{"count":3,"href":"https:\/\/www.ifun.de\/apiv2\/wp\/v2\/posts\/147492\/revisions"}],"predecessor-version":[{"id":147497,"href":"https:\/\/www.ifun.de\/apiv2\/wp\/v2\/posts\/147492\/revisions\/147497"}],"wp:featuredmedia":[{"embeddable":true,"href":"https:\/\/www.ifun.de\/apiv2\/wp\/v2\/media\/147494"}],"wp:attachment":[{"href":"https:\/\/www.ifun.de\/apiv2\/wp\/v2\/media?parent=147492"}],"wp:term":[{"taxonomy":"category","embeddable":true,"href":"https:\/\/www.ifun.de\/apiv2\/wp\/v2\/categories?post=147492"},{"taxonomy":"post_tag","embeddable":true,"href":"https:\/\/www.ifun.de\/apiv2\/wp\/v2\/tags?post=147492"}],"curies":[{"name":"wp","href":"https:\/\/api.w.org\/{rel}","templated":true}]}}