{"id":147473,"date":"2019-12-16T17:02:15","date_gmt":"2019-12-16T16:02:15","guid":{"rendered":"https:\/\/www.ifun.de\/?p=147473"},"modified":"2019-12-16T17:02:45","modified_gmt":"2019-12-16T16:02:45","slug":"photoshop-fuer-ipad-jetzt-mit-automatischer-motivauswahl","status":"publish","type":"post","link":"https:\/\/www.ifun.de\/photoshop-fuer-ipad-jetzt-mit-automatischer-motivauswahl-147473\/","title":{"rendered":"Photoshop f\u00fcr iPad: Jetzt mit automatischer Motivauswahl"},"content":{"rendered":"<p>Vor knapp einem Monat reagierte Adobe auf die massive Kritik an der neuen iPad-Version von Photoshop mit einem zuversichtlichen Blick in die Zukunft.<\/p>\n<p><a href=\"https:\/\/images.ifun.de\/wp-content\/uploads\/2019\/12\/automatische-auswahl.jpg\"><img loading=\"lazy\" decoding=\"async\" class=\"aligncenter size-medium wp-image-147475\" src=\"https:\/\/images.ifun.de\/wp-content\/uploads\/2019\/12\/automatische-auswahl-500x324.jpg\" alt=\"Automatische Auswahl\" width=\"500\" height=\"324\" srcset=\"https:\/\/images.ifun.de\/wp-content\/uploads\/2019\/12\/automatische-auswahl-500x324.jpg 500w, https:\/\/images.ifun.de\/wp-content\/uploads\/2019\/12\/automatische-auswahl.jpg 700w\" sizes=\"auto, (max-width: 500px) 100vw, 500px\" \/><\/a><\/p>\n<p>Die verantwortliche Produktmanagerin Pam Clark beschrieb <a href=\"https:\/\/theblog.adobe.com\/photoshop-reimagined-for-ipad-the-journey\/\">im Firmenblog<\/a>, wo die Reise den Vorstellungen von Adobe entsprechend hinf\u00fchren wird und versuchte damit die Gem\u00fcter der Anwender zu beruhigen, die bereits zum Deb\u00fct der iPad-App auf eine 1-zu-1-Umsetzung der Desktop-Applikation gehofft hatten.<\/p>\n<p>Damals wurde betont, dass man bei der ersten Version der App besonderen Wert auf die Basisfunktionalit\u00e4t und vor allem auch die M\u00f6glichkeit gelegt habe, mit dem Photoshop-Dateiformat zu arbeiten.<\/p>\n<p>Adobe w\u00fcrde die Kritik der Nutzer jedoch ernst nehmen. So sollen noch in diesem Jahr durch k\u00fcnstliche Intelligenz unterst\u00fctzte Bearbeitungsfunktionen integriert werden. Adobes Sensei-Technologie soll beispielsweise die Auswahl von Bildbereichen erleichtern, indem die zentralen Bildelemente automatisch erkannt werden.<\/p>\n<p><video poster=\"https:\/\/helpx.adobe.com\/content\/dam\/help\/en\/photoshop\/how-to\/learn-photoshop-ipad_297x176.jpg\" preload=\"auto\" controls=\"controls\" width=\"700\" height=\"390\"><source src=\"https:\/\/images-tv.adobe.com\/mpcv3\/7467ae92-32c9-4e44-889e-34a93229f078_1572473009.1280x720at2000_h264.mp4\" \/><\/video><\/p>\n<p>Eben jene &#8222;automatische Motivauswahl&#8220; hat Adobe <a href=\"https:\/\/theblog.adobe.com\/photoshop-reimagined-for-ipad-introducing-select-subject\/\">heute nachgeliefert<\/a>.<\/p>\n<blockquote><p>Wir stellen das erste von vielen neuen Features vor: die automatische Motivauswahl. Nur ein Tap, und ein ganzer Bildbereich wird pr\u00e4zise ausgew\u00e4hlt \u2013 dank Adobe Sensei, Adobes Technologie f\u00fcr k\u00fcnstliche Intelligenz. Damit du noch produktiver arbeiten kannst. Zus\u00e4tzlich haben wir eine Reihe von Fehlern behoben, sodass die gewohnt hohe Qualit\u00e4t von Photoshop sichergestellt ist.<\/p><\/blockquote>\n<!-- WP-Appbox (Version: 4.5.12 \/\/ Store: appstore \/\/ ID: 1457771281) -->\t<!-- app-link -->\n\t<div id=\"article-single-app-preview\">\n\t\t<div id=\"article-single-app-preview-header\">\n\t\t\t<span class=\"title\">Laden im App Store<\/span>\n\t\t<\/div>\n\t\t<div id=\"article-single-app-preview-content\">\n\t\t\t<div id=\"article-single-app-preview-img\"><img loading=\"lazy\" decoding=\"async\" src=\"\/\/is1-ssl.mzstatic.com\/image\/thumb\/PurpleSource221\/v4\/cc\/82\/55\/cc8255cd-c6c8-3592-f95b-93a6ba08a0c1\/Placeholder.mill\/200x200bb-75.png\" alt=\"Adobe Photoshop: Foto-Editor\"  height=\"72\" width=\"72\" class=\"asl-icon-img\" \/><\/div>\n\t\t\t<div id=\"article-single-app-preview-desc\">\n\t\t\t\t<span class=\"name\">Adobe Photoshop: Foto-Editor<\/span><br \/>\n\t\t\t\t<span class=\"seller\">Entwickler: <a target=\"_blank\" rel=\"nofollow\" href=\"https:\/\/apps.apple.com\/de\/developer\/adobe-inc\/id331646274\">Adobe Inc.<\/a><\/span>\n\t\t\t<\/div>\n\t\t\t<a target=\"_blank\" rel=\"nofollow\" href=\"https:\/\/apps.apple.com\/de\/app\/adobe-photoshop-foto-editor\/id1457771281\"><div id=\"article-single-app-preview-download\">Preis: Kostenlos<sup>+<\/sup><br \/>\n\t\t\t<span class=\"size\">Laden<\/span><\/div><\/a>\n\t\t<\/div>\n\t\t<!-- <div id=\"article-single-app-preview-footer\"><\/div>\t-->\n\t<\/div>\n\t<!-- app-link\/ende --><!-- \/WP-Appbox -->\n<h2>Adobe Photoshop f\u00fcr iPad: Neu in Version 1.1<\/h2>\n<ul>\n<li>\u201eMotiv ausw\u00e4hlen\u201c ist \u00fcber das Auswahlwerkzeug-Men\u00fc verf\u00fcgbar. Dr\u00fccke l\u00e4nger oder tippe zweimal auf das Auswahlwerkzeug, und w\u00e4hle \u201eMotiv ausw\u00e4hlen\u201c. Jetzt wird automatisch eine pr\u00e4zise Auswahl um das Hauptmotiv der Ebene herum gezogen.<\/li>\n<li>Die Arbeit mit Cloud-Dokumenten wurde deutlich verbessert. Das wirkt sich besonders auf den Upload und Download von Dateien aus. Cloud-Dokumente lassen sich ab sofort noch schneller in Photoshop \u00f6ffnen.<\/li>\n<li>Die Einstellung f\u00fcr den dunklen Modus in Photoshop kann an die iPadOS-Einstellung angepasst werden.<\/li>\n<\/ul>\n<p>Adobe Photoshop f\u00fcr das iPad l\u00e4sst sich 30 Tage lang kostenlos testen, f\u00fcr die uneingeschr\u00e4nkte Nutzung ist ein Photoshop-Abo bei Adobe Voraussetzung, bei Buchung \u00fcber die App fallen monatliche Geb\u00fchren in H\u00f6he von 10,99 Euro an.<\/p>\n<p><img loading=\"lazy\" decoding=\"async\" src=\"https:\/\/vg08.met.vgwort.de\/na\/a20dd3404d4341b3ad9842b7fb0a3535\" width=\"1\" height=\"1\" class=\"tracking\"><\/p>\n","protected":false},"excerpt":{"rendered":"<a href=\"https:\/\/www.ifun.de\/photoshop-fuer-ipad-jetzt-mit-automatischer-motivauswahl-147473\/\"><img width=\"150\" height=\"150\" src=\"https:\/\/images.ifun.de\/wp-content\/uploads\/2019\/12\/automatische-auswahl-150x150.jpg\" class=\"alignright tfe wp-post-image\" alt=\"Automatische Auswahl\" decoding=\"async\" loading=\"lazy\" \/><\/a><p>Vor knapp einem Monat reagierte Adobe auf die massive Kritik an der neuen iPad-Version von Photoshop mit einem zuversichtlichen Blick in die Zukunft. Die verantwortliche Produktmanagerin Pam Clark beschrieb im Firmenblog, wo die Reise den Vorstellungen von Adobe entsprechend hinf\u00fchren wird und versuchte damit die Gem\u00fcter der Anwender zu beruhigen, die bereits zum Deb\u00fct der [&hellip;]<\/p>\n","protected":false},"author":1,"featured_media":147475,"comment_status":"open","ping_status":"closed","sticky":false,"template":"","format":"standard","meta":{"_acf_changed":false,"footnotes":""},"categories":[5],"tags":[265,4737,4740,375],"class_list":["post-147473","post","type-post","status-publish","format-standard","has-post-thumbnail","hentry","category-apps","tag-adobe","tag-apps","tag-ipad","tag-photoshop"],"acf":[],"aioseo_notices":[],"subheadline":["Version 1.1","Version 1.1 liefert nach"],"featured_image":["https:\/\/images.ifun.de\/wp-content\/uploads\/2019\/11\/adobe-photoshop-ipad-ausblick.jpg"],"rest_api_enabler":{"subheadline":["Version 1.1","Version 1.1 liefert nach"],"featured_image":"https:\/\/images.ifun.de\/wp-content\/uploads\/2019\/11\/adobe-photoshop-ipad-ausblick.jpg"},"_links":{"self":[{"href":"https:\/\/www.ifun.de\/apiv2\/wp\/v2\/posts\/147473","targetHints":{"allow":["GET"]}}],"collection":[{"href":"https:\/\/www.ifun.de\/apiv2\/wp\/v2\/posts"}],"about":[{"href":"https:\/\/www.ifun.de\/apiv2\/wp\/v2\/types\/post"}],"author":[{"embeddable":true,"href":"https:\/\/www.ifun.de\/apiv2\/wp\/v2\/users\/1"}],"replies":[{"embeddable":true,"href":"https:\/\/www.ifun.de\/apiv2\/wp\/v2\/comments?post=147473"}],"version-history":[{"count":3,"href":"https:\/\/www.ifun.de\/apiv2\/wp\/v2\/posts\/147473\/revisions"}],"predecessor-version":[{"id":147477,"href":"https:\/\/www.ifun.de\/apiv2\/wp\/v2\/posts\/147473\/revisions\/147477"}],"wp:featuredmedia":[{"embeddable":true,"href":"https:\/\/www.ifun.de\/apiv2\/wp\/v2\/media\/147475"}],"wp:attachment":[{"href":"https:\/\/www.ifun.de\/apiv2\/wp\/v2\/media?parent=147473"}],"wp:term":[{"taxonomy":"category","embeddable":true,"href":"https:\/\/www.ifun.de\/apiv2\/wp\/v2\/categories?post=147473"},{"taxonomy":"post_tag","embeddable":true,"href":"https:\/\/www.ifun.de\/apiv2\/wp\/v2\/tags?post=147473"}],"curies":[{"name":"wp","href":"https:\/\/api.w.org\/{rel}","templated":true}]}}