{"id":147231,"date":"2019-12-11T07:53:05","date_gmt":"2019-12-11T06:53:05","guid":{"rendered":"https:\/\/www.ifun.de\/?p=147231"},"modified":"2019-12-13T10:15:21","modified_gmt":"2019-12-13T09:15:21","slug":"mac-pro-erste-videos-neues-zubehoer-und-rollen-fuer-480-euro","status":"publish","type":"post","link":"https:\/\/www.ifun.de\/mac-pro-erste-videos-neues-zubehoer-und-rollen-fuer-480-euro-147231\/","title":{"rendered":"Mac Pro: Erste Videos, neues Zubeh\u00f6r und Rollen f\u00fcr 480 Euro"},"content":{"rendered":"<p>W\u00e4hrend die deutschen Mac Pro-Preise gestern noch in der Apple Store-Anwendung nachgeschlagen werden mussten, hat Apple inzwischen auch seinen Online Store im Netz \u00fcberarbeitet und hier nun eine <a href=\"https:\/\/www.apple.com\/de\/shop\/mac\/mac-accessories\/mac-components\">eigene Zubeh\u00f6r-Kategorie<\/a> f\u00fcr das neue Schlachtschiff freigeschaltet. <\/p>\n<p><a href=\"https:\/\/images.ifun.de\/wp-content\/uploads\/2019\/12\/mac-pro-zubehoer.jpg\"><img loading=\"lazy\" decoding=\"async\" src=\"https:\/\/images.ifun.de\/wp-content\/uploads\/2019\/12\/mac-pro-zubehoer-500x396.jpg\" alt=\"Mac Pro Zubehoer\" width=\"500\" height=\"396\" class=\"aligncenter size-medium wp-image-147232\" srcset=\"https:\/\/images.ifun.de\/wp-content\/uploads\/2019\/12\/mac-pro-zubehoer-500x396.jpg 500w, https:\/\/images.ifun.de\/wp-content\/uploads\/2019\/12\/mac-pro-zubehoer-700x554.jpg 700w, https:\/\/images.ifun.de\/wp-content\/uploads\/2019\/12\/mac-pro-zubehoer-768x608.jpg 768w, https:\/\/images.ifun.de\/wp-content\/uploads\/2019\/12\/mac-pro-zubehoer.jpg 1500w\" sizes=\"auto, (max-width: 500px) 100vw, 500px\" \/><\/a><\/p>\n<p>Diese bietet unter anderem <a href=\"https:\/\/www.apple.com\/de\/shop\/product\/MWUG2D\/A\/pro-stand\">den Monitor-Standfu\u00df<\/a> f\u00fcr 1.099 Euro, die Apple <a href=\"https:\/\/www.apple.com\/de\/shop\/product\/MW682ZM\/A\/apple-afterburner-karte\">Afterburner Karte<\/a> f\u00fcr 2.400 Euro und das <a href=\"https:\/\/www.apple.com\/de\/shop\/product\/MW732ZM\/A\/radeon-pro-vega-ii-duo-mpx-modul\">Radeon Pro Vega II Duo MPX Modul<\/a> f\u00fcr 6.720 an. Wer ein Schn\u00e4ppchen sucht, muss derzeit mit dem AUX Netzkabel-Set f\u00fcr den Mac Pro Vorlieb nehmen. Dieses kostet nur 64,95 Euro,<\/p>\n<p>Zudem finden sich in der BTO-Konfiguration nun auch Optionen zur Geh\u00e4use-Konfiguration. Wer die Frage nach &#8222;Standf\u00fc\u00dfe oder Rollen&#8220; hier mit &#8222;Rollen&#8220; beantwortet, legt direkt 480 Euro zur Seite. <\/p>\n<p><a href=\"https:\/\/images.ifun.de\/wp-content\/uploads\/2019\/12\/mac-pro-rollen.jpg\"><img loading=\"lazy\" decoding=\"async\" src=\"https:\/\/images.ifun.de\/wp-content\/uploads\/2019\/12\/mac-pro-rollen-700x270.jpg\" alt=\"Mac Pro Rollen\" width=\"700\" height=\"270\" class=\"aligncenter size-large wp-image-147233\" srcset=\"https:\/\/images.ifun.de\/wp-content\/uploads\/2019\/12\/mac-pro-rollen-700x270.jpg 700w, https:\/\/images.ifun.de\/wp-content\/uploads\/2019\/12\/mac-pro-rollen-500x193.jpg 500w, https:\/\/images.ifun.de\/wp-content\/uploads\/2019\/12\/mac-pro-rollen-768x296.jpg 768w, https:\/\/images.ifun.de\/wp-content\/uploads\/2019\/12\/mac-pro-rollen.jpg 1044w\" sizes=\"auto, (max-width: 700px) 100vw, 700px\" \/><\/a><\/p>\n<h2>Mac Pro: Die ersten Hands-On-Video<\/h2>\n<p>Wie inzwischen \u00fcblich hat Apple ausgew\u00e4hlte YouTuber, Influencer und Videoblogger mit dem neuen Mac Pro versorgt. Diese stellen ihre ersten Impressionen mit dem neuen Desktop-Rechner in den untern eingebetteten Videos vor. <\/p>\n<p><div class=\"responsive-video\"><iframe loading=\"lazy\" width=\"700\" height=\"371\" src=\"https:\/\/www.youtube-nocookie.com\/embed\/DOPswcaSsu8\" frameborder=\"0\" allowfullscreen><\/iframe><\/div><\/p>\n<p><div class=\"responsive-video\"><iframe loading=\"lazy\" width=\"700\" height=\"371\" src=\"https:\/\/www.youtube-nocookie.com\/embed\/CUFB8xVJ9iM\" frameborder=\"0\" allowfullscreen><\/iframe><\/div><\/p>\n<p><div class=\"responsive-video\"><iframe loading=\"lazy\" width=\"700\" height=\"371\" src=\"https:\/\/www.youtube-nocookie.com\/embed\/TqjwSNRDrO8\" frameborder=\"0\" allowfullscreen><\/iframe><\/div><\/p>\n","protected":false},"excerpt":{"rendered":"<a href=\"https:\/\/www.ifun.de\/mac-pro-erste-videos-neues-zubehoer-und-rollen-fuer-480-euro-147231\/\"><img width=\"150\" height=\"150\" src=\"https:\/\/images.ifun.de\/wp-content\/uploads\/2019\/12\/mac-pro-im-video-150x150.jpg\" class=\"alignright tfe wp-post-image\" alt=\"Mac Pro Im Video\" decoding=\"async\" loading=\"lazy\" \/><\/a><p>W\u00e4hrend die deutschen Mac Pro-Preise gestern noch in der Apple Store-Anwendung nachgeschlagen werden mussten, hat Apple inzwischen auch seinen Online Store im Netz \u00fcberarbeitet und hier nun eine eigene Zubeh\u00f6r-Kategorie f\u00fcr das neue Schlachtschiff freigeschaltet. Diese bietet unter anderem den Monitor-Standfu\u00df f\u00fcr 1.099 Euro, die Apple Afterburner Karte f\u00fcr 2.400 Euro und das Radeon Pro [&hellip;]<\/p>\n","protected":false},"author":1,"featured_media":147234,"comment_status":"open","ping_status":"closed","sticky":false,"template":"","format":"standard","meta":{"_acf_changed":false,"footnotes":""},"categories":[20,1783],"tags":[4736,1238,31,4591],"class_list":["post-147231","post","type-post","status-publish","format-standard","has-post-thumbnail","hentry","category-videos","category-feature","tag-apple","tag-mac-pro","tag-video","tag-zubehoer"],"acf":[],"aioseo_notices":[],"featured_image":["https:\/\/images.ifun.de\/wp-content\/uploads\/2019\/12\/mac-pro-im-video.jpg"],"subheadline":["Hands-On-Filmchen verf\u00fcgbar"],"rest_api_enabler":{"featured_image":"https:\/\/images.ifun.de\/wp-content\/uploads\/2019\/12\/mac-pro-im-video.jpg","subheadline":"Hands-On-Filmchen verf\u00fcgbar"},"_links":{"self":[{"href":"https:\/\/www.ifun.de\/apiv2\/wp\/v2\/posts\/147231","targetHints":{"allow":["GET"]}}],"collection":[{"href":"https:\/\/www.ifun.de\/apiv2\/wp\/v2\/posts"}],"about":[{"href":"https:\/\/www.ifun.de\/apiv2\/wp\/v2\/types\/post"}],"author":[{"embeddable":true,"href":"https:\/\/www.ifun.de\/apiv2\/wp\/v2\/users\/1"}],"replies":[{"embeddable":true,"href":"https:\/\/www.ifun.de\/apiv2\/wp\/v2\/comments?post=147231"}],"version-history":[{"count":2,"href":"https:\/\/www.ifun.de\/apiv2\/wp\/v2\/posts\/147231\/revisions"}],"predecessor-version":[{"id":147236,"href":"https:\/\/www.ifun.de\/apiv2\/wp\/v2\/posts\/147231\/revisions\/147236"}],"wp:featuredmedia":[{"embeddable":true,"href":"https:\/\/www.ifun.de\/apiv2\/wp\/v2\/media\/147234"}],"wp:attachment":[{"href":"https:\/\/www.ifun.de\/apiv2\/wp\/v2\/media?parent=147231"}],"wp:term":[{"taxonomy":"category","embeddable":true,"href":"https:\/\/www.ifun.de\/apiv2\/wp\/v2\/categories?post=147231"},{"taxonomy":"post_tag","embeddable":true,"href":"https:\/\/www.ifun.de\/apiv2\/wp\/v2\/tags?post=147231"}],"curies":[{"name":"wp","href":"https:\/\/api.w.org\/{rel}","templated":true}]}}