{"id":147151,"date":"2019-12-10T06:59:39","date_gmt":"2019-12-10T05:59:39","guid":{"rendered":"https:\/\/www.ifun.de\/?p=147151"},"modified":"2019-12-10T06:59:39","modified_gmt":"2019-12-10T05:59:39","slug":"mac-pro-2019-ein-erster-blick-auf-die-rack-variante","status":"publish","type":"post","link":"https:\/\/www.ifun.de\/mac-pro-2019-ein-erster-blick-auf-die-rack-variante-147151\/","title":{"rendered":"Mac Pro 2019: Ein erster Blick auf die Rack-Variante"},"content":{"rendered":"<p>Apple hat <a href=\"https:\/\/www.ifun.de\/mac-pro-und-pro-display-xdr-ab-dienstag-bestellbar-147081\/\" title=\"Mac Pro und Pro Display XDR ab Dienstag bestellbar\">angek\u00fcndigt<\/a>, dass sich der <a href=\"https:\/\/apple.sjv.io\/KLDq7\">Mac Pro 2020<\/a> von heute an bestellen l\u00e4sst. Im Vorfeld k\u00f6nnt ihr bereits einen ersten Blick auf die Sonderausf\u00fchrung des Rechners f\u00fcr die Verwendung in Rack-Systemen werfen.<\/p>\n<p>Das Foto wurde im Rahmen der Pr\u00fcfung durch die amerikanische Zulassungsstelle f\u00fcr Elektronikprodukte FCC ver\u00f6ffentlicht. Der neue Mac Pro wird dort in der Standardausf\u00fchrung mit der Modellnummer <a href=\"https:\/\/fccid.io\/BCGA1991\">A1991<\/a> gelistet, die Rack-Variante l\u00e4uft unter der Modellnummer <a href=\"https:\/\/fccid.io\/BCGA2304\">A2304<\/a>.<\/p>\n<p><a href=\"https:\/\/images.ifun.de\/wp-content\/uploads\/2019\/12\/mac-pro-rack-testinstallation-fcc.jpg\"><img loading=\"lazy\" decoding=\"async\" src=\"https:\/\/images.ifun.de\/wp-content\/uploads\/2019\/12\/mac-pro-rack-testinstallation-fcc-500x310.jpg\" alt=\"Mac Pro Rack Testinstallation Fcc\" width=\"500\" height=\"310\" class=\"alignnone size-medium wp-image-147154\" srcset=\"https:\/\/images.ifun.de\/wp-content\/uploads\/2019\/12\/mac-pro-rack-testinstallation-fcc-500x310.jpg 500w, https:\/\/images.ifun.de\/wp-content\/uploads\/2019\/12\/mac-pro-rack-testinstallation-fcc-700x435.jpg 700w, https:\/\/images.ifun.de\/wp-content\/uploads\/2019\/12\/mac-pro-rack-testinstallation-fcc-768x477.jpg 768w, https:\/\/images.ifun.de\/wp-content\/uploads\/2019\/12\/mac-pro-rack-testinstallation-fcc.jpg 1200w\" sizes=\"auto, (max-width: 500px) 100vw, 500px\" \/><\/a><\/p>\n<p>Der Mac Pro 2019 ist damit seit dem von 2002 bis 2009 erh\u00e4ltlichen Xserve wieder der erste Apple-Rechner, der sich ab Werk in einem Rack-System unterbringen l\u00e4sst. Apple hat diese Sonderausf\u00fchrungen bei der Ank\u00fcndigung des Mac Pro mit einem Nebensatz erw\u00e4hnt: <\/p>\n<blockquote>\n<p>F\u00fcr Kunden, die ihren Mac Pro an Editierpl\u00e4tzen oder in Maschinenr\u00e4umen im Rack einbauen m\u00f6chten, wird es ab Herbst eine optimierte Version f\u00fcr den Rack-Einsatz geben.<\/p>\n<\/blockquote>\n<p>Wir k\u00f6nnen euch aktuell noch nicht sagen, ab wann Apple die Bestellm\u00f6glichkeit f\u00fcr den Mac Pro heute freigibt. Sobald die Webseite und damit alle Infos zum Preis und den Ausstattungsm\u00f6glichkeiten von Mac Pro und Apples Pro Display XDR verf\u00fcgbar sind, berichten wir hier.<\/p>\n<p><h8>Via <a href=\"https:\/\/www.indiashopps.com\/buddy\/apple\/rack-mounted-apple-mac-pro-real-image-spotted-via-fcc-listing\/\">IndiaShopps<\/a><\/h8><\/p>\n","protected":false},"excerpt":{"rendered":"<a href=\"https:\/\/www.ifun.de\/mac-pro-2019-ein-erster-blick-auf-die-rack-variante-147151\/\"><img width=\"150\" height=\"150\" src=\"https:\/\/images.ifun.de\/wp-content\/uploads\/2019\/12\/mac-pro-rack-fcc-150x150.jpg\" class=\"alignright tfe wp-post-image\" alt=\"Mac Pro Rack Fcc\" decoding=\"async\" loading=\"lazy\" \/><\/a><p>Apple hat angek\u00fcndigt, dass sich der Mac Pro 2020 von heute an bestellen l\u00e4sst. Im Vorfeld k\u00f6nnt ihr bereits einen ersten Blick auf die Sonderausf\u00fchrung des Rechners f\u00fcr die Verwendung in Rack-Systemen werfen. Das Foto wurde im Rahmen der Pr\u00fcfung durch die amerikanische Zulassungsstelle f\u00fcr Elektronikprodukte FCC ver\u00f6ffentlicht. Der neue Mac Pro wird dort in [&hellip;]<\/p>\n","protected":false},"author":2,"featured_media":147155,"comment_status":"open","ping_status":"closed","sticky":false,"template":"","format":"standard","meta":{"_acf_changed":false,"footnotes":""},"categories":[16],"tags":[1238],"class_list":["post-147151","post","type-post","status-publish","format-standard","has-post-thumbnail","hentry","category-mac","tag-mac-pro"],"acf":[],"aioseo_notices":[],"subheadline":["F\u00fcr die Verwendung in Serverschr\u00e4nken"],"featured_image":["https:\/\/images.ifun.de\/wp-content\/uploads\/2019\/12\/mac-pro-rack-fcc.jpg"],"rest_api_enabler":{"subheadline":"F\u00fcr die Verwendung in Serverschr\u00e4nken","featured_image":"https:\/\/images.ifun.de\/wp-content\/uploads\/2019\/12\/mac-pro-rack-fcc.jpg"},"_links":{"self":[{"href":"https:\/\/www.ifun.de\/apiv2\/wp\/v2\/posts\/147151","targetHints":{"allow":["GET"]}}],"collection":[{"href":"https:\/\/www.ifun.de\/apiv2\/wp\/v2\/posts"}],"about":[{"href":"https:\/\/www.ifun.de\/apiv2\/wp\/v2\/types\/post"}],"author":[{"embeddable":true,"href":"https:\/\/www.ifun.de\/apiv2\/wp\/v2\/users\/2"}],"replies":[{"embeddable":true,"href":"https:\/\/www.ifun.de\/apiv2\/wp\/v2\/comments?post=147151"}],"version-history":[{"count":3,"href":"https:\/\/www.ifun.de\/apiv2\/wp\/v2\/posts\/147151\/revisions"}],"predecessor-version":[{"id":147156,"href":"https:\/\/www.ifun.de\/apiv2\/wp\/v2\/posts\/147151\/revisions\/147156"}],"wp:featuredmedia":[{"embeddable":true,"href":"https:\/\/www.ifun.de\/apiv2\/wp\/v2\/media\/147155"}],"wp:attachment":[{"href":"https:\/\/www.ifun.de\/apiv2\/wp\/v2\/media?parent=147151"}],"wp:term":[{"taxonomy":"category","embeddable":true,"href":"https:\/\/www.ifun.de\/apiv2\/wp\/v2\/categories?post=147151"},{"taxonomy":"post_tag","embeddable":true,"href":"https:\/\/www.ifun.de\/apiv2\/wp\/v2\/tags?post=147151"}],"curies":[{"name":"wp","href":"https:\/\/api.w.org\/{rel}","templated":true}]}}