{"id":146573,"date":"2019-11-27T09:46:17","date_gmt":"2019-11-27T08:46:17","guid":{"rendered":"https:\/\/www.ifun.de\/?p=146573"},"modified":"2019-11-27T09:53:02","modified_gmt":"2019-11-27T08:53:02","slug":"neuland-karte-berlin-startet-breitband-portal","status":"publish","type":"post","link":"https:\/\/www.ifun.de\/neuland-karte-berlin-startet-breitband-portal-146573\/","title":{"rendered":"Neuland-Karte: Berlin startet Breitband-Portal"},"content":{"rendered":"<p>In Kooperation mit der Berliner Industrie- und Handelskammer (IHK) hat das Land Berlin heute das Berliner Breitband Portal gestartet. Die neue Anlaufstelle f\u00fcr Unterversorgte l\u00e4sst sich auf <a href=\"https:\/\/breitband.berlin.de\">breitband.berlin.de<\/a> erreichen und richtet sich vor allem an Wirtschaftsunternehmen, aber auch B\u00fcrgerinnen und B\u00fcrger im Land Berlin, die Breitbandbedarf melden wollen.<\/p>\n<p><a href=\"https:\/\/images.ifun.de\/wp-content\/uploads\/2019\/11\/breitbandportal-berlin.jpg\"><img loading=\"lazy\" decoding=\"async\" src=\"https:\/\/images.ifun.de\/wp-content\/uploads\/2019\/11\/breitbandportal-berlin-500x414.jpg\" alt=\"Breitbandportal Berlin\" width=\"500\" height=\"414\" class=\"aligncenter size-medium wp-image-146575\" srcset=\"https:\/\/images.ifun.de\/wp-content\/uploads\/2019\/11\/breitbandportal-berlin-500x414.jpg 500w, https:\/\/images.ifun.de\/wp-content\/uploads\/2019\/11\/breitbandportal-berlin-700x580.jpg 700w, https:\/\/images.ifun.de\/wp-content\/uploads\/2019\/11\/breitbandportal-berlin-768x636.jpg 768w, https:\/\/images.ifun.de\/wp-content\/uploads\/2019\/11\/breitbandportal-berlin.jpg 1202w\" sizes=\"auto, (max-width: 500px) 100vw, 500px\" \/><\/a><\/p>\n<p>Anders formuliert: Die Online-Karte tr\u00e4gt nicht direkt zum Breitband-Ausbau bei, sondern erfasst ausschlie\u00dflich den Bedarf und soll private Anbieter so mittelbar zur Installation neuer, leistungsf\u00e4higer Anschl\u00fcsse motivieren. Der angemeldete Bedarf wird auf einer interaktiven Karte systematisch in unterschiedlichen Detailtiefen dargestellt. <\/p>\n<p>Wenn vom Nutzer gew\u00fcnscht wird der eingetragene Bedarf (im Formular kann Bandbreite, Symmetrie und akzeptabler Preis angegeben werden) in einem weiteren Schritt den in Berlin t\u00e4tigen Providern zur Verf\u00fcgung gestellt. Diese k\u00f6nnen dann ihrerseits Versorgungsangebote unterbreiten. <\/p>\n<p>Wir bewerten das neue Online-Angebot des <a href=\"https:\/\/projektzukunft.berlin.de\/news\/news-detail\/breitband-kompetenz-team-berlin\/\">Breitband-Kompetenz-Team Berlin<\/a> (BKT Berlin) als unverbindliches Feigenblatt, dass Engagement suggeriert, den Netzbetreibern jedoch keine Ausbau-Vorgaben macht und von diesen schlicht ignoriert werden kann. Eintragen sollte man sich wahrscheinlich dennoch.<\/p>\n<blockquote><p>Das Land Berlin bem\u00fcht sich aktiv darum, den fl\u00e4chendeckenden Gigabit-Breitbandausbau voranzutreiben und schafft dazu einen Dialog zwischen Bedarfstr\u00e4gern und ausbauenden Unternehmen. Auf Grund der politischen Rahmenbedingungen der EU- und Bundesebene soll der Netzausbau in Berlin in erster Linie eigenwirtschaftlich durch die Netzbetreiber erfolgen. Das bedeutet, dass die Netzbetreiber im freien Wettbewerb stehen und auf Grundlage ihrer wirtschaftlichen und strategischen Abw\u00e4gungen entscheiden k\u00f6nnen, wo der Ausbau erfolgen wird.<\/p><\/blockquote>\n","protected":false},"excerpt":{"rendered":"<a href=\"https:\/\/www.ifun.de\/neuland-karte-berlin-startet-breitband-portal-146573\/\"><img width=\"150\" height=\"150\" src=\"https:\/\/images.ifun.de\/wp-content\/uploads\/2019\/11\/berlin-breitband-150x150.jpg\" class=\"alignright tfe wp-post-image\" alt=\"Berlin Breitband\" decoding=\"async\" loading=\"lazy\" \/><\/a><p>In Kooperation mit der Berliner Industrie- und Handelskammer (IHK) hat das Land Berlin heute das Berliner Breitband Portal gestartet. Die neue Anlaufstelle f\u00fcr Unterversorgte l\u00e4sst sich auf breitband.berlin.de erreichen und richtet sich vor allem an Wirtschaftsunternehmen, aber auch B\u00fcrgerinnen und B\u00fcrger im Land Berlin, die Breitbandbedarf melden wollen. Anders formuliert: Die Online-Karte tr\u00e4gt nicht direkt [&hellip;]<\/p>\n","protected":false},"author":1,"featured_media":146576,"comment_status":"open","ping_status":"closed","sticky":false,"template":"","format":"standard","meta":{"_acf_changed":false,"footnotes":""},"categories":[1],"tags":[190,4004,1810,1164,1022,1023],"class_list":["post-146573","post","type-post","status-publish","format-standard","has-post-thumbnail","hentry","category-news","tag-berlin","tag-breitbandmessung","tag-dsl","tag-netz","tag-tarif","tag-vertrag"],"acf":[],"aioseo_notices":[],"subheadline":["B\u00fcrger melden Bedarf","B\u00fcrger melden Bedarf"],"featured_image":["https:\/\/images.ifun.de\/wp-content\/uploads\/2019\/11\/projekt-zukunft-breitband-berlin.jpg"],"rest_api_enabler":{"subheadline":["B\u00fcrger melden Bedarf","B\u00fcrger melden Bedarf"],"featured_image":"https:\/\/images.ifun.de\/wp-content\/uploads\/2019\/11\/projekt-zukunft-breitband-berlin.jpg"},"_links":{"self":[{"href":"https:\/\/www.ifun.de\/apiv2\/wp\/v2\/posts\/146573","targetHints":{"allow":["GET"]}}],"collection":[{"href":"https:\/\/www.ifun.de\/apiv2\/wp\/v2\/posts"}],"about":[{"href":"https:\/\/www.ifun.de\/apiv2\/wp\/v2\/types\/post"}],"author":[{"embeddable":true,"href":"https:\/\/www.ifun.de\/apiv2\/wp\/v2\/users\/1"}],"replies":[{"embeddable":true,"href":"https:\/\/www.ifun.de\/apiv2\/wp\/v2\/comments?post=146573"}],"version-history":[{"count":2,"href":"https:\/\/www.ifun.de\/apiv2\/wp\/v2\/posts\/146573\/revisions"}],"predecessor-version":[{"id":146577,"href":"https:\/\/www.ifun.de\/apiv2\/wp\/v2\/posts\/146573\/revisions\/146577"}],"wp:featuredmedia":[{"embeddable":true,"href":"https:\/\/www.ifun.de\/apiv2\/wp\/v2\/media\/146576"}],"wp:attachment":[{"href":"https:\/\/www.ifun.de\/apiv2\/wp\/v2\/media?parent=146573"}],"wp:term":[{"taxonomy":"category","embeddable":true,"href":"https:\/\/www.ifun.de\/apiv2\/wp\/v2\/categories?post=146573"},{"taxonomy":"post_tag","embeddable":true,"href":"https:\/\/www.ifun.de\/apiv2\/wp\/v2\/tags?post=146573"}],"curies":[{"name":"wp","href":"https:\/\/api.w.org\/{rel}","templated":true}]}}