{"id":146092,"date":"2019-11-15T18:08:40","date_gmt":"2019-11-15T17:08:40","guid":{"rendered":"https:\/\/www.ifun.de\/?p=146092"},"modified":"2019-11-15T18:12:30","modified_gmt":"2019-11-15T17:12:30","slug":"macbook-pro-16-stornieren-14-tage-warten-235-euro-sparen","status":"publish","type":"post","link":"https:\/\/www.ifun.de\/macbook-pro-16-stornieren-14-tage-warten-235-euro-sparen-146092\/","title":{"rendered":"MacBook Pro 16\u2033: Stornieren, 14 Tage warten, 235 Euro sparen"},"content":{"rendered":"<p>Solltet ihr eure Order f\u00fcr das neue MacBook Pro 16\u2033 bereits kurz nach der Pr\u00e4sentation des neuen MacBook-Flaggschiffes abgesetzt haben, dann pr\u00fcft am besten noch mal das voraussichtliche Lieferdatum, mit dem Apple eure Bestellung gekennzeichnet hat. <\/p>\n<p><a href=\"https:\/\/images.ifun.de\/wp-content\/uploads\/2019\/11\/macbook-preis.jpg\"><img decoding=\"async\" src=\"https:\/\/images.ifun.de\/wp-content\/uploads\/2019\/11\/macbook-preis.jpg\" alt=\"Macbook Preis\" width=\"500\" class=\"aligncenter size-full wp-image-146096\" \/><\/a><\/p>\n<p>Ist die Lieferung des MacBook Pro f\u00fcr den Dezember geplant (oder habt ihr es grunds\u00e4tzlich nicht eilig) dann kann sich die spontane Stornierung lohnen. <\/p>\n<p>So listete Amazon &#8211; nach anf\u00e4nglichem streit mit Cupertino inzwischen ein offizieller Apple-H\u00e4ndler &#8211; die neuen Modell schon jetzt jeweils rund <a rel=\"noindex, nofollow\" href=\"https:\/\/www.amazon.de\/s\/ref=as_li_ss_tl?k=B081FWMPS5%7CB081FX5SRY%7CB081FW6TPQ%7CB081FZHSLZ&#038;__mk_de_DE=%C3%85M%C3%85%C5%BD%C3%95%C3%91&#038;ref=nb_sb_noss&#038;linkCode=ll2&#038;tag=musicweb02&#038;linkId=dbaa443ab42eb47dce1d4b470b4d0319&#038;language=de_DE\">200 Euro unter Apples Listenpreis<\/a>. <\/p>\n<ul>\n<li><a rel=\"noindex, nofollow\" href=\"http:\/\/www.ifun.de\/amzn\/B081FZHSLZ\">192 Euro sparen<\/a>: Das 16 Zoll MacBook Pro mit Core i7 und 512 SSD kostet <b>bei Apple 2.699 Euro<\/b>, das baugleiche Modell kostet <b>bei Amazon 2.507 Euro<\/b>.<\/li>\n<li><a rel=\"noindex, nofollow\" href=\"http:\/\/www.ifun.de\/amzn\/B081FWMPS5\">235 Euro sparen<\/a>: Das 16 Zoll MacBook Pro mit Core i9 und 1TB SSD kostet <b>bei Apple 3.199 Euro<\/b>, das baugleiche Modell kostet <b>bei Amazon 2.964 Euro<\/b>.<\/li>\n<\/ul>\n<p>W\u00e4hrend Amazon f\u00fcr das g\u00fcnstige Modell noch kein Datum angibt, soll die Auslieferung des teuren Modells zum 16. Dezember erfolgen. Apple gibt hier den 2. Dezember als Liefertermin. Ihr wartet hier also zwei Wochen l\u00e4nger auf Amazon, bekommt in dieser Zeit aber jeden Tag 16,70 Euro gutgeschrieben. <\/p>\n<p>Sollte euer Wunsch-MacBook allerdings von den beiden Basiskonfigurationen abweichen, muss die Bestellung \u00fcber Apple erfolgen. Amazon bietet derzeit nur die Grundausstattungen in Silber und Grau an. <\/p>\n<p><a href=\"https:\/\/images.ifun.de\/wp-content\/uploads\/2019\/11\/preise-amazon-apple.gif\"><img loading=\"lazy\" decoding=\"async\" src=\"https:\/\/images.ifun.de\/wp-content\/uploads\/2019\/11\/preise-amazon-apple.gif\" alt=\"Preise Amazon Apple\" width=\"900\" height=\"550\" class=\"aligncenter size-full wp-image-146094\" \/><\/a><\/p>\n","protected":false},"excerpt":{"rendered":"<a href=\"https:\/\/www.ifun.de\/macbook-pro-16-stornieren-14-tage-warten-235-euro-sparen-146092\/\"><img width=\"150\" height=\"150\" src=\"https:\/\/images.ifun.de\/wp-content\/uploads\/2019\/11\/preise-amazon-apple-150x150.gif\" class=\"alignright tfe wp-post-image\" alt=\"Preise Amazon Apple\" decoding=\"async\" loading=\"lazy\" \/><\/a><p>Solltet ihr eure Order f\u00fcr das neue MacBook Pro 16\u2033 bereits kurz nach der Pr\u00e4sentation des neuen MacBook-Flaggschiffes abgesetzt haben, dann pr\u00fcft am besten noch mal das voraussichtliche Lieferdatum, mit dem Apple eure Bestellung gekennzeichnet hat. Ist die Lieferung des MacBook Pro f\u00fcr den Dezember geplant (oder habt ihr es grunds\u00e4tzlich nicht eilig) dann kann [&hellip;]<\/p>\n","protected":false},"author":1,"featured_media":146094,"comment_status":"open","ping_status":"closed","sticky":false,"template":"","format":"standard","meta":{"_acf_changed":false,"footnotes":""},"categories":[1],"tags":[224,40],"class_list":["post-146092","post","type-post","status-publish","format-standard","has-post-thumbnail","hentry","category-news","tag-macbook-pro","tag-sparen"],"acf":[],"aioseo_notices":[],"subheadline":["Fr\u00fchbesteller aufgepasst","Fr\u00fchbesteller aufgepasst"],"featured_image":["https:\/\/images.ifun.de\/wp-content\/uploads\/2019\/11\/macbook-pro-mit-escape-taste.jpg"],"rest_api_enabler":{"subheadline":["Fr\u00fchbesteller aufgepasst","Fr\u00fchbesteller aufgepasst"],"featured_image":"https:\/\/images.ifun.de\/wp-content\/uploads\/2019\/11\/macbook-pro-mit-escape-taste.jpg"},"_links":{"self":[{"href":"https:\/\/www.ifun.de\/apiv2\/wp\/v2\/posts\/146092","targetHints":{"allow":["GET"]}}],"collection":[{"href":"https:\/\/www.ifun.de\/apiv2\/wp\/v2\/posts"}],"about":[{"href":"https:\/\/www.ifun.de\/apiv2\/wp\/v2\/types\/post"}],"author":[{"embeddable":true,"href":"https:\/\/www.ifun.de\/apiv2\/wp\/v2\/users\/1"}],"replies":[{"embeddable":true,"href":"https:\/\/www.ifun.de\/apiv2\/wp\/v2\/comments?post=146092"}],"version-history":[{"count":4,"href":"https:\/\/www.ifun.de\/apiv2\/wp\/v2\/posts\/146092\/revisions"}],"predecessor-version":[{"id":146098,"href":"https:\/\/www.ifun.de\/apiv2\/wp\/v2\/posts\/146092\/revisions\/146098"}],"wp:featuredmedia":[{"embeddable":true,"href":"https:\/\/www.ifun.de\/apiv2\/wp\/v2\/media\/146094"}],"wp:attachment":[{"href":"https:\/\/www.ifun.de\/apiv2\/wp\/v2\/media?parent=146092"}],"wp:term":[{"taxonomy":"category","embeddable":true,"href":"https:\/\/www.ifun.de\/apiv2\/wp\/v2\/categories?post=146092"},{"taxonomy":"post_tag","embeddable":true,"href":"https:\/\/www.ifun.de\/apiv2\/wp\/v2\/tags?post=146092"}],"curies":[{"name":"wp","href":"https:\/\/api.w.org\/{rel}","templated":true}]}}