{"id":145976,"date":"2019-11-13T16:40:26","date_gmt":"2019-11-13T15:40:26","guid":{"rendered":"https:\/\/www.ifun.de\/?p=145976"},"modified":"2019-11-13T20:29:19","modified_gmt":"2019-11-13T19:29:19","slug":"macbook-pro-16-technische-details-und-erste-videos","status":"publish","type":"post","link":"https:\/\/www.ifun.de\/macbook-pro-16-technische-details-und-erste-videos-145976\/","title":{"rendered":"MacBook Pro 16&#8243;: Technische Details und erste Videos"},"content":{"rendered":"<p>Wir wollen noch ein wenig auf die Details des von Apple neu vorgestellten <a href=\"https:\/\/www.apple.com\/de\/macbook-pro-16\/\">MacBook Pro 16\u201c<\/a> blicken. Von gro\u00dfem Interesse ist nat\u00fcrlich die neue, von Apple \u201eMagic Keyboard\u201c genannte Tastatur. Apple l\u00f6st sich damit von der viel kritisierten \u201eButterfly\u201c-Mechanik und setzt auf einen traditionellen Scherenmechanismus, der seine Urspr\u00fcnge in der von Apple angebotenen externen Tastatur namens \u201e<a href=\"https:\/\/www.apple.com\/de\/shop\/product\/MLA22D\/A\/magic-keyboard-deutsch\">Magic Keyboard<\/a>\u201c hat.<\/p>\n<p><a href=\"https:\/\/images.ifun.de\/wp-content\/uploads\/2019\/11\/apple-macbook-pro-16.jpg\"><img loading=\"lazy\" decoding=\"async\" src=\"https:\/\/images.ifun.de\/wp-content\/uploads\/2019\/11\/apple-macbook-pro-16-500x465.jpg\" alt=\"Apple Macbook Pro 16\" width=\"500\" height=\"465\" class=\"alignnone size-medium wp-image-145984\" srcset=\"https:\/\/images.ifun.de\/wp-content\/uploads\/2019\/11\/apple-macbook-pro-16-500x465.jpg 500w, https:\/\/images.ifun.de\/wp-content\/uploads\/2019\/11\/apple-macbook-pro-16-768x714.jpg 768w, https:\/\/images.ifun.de\/wp-content\/uploads\/2019\/11\/apple-macbook-pro-16-700x650.jpg 700w, https:\/\/images.ifun.de\/wp-content\/uploads\/2019\/11\/apple-macbook-pro-16.jpg 904w\" sizes=\"auto, (max-width: 500px) 100vw, 500px\" \/><\/a><\/p>\n<p>Apple betont, dass der im \u201eneuen Magic Keyboard\u201c des MacBook Pro 16\u201c verbaute Scherenmechanismus \u00fcberarbeitet wurde und mit einem Tastenhub von 1 mm ein angenehmes Tippgef\u00fchl bieten soll. Zum Vergleich: Apples kontrovers diskutierte Butterfly-Tastatur hatte mit 0,55 mm gerade mal die H\u00e4lfte davon.<\/p>\n<p>Das im Vergleich zum nicht mehr erh\u00e4ltlichen 15-Zoll MacBook Pro leicht vergr\u00f6\u00dferte Geh\u00e4use bietet Apple zufolge Platz f\u00fcr eine normalgro\u00dfe Tastatur mit 66 Tasten. Im Vergleich zum Vorg\u00e4nger sind die Pfeiltasten jetzt in umgekehrter T-Form und damit ertastbar angeordnet. Noch wichtiger ist die Tatsache, dass auch die Escape-Taste jetzt als echte Taste vorhanden und damit ebenfalls \u201eblind\u201c auszumachen ist. Die Tastaturkappen wurden im Vergleich zum Vorg\u00e4nger allesamt etwas verkleinert, um gr\u00f6\u00dfere Abst\u00e4nde zwischen den Tasten zu erm\u00f6glichen und damit die Gefahr von Fehlbedienung zu verringern.<\/p>\n<p><a href=\"https:\/\/images.ifun.de\/wp-content\/uploads\/2019\/11\/macbook-pro-16-zoll-neue-tastatur-1.jpg\"><img loading=\"lazy\" decoding=\"async\" src=\"https:\/\/images.ifun.de\/wp-content\/uploads\/2019\/11\/macbook-pro-16-zoll-neue-tastatur-1-700x529.jpg\" alt=\"Macbook Pro 16 Zoll Neue Tastatur\" width=\"700\" height=\"529\" class=\"alignnone size-large wp-image-145988\" srcset=\"https:\/\/images.ifun.de\/wp-content\/uploads\/2019\/11\/macbook-pro-16-zoll-neue-tastatur-1-700x529.jpg 700w, https:\/\/images.ifun.de\/wp-content\/uploads\/2019\/11\/macbook-pro-16-zoll-neue-tastatur-1-500x378.jpg 500w, https:\/\/images.ifun.de\/wp-content\/uploads\/2019\/11\/macbook-pro-16-zoll-neue-tastatur-1-768x581.jpg 768w, https:\/\/images.ifun.de\/wp-content\/uploads\/2019\/11\/macbook-pro-16-zoll-neue-tastatur-1.jpg 1330w\" sizes=\"auto, (max-width: 700px) 100vw, 700px\" \/><\/a><\/p>\n<p>Apple hat das Ger\u00e4t nicht nur mit gr\u00f6\u00dferem Bildschirm und einer neuen Tastatur ausgestattet, sondern auch das Audiosystem umfassend verbessert. So finden sich jetzt sechs Lautsprecher mit Tieft\u00f6nern und Kr\u00e4fteausgleich und zudem ein Ring aus drei Mikrofonen, die Aufzeichnungen in Studioqualit\u00e4t erm\u00f6glichen sollen, integriert.<\/p>\n<p>Auch in Sachen Akku-Leistung hat Apple zugelegt. Das MacBook Pro 16\u201c ist mit einem Lithium\u2011Polymer-Akku mit einer Leistung von 100 Wattstunden ausgestattet. Dabei handelt es sich offenbar um die maximale von der US-Luftfahrtbeh\u00f6rde in einem Ger\u00e4t erlaubte Akku-Gr\u00f6\u00dfe. Apple legt passend dazu auch ein leistungsf\u00e4higeres Ladeger\u00e4t mit 96 Watt bei. Mit einer Akku-F\u00fcllung soll sich damit beispielsweise bis zu elf Stunden drahtlos im Internet surfen lassen.<\/p>\n<p><div class=\"responsive-video\"><iframe loading=\"lazy\" width=\"700\" height=\"371\" src=\"https:\/\/www.youtube-nocookie.com\/embed\/EVoUxu7dX_M\" frameborder=\"0\" allowfullscreen><\/iframe><\/div><\/p>\n<p>Wenngleich das neue MacBook Pro sich in der Praxis noch beweisen muss. Die Verbesserungen lassen darauf hoffen, dass Apple hier wieder auf Spur kommt und zuk\u00fcnftig die Leistung und Qualit\u00e4t der Notebooks die Diskussion um die Ger\u00e4te bestimmt.<\/p>\n<p>Apple bietet das Ger\u00e4t mit den neusten Intel-Core-Prozessoren i7 und i9 sowie AMD Radeon Pro 5300M und 5500M Grafikoptionen an. In der maximalen Ausstattung mit 64 GB RAM und 8 TB SSD-Speicher kostet das Ger\u00e4t 7.139 Euro, die g\u00fcnstigste Variante ist f\u00fcr 2.699 Euro zu haben. Der Einstiegspreis ist bemerkenswert, die nicht mehr erh\u00e4ltliche 15-Zoll-Version war bei ihrem Start im vergangenen Jahr in der g\u00fcnstigsten Konfiguration 100 Euro teurer.<img loading=\"lazy\" decoding=\"async\" src=\"https:\/\/vg04.met.vgwort.de\/na\/b8dd10386934433c892be44bd8765227\" width=\"1\" height=\"1\" class=\"tracking\"><\/p>\n<h2>Apple MacBook Pro 16&#8243; Hands-on<\/h2>\n<p><div class=\"responsive-video\"><iframe loading=\"lazy\" width=\"700\" height=\"371\" src=\"https:\/\/www.youtube-nocookie.com\/embed\/Uk5rpK6SpX4\" frameborder=\"0\" allowfullscreen><\/iframe><\/div><\/p>\n","protected":false},"excerpt":{"rendered":"<a href=\"https:\/\/www.ifun.de\/macbook-pro-16-technische-details-und-erste-videos-145976\/\"><img width=\"150\" height=\"150\" src=\"https:\/\/images.ifun.de\/wp-content\/uploads\/2019\/11\/macbook-pro-16-zoll-neue-tastatur-150x150.jpg\" class=\"alignright tfe wp-post-image\" alt=\"Macbook Pro 16 Zoll Neue Tastatur\" decoding=\"async\" loading=\"lazy\" \/><\/a><p>Wir wollen noch ein wenig auf die Details des von Apple neu vorgestellten MacBook Pro 16\u201c blicken. Von gro\u00dfem Interesse ist nat\u00fcrlich die neue, von Apple \u201eMagic Keyboard\u201c genannte Tastatur. Apple l\u00f6st sich damit von der viel kritisierten \u201eButterfly\u201c-Mechanik und setzt auf einen traditionellen Scherenmechanismus, der seine Urspr\u00fcnge in der von Apple angebotenen externen Tastatur [&hellip;]<\/p>\n","protected":false},"author":2,"featured_media":145979,"comment_status":"open","ping_status":"closed","sticky":false,"template":"","format":"standard","meta":{"_acf_changed":false,"footnotes":""},"categories":[1,1783],"tags":[224],"class_list":["post-145976","post","type-post","status-publish","format-standard","has-post-thumbnail","hentry","category-news","category-feature","tag-macbook-pro"],"acf":[],"aioseo_notices":[],"subheadline":["Apples neues Notebook-Flaggschiff"],"featured_image":["https:\/\/images.ifun.de\/wp-content\/uploads\/2019\/11\/macbook-pro-16-zoll.jpg"],"rest_api_enabler":{"subheadline":"Apples neues Notebook-Flaggschiff","featured_image":"https:\/\/images.ifun.de\/wp-content\/uploads\/2019\/11\/macbook-pro-16-zoll.jpg"},"_links":{"self":[{"href":"https:\/\/www.ifun.de\/apiv2\/wp\/v2\/posts\/145976","targetHints":{"allow":["GET"]}}],"collection":[{"href":"https:\/\/www.ifun.de\/apiv2\/wp\/v2\/posts"}],"about":[{"href":"https:\/\/www.ifun.de\/apiv2\/wp\/v2\/types\/post"}],"author":[{"embeddable":true,"href":"https:\/\/www.ifun.de\/apiv2\/wp\/v2\/users\/2"}],"replies":[{"embeddable":true,"href":"https:\/\/www.ifun.de\/apiv2\/wp\/v2\/comments?post=145976"}],"version-history":[{"count":10,"href":"https:\/\/www.ifun.de\/apiv2\/wp\/v2\/posts\/145976\/revisions"}],"predecessor-version":[{"id":145991,"href":"https:\/\/www.ifun.de\/apiv2\/wp\/v2\/posts\/145976\/revisions\/145991"}],"wp:featuredmedia":[{"embeddable":true,"href":"https:\/\/www.ifun.de\/apiv2\/wp\/v2\/media\/145979"}],"wp:attachment":[{"href":"https:\/\/www.ifun.de\/apiv2\/wp\/v2\/media?parent=145976"}],"wp:term":[{"taxonomy":"category","embeddable":true,"href":"https:\/\/www.ifun.de\/apiv2\/wp\/v2\/categories?post=145976"},{"taxonomy":"post_tag","embeddable":true,"href":"https:\/\/www.ifun.de\/apiv2\/wp\/v2\/tags?post=145976"}],"curies":[{"name":"wp","href":"https:\/\/api.w.org\/{rel}","templated":true}]}}