{"id":145956,"date":"2019-11-13T14:37:21","date_gmt":"2019-11-13T13:37:21","guid":{"rendered":"https:\/\/www.ifun.de\/?p=145956"},"modified":"2020-05-04T13:45:15","modified_gmt":"2020-05-04T11:45:15","slug":"apple-stellt-macbook-pro-16-mit-neuer-tastatur-vor","status":"publish","type":"post","link":"https:\/\/www.ifun.de\/apple-stellt-macbook-pro-16-mit-neuer-tastatur-vor-145956\/","title":{"rendered":"Apple stellt MacBook Pro 16&#8243; mit neuer Tastatur vor"},"content":{"rendered":"<p>Apple hat ein neues <a href=\"https:\/\/www.apple.com\/de\/macbook-pro-16\/\">MacBook Pro<\/a> mit 16 Zoll Bildschirmgr\u00f6\u00dfe im Programm. Das Ger\u00e4t ersetzt das bisherige MacBook Pro 15&#8243; und ist zu Preisen ab 2.699 Euro ab sofort bestellbar und wird Ende dieser Woche erh\u00e4ltlich sein.<\/p>\n<p><a href=\"https:\/\/images.ifun.de\/wp-content\/uploads\/2019\/11\/macbook-pro-16.jpg\"><img loading=\"lazy\" decoding=\"async\" src=\"https:\/\/images.ifun.de\/wp-content\/uploads\/2019\/11\/macbook-pro-16-500x362.jpg\" alt=\"Macbook Pro 16\" width=\"500\" height=\"362\" class=\"alignnone size-medium wp-image-145960\" srcset=\"https:\/\/images.ifun.de\/wp-content\/uploads\/2019\/11\/macbook-pro-16-500x362.jpg 500w, https:\/\/images.ifun.de\/wp-content\/uploads\/2019\/11\/macbook-pro-16-768x556.jpg 768w, https:\/\/images.ifun.de\/wp-content\/uploads\/2019\/11\/macbook-pro-16-700x507.jpg 700w, https:\/\/images.ifun.de\/wp-content\/uploads\/2019\/11\/macbook-pro-16.jpg 1000w\" sizes=\"auto, (max-width: 500px) 100vw, 500px\" \/><\/a><\/p>\n<p>Herausragendes Merkmal ist neben der erweiterten Bildschirmgr\u00f6\u00dfe die laut Apple umfassend \u00fcberarbeitete Tastatur mit Namen \u201eMagic Keyboard\u201c. Apple verspricht eine verbesserte Scherenmechanik, die einen Tastenhub von 1 mm und ein stabiles Tastengef\u00fchl bieten soll. Zudem soll eine von Apple \u201eRubber Dome\u201c genannte Technik den Tastendruck verbessern. Mit der physischen Escape-Taste erh\u00e4lt eine weitere, von vielen Nutzern geforderte Verbesserung Einzug.<\/p>\n<blockquote>\n<p>Das 16&quot; MacBook Pro bietet eine Tastatur mit einem komfortablen, \u00fcberzeugendem und leisem Tipperlebnis. Das neue Magic Keyboard verf\u00fcgt au\u00dferdem \u00fcber eine physische Escape-Taste und Pfeiltasten in umgekehrter T\u2011Anordnung sowie die Touch Bar und Touch ID, f\u00fcr eine Tastatur, die das beste Tipperlebnis auf einem Mac-Notebook bietet.<\/p>\n<\/blockquote>\n<p><a href=\"https:\/\/images.ifun.de\/wp-content\/uploads\/2019\/11\/keyboar.jpg\"><img loading=\"lazy\" decoding=\"async\" src=\"https:\/\/images.ifun.de\/wp-content\/uploads\/2019\/11\/keyboar-700x276.jpg\" alt=\"Keyboar\" width=\"700\" height=\"276\" class=\"alignnone size-large wp-image-145959\" srcset=\"https:\/\/images.ifun.de\/wp-content\/uploads\/2019\/11\/keyboar-700x276.jpg 700w, https:\/\/images.ifun.de\/wp-content\/uploads\/2019\/11\/keyboar-500x197.jpg 500w, https:\/\/images.ifun.de\/wp-content\/uploads\/2019\/11\/keyboar-768x302.jpg 768w, https:\/\/images.ifun.de\/wp-content\/uploads\/2019\/11\/keyboar.jpg 960w\" sizes=\"auto, (max-width: 700px) 100vw, 700px\" \/><\/a><\/p>\n<p>Das Ger\u00e4t verf\u00fcgt weiterhin \u00fcber eine etwas verkleinerte Touch Bar, den Fingerabdrucksensor Touch ID, ein Force Touch Trackpad sowie Apples T2 Security Chip.<\/p>\n<p>Apple bietet das neue MacBook Pro 16\u201c wahlweise mit 512 GB oder 1 TB SSD-Speicherplatz an. In der Standardausstattung hat das Ger\u00e4t 16 GB Arbeitsspeicher, dieser ist auf 32 oder 64 GB erweiterbar. Anschlusseitig finden sich vier Thunderbolt-Ports sowie eine Buchse f\u00fcr Kopfh\u00f6rer seitlich am Ger\u00e4t.<\/p>\n","protected":false},"excerpt":{"rendered":"<a href=\"https:\/\/www.ifun.de\/apple-stellt-macbook-pro-16-mit-neuer-tastatur-vor-145956\/\"><img width=\"150\" height=\"150\" src=\"https:\/\/images.ifun.de\/wp-content\/uploads\/2019\/11\/keyboar-150x150.jpg\" class=\"alignright tfe wp-post-image\" alt=\"Keyboar\" decoding=\"async\" loading=\"lazy\" \/><\/a><p>Apple hat ein neues MacBook Pro mit 16 Zoll Bildschirmgr\u00f6\u00dfe im Programm. Das Ger\u00e4t ersetzt das bisherige MacBook Pro 15&#8243; und ist zu Preisen ab 2.699 Euro ab sofort bestellbar und wird Ende dieser Woche erh\u00e4ltlich sein. Herausragendes Merkmal ist neben der erweiterten Bildschirmgr\u00f6\u00dfe die laut Apple umfassend \u00fcberarbeitete Tastatur mit Namen \u201eMagic Keyboard\u201c. Apple [&hellip;]<\/p>\n","protected":false},"author":2,"featured_media":145959,"comment_status":"open","ping_status":"closed","sticky":false,"template":"","format":"standard","meta":{"_acf_changed":false,"footnotes":""},"categories":[1],"tags":[224],"class_list":["post-145956","post","type-post","status-publish","format-standard","has-post-thumbnail","hentry","category-news","tag-macbook-pro"],"acf":[],"aioseo_notices":[],"featured_image":["https:\/\/images.ifun.de\/wp-content\/uploads\/2019\/11\/macbook-pro-mit-escape-taste.jpg"],"subheadline":["Ersatz f\u00fcr das bisherige 15\"-Modell"],"rest_api_enabler":{"featured_image":"https:\/\/images.ifun.de\/wp-content\/uploads\/2019\/11\/macbook-pro-mit-escape-taste.jpg","subheadline":"Ersatz f\u00fcr das bisherige 15\"-Modell"},"_links":{"self":[{"href":"https:\/\/www.ifun.de\/apiv2\/wp\/v2\/posts\/145956","targetHints":{"allow":["GET"]}}],"collection":[{"href":"https:\/\/www.ifun.de\/apiv2\/wp\/v2\/posts"}],"about":[{"href":"https:\/\/www.ifun.de\/apiv2\/wp\/v2\/types\/post"}],"author":[{"embeddable":true,"href":"https:\/\/www.ifun.de\/apiv2\/wp\/v2\/users\/2"}],"replies":[{"embeddable":true,"href":"https:\/\/www.ifun.de\/apiv2\/wp\/v2\/comments?post=145956"}],"version-history":[{"count":14,"href":"https:\/\/www.ifun.de\/apiv2\/wp\/v2\/posts\/145956\/revisions"}],"predecessor-version":[{"id":153405,"href":"https:\/\/www.ifun.de\/apiv2\/wp\/v2\/posts\/145956\/revisions\/153405"}],"wp:featuredmedia":[{"embeddable":true,"href":"https:\/\/www.ifun.de\/apiv2\/wp\/v2\/media\/145959"}],"wp:attachment":[{"href":"https:\/\/www.ifun.de\/apiv2\/wp\/v2\/media?parent=145956"}],"wp:term":[{"taxonomy":"category","embeddable":true,"href":"https:\/\/www.ifun.de\/apiv2\/wp\/v2\/categories?post=145956"},{"taxonomy":"post_tag","embeddable":true,"href":"https:\/\/www.ifun.de\/apiv2\/wp\/v2\/tags?post=145956"}],"curies":[{"name":"wp","href":"https:\/\/api.w.org\/{rel}","templated":true}]}}