{"id":145871,"date":"2019-11-11T20:11:44","date_gmt":"2019-11-11T19:11:44","guid":{"rendered":"https:\/\/www.ifun.de\/?p=145871"},"modified":"2019-11-11T20:11:44","modified_gmt":"2019-11-11T19:11:44","slug":"macbook-pro-16-koennte-diese-woche-kommen","status":"publish","type":"post","link":"https:\/\/www.ifun.de\/macbook-pro-16-koennte-diese-woche-kommen-145871\/","title":{"rendered":"MacBook Pro 16&#8243; k\u00f6nnte diese Woche kommen"},"content":{"rendered":"<p>Apple ist uns in diesem Jahr noch den neuen <a href=\"https:\/\/www.apple.com\/de\/mac-pro\/\">Mac Pro<\/a> \u201eschuldig\u201c, dar\u00fcber hinaus warten viele Mac-Nutzer mit Spannung auf ein neues MacBook Pro mit 16 Zoll Bildschirmgr\u00f6\u00dfe. Das Ger\u00e4t hat sich bereits <a href=\"https:\/\/www.ifun.de\/macbook-pro-16-bild-zeigt-von-der-touch-bar-getrennten-fingerabdrucksensor-145301\/\" title=\"MacBook Pro 16\u2033: Bild zeigt von der Touch Bar abgesetzten Fingerabdrucksensor\">mehrfach<\/a> in den Tiefen von macOS gezeigt und k\u00f6nnte diese Woche nun tats\u00e4chlich vorgestellt werden.<\/p>\n<p><a href=\"https:\/\/images.ifun.de\/wp-content\/uploads\/2019\/10\/macbook-pro-16-zoll-apple-bild.jpg\"><img loading=\"lazy\" decoding=\"async\" src=\"https:\/\/images.ifun.de\/wp-content\/uploads\/2019\/10\/macbook-pro-16-zoll-apple-bild-500x203.jpg\" alt=\"Macbook Pro 16 Zoll Apple Bild\" width=\"500\" height=\"203\" class=\"alignnone size-medium wp-image-145304\" srcset=\"https:\/\/images.ifun.de\/wp-content\/uploads\/2019\/10\/macbook-pro-16-zoll-apple-bild-500x203.jpg 500w, https:\/\/images.ifun.de\/wp-content\/uploads\/2019\/10\/macbook-pro-16-zoll-apple-bild-768x312.jpg 768w, https:\/\/images.ifun.de\/wp-content\/uploads\/2019\/10\/macbook-pro-16-zoll-apple-bild-700x284.jpg 700w, https:\/\/images.ifun.de\/wp-content\/uploads\/2019\/10\/macbook-pro-16-zoll-apple-bild.jpg 800w\" sizes=\"auto, (max-width: 500px) 100vw, 500px\" \/><\/a><\/p>\n<p><a href=\"https:\/\/9to5mac.com\/2019\/11\/11\/16-inch-macbook-pro-hands-on-event\/\">Meldungen<\/a> aus den USA zufolge hat Apple zu Wochenbeginn ausgew\u00e4hlte Journalisten zu Pressegespr\u00e4chen geladen. Dies k\u00f6nnte einen Verkaufsstart neuer Ger\u00e4te bereits morgen oder zur Wochenmitte zur Folge haben. Dass es sich dabei um ein neues MacBook Pro handelt, ist spekulativ aber auch durchaus wahrscheinlich. Die diversen, teils von Apple selbst ver\u00f6ffentlichten Hinweise auf das Ger\u00e4t lassen kaum noch jemand daran zweifeln, dass die Zeit f\u00fcr ein MacBook Pro mit 16 Zoll Bildschirmgr\u00f6\u00dfe gekommen ist. Ob Apple dies zum Anlass nimmt, auch eine neue Tastatur vorzustellen, steht in den Sternen.<\/p>\n<p>Der Mac Pro wurde bereits ausf\u00fchrlich vorgestellt und k\u00f6nnte quasi im Beiprogramm zum neuen MacBook Pro in den Verkauf gehen. Apple hat den Rechner <a href=\"https:\/\/www.ifun.de\/apple-zeigt-neuen-mac-pro-ab-herbst-ab-5999-138509\/\" title=\"Apple zeigt neuen Mac Pro: Ab Herbst, ab $5999\">im Juni vorgestellt<\/a> und den Verkaufsstart wenig konkret f\u00fcr \u201eHerbst\u201c angek\u00fcndigt.<\/p>\n","protected":false},"excerpt":{"rendered":"<a href=\"https:\/\/www.ifun.de\/macbook-pro-16-koennte-diese-woche-kommen-145871\/\"><img decoding=\"async\" width=\"150\" src=\"https:\/\/images.ifun.de\/wp-content\/uploads\/2019\/10\/macbook-pro-16-zoll-apple-bild-500x203.jpg\" class=\"alignright wp-post-image tfe\" alt=\"Macbook Pro 16 Zoll Apple Bild\" title=\"\" \/><\/a><p>Apple ist uns in diesem Jahr noch den neuen Mac Pro \u201eschuldig\u201c, dar\u00fcber hinaus warten viele Mac-Nutzer mit Spannung auf ein neues MacBook Pro mit 16 Zoll Bildschirmgr\u00f6\u00dfe. Das Ger\u00e4t hat sich bereits mehrfach in den Tiefen von macOS gezeigt und k\u00f6nnte diese Woche nun tats\u00e4chlich vorgestellt werden. Meldungen aus den USA zufolge hat Apple [&hellip;]<\/p>\n","protected":false},"author":2,"featured_media":0,"comment_status":"open","ping_status":"closed","sticky":false,"template":"","format":"standard","meta":{"_acf_changed":false,"footnotes":""},"categories":[16],"tags":[224],"class_list":["post-145871","post","type-post","status-publish","format-standard","hentry","category-mac","tag-macbook-pro"],"acf":[],"aioseo_notices":[],"subheadline":["Apple plant Presse-Briefings"],"featured_image":["https:\/\/images.ifun.de\/wp-content\/uploads\/2019\/10\/macbook-pro-16-feature.jpg"],"rest_api_enabler":{"subheadline":"Apple plant Presse-Briefings","featured_image":"https:\/\/images.ifun.de\/wp-content\/uploads\/2019\/10\/macbook-pro-16-feature.jpg"},"_links":{"self":[{"href":"https:\/\/www.ifun.de\/apiv2\/wp\/v2\/posts\/145871","targetHints":{"allow":["GET"]}}],"collection":[{"href":"https:\/\/www.ifun.de\/apiv2\/wp\/v2\/posts"}],"about":[{"href":"https:\/\/www.ifun.de\/apiv2\/wp\/v2\/types\/post"}],"author":[{"embeddable":true,"href":"https:\/\/www.ifun.de\/apiv2\/wp\/v2\/users\/2"}],"replies":[{"embeddable":true,"href":"https:\/\/www.ifun.de\/apiv2\/wp\/v2\/comments?post=145871"}],"version-history":[{"count":2,"href":"https:\/\/www.ifun.de\/apiv2\/wp\/v2\/posts\/145871\/revisions"}],"predecessor-version":[{"id":145873,"href":"https:\/\/www.ifun.de\/apiv2\/wp\/v2\/posts\/145871\/revisions\/145873"}],"wp:attachment":[{"href":"https:\/\/www.ifun.de\/apiv2\/wp\/v2\/media?parent=145871"}],"wp:term":[{"taxonomy":"category","embeddable":true,"href":"https:\/\/www.ifun.de\/apiv2\/wp\/v2\/categories?post=145871"},{"taxonomy":"post_tag","embeddable":true,"href":"https:\/\/www.ifun.de\/apiv2\/wp\/v2\/tags?post=145871"}],"curies":[{"name":"wp","href":"https:\/\/api.w.org\/{rel}","templated":true}]}}