{"id":145832,"date":"2019-11-11T14:22:45","date_gmt":"2019-11-11T13:22:45","guid":{"rendered":"https:\/\/www.ifun.de\/?p=145832"},"modified":"2019-11-11T14:22:45","modified_gmt":"2019-11-11T13:22:45","slug":"ard-hoerspielpreis-alle-nominierten-titel-zum-download","status":"publish","type":"post","link":"https:\/\/www.ifun.de\/ard-hoerspielpreis-alle-nominierten-titel-zum-download-145832\/","title":{"rendered":"ARD-H\u00f6rspielpreis: Alle nominierten Titel zum Download"},"content":{"rendered":"<p>\u00dcbers Wochenende fanden in Karlsruhe die <a href=\"https:\/\/www.swr.de\/swr2\/hoerspiel\/ard-hoerspieltage\/ard-hoerspieltage,ard-hoerspieltage-uebersicht-100.html\">16. ARD H\u00f6rspieltage<\/a> statt. Im Nachgang lassen sich alle 17 f\u00fcr eine Auszeichnung nominierten H\u00f6rspiele \u00fcber die ARD Audiothek anh\u00f6ren. Erg\u00e4nzend dazu stehen 22 H\u00f6rbeitr\u00e4ge aus dem Rahmenprogramm der Veranstaltung zum Abruf zur Verf\u00fcgung, darunter auch verschiedene Jury-Diskussionen im Zusammenhang mit der Preisverleihung sowie ein Live-H\u00f6rspiel nach einer Geschichte von Michael Ende.<\/p>\n<p><a href=\"https:\/\/images.ifun.de\/wp-content\/uploads\/2019\/11\/steve-jobs-hoerspiel-ard-hoerspieltage.jpg\"><img loading=\"lazy\" decoding=\"async\" src=\"https:\/\/images.ifun.de\/wp-content\/uploads\/2019\/11\/steve-jobs-hoerspiel-ard-hoerspieltage-500x201.jpg\" alt=\"Steve Jobs Hoerspiel Ard Hoerspieltage\" width=\"500\" height=\"201\" class=\"alignnone size-medium wp-image-145835\" srcset=\"https:\/\/images.ifun.de\/wp-content\/uploads\/2019\/11\/steve-jobs-hoerspiel-ard-hoerspieltage-500x201.jpg 500w, https:\/\/images.ifun.de\/wp-content\/uploads\/2019\/11\/steve-jobs-hoerspiel-ard-hoerspieltage-768x308.jpg 768w, https:\/\/images.ifun.de\/wp-content\/uploads\/2019\/11\/steve-jobs-hoerspiel-ard-hoerspieltage-700x281.jpg 700w, https:\/\/images.ifun.de\/wp-content\/uploads\/2019\/11\/steve-jobs-hoerspiel-ard-hoerspieltage.jpg 1200w\" sizes=\"auto, (max-width: 500px) 100vw, 500px\" \/><\/a><\/p>\n<p>Mit dem ARD-H\u00f6rspielpreis f\u00fcr das beste H\u00f6rspiel wurde in diesem Jahr die WDR-Produktion \u201eChinchilla Arschloch, waswas\u201c von Helgard Haug und Thilo Guschas ausgezeichnet. Abgesehen davon finder sich in der Liste der nominierten Titel auch eine experimentelle und von der Jury sehr <a href=\"https:\/\/www.ardaudiothek.de\/ard-hoerspieltage-rahmenprogramm-2019\/jurydiskussion-zu-steve-jobs\/68633696\">kontrovers diskutierte<\/a> Produktion mit dem Titel \u201e<a href=\"https:\/\/www.ardaudiothek.de\/ard-hoerspieltage-die-nominierten-stuecke\/steve-jobs-ein-fiktives-selbstgespraech\/67937796\">Steve Jobs &#8211; Ein fiktives Selbstgespr\u00e4ch<\/a>\u201c:<\/p>\n<blockquote>\n<p>&quot;Steve Jobs&quot; ist kein biografisches H\u00f6rspiel, sondern blickt ins Innere eines Mannes, der mit einer faszinierend-absto\u00dfenden Mischung aus Hybris und Menschenscheu die Gesellschaft seinen Erfindungen unterwarf. <\/p>\n<\/blockquote>\n<p>Die komplette \u00dcbersicht aller in diesem Jahr nominierten H\u00f6rspiele inklusive der M\u00f6glichkeit zum Download findet ihr <a href=\"https:\/\/www.ardaudiothek.de\/ard-hoerspieltage-die-nominierten-stuecke\/67925264\/alle\">hier<\/a>. Die Beitr\u00e4ge zum Rahmenprogramm lassen sich <a href=\"https:\/\/www.ardaudiothek.de\/ard-hoerspieltage-rahmenprogramm-2019\/67924962\/alle\">hier<\/a> abrufen und laden.<\/p>\n","protected":false},"excerpt":{"rendered":"<a href=\"https:\/\/www.ifun.de\/ard-hoerspielpreis-alle-nominierten-titel-zum-download-145832\/\"><img width=\"150\" height=\"150\" src=\"https:\/\/images.ifun.de\/wp-content\/uploads\/2019\/11\/ard-hoerspieltage-2019-150x150.jpg\" class=\"alignright tfe wp-post-image\" alt=\"Ard Hoerspieltage 2019\" decoding=\"async\" loading=\"lazy\" \/><\/a><p>\u00dcbers Wochenende fanden in Karlsruhe die 16. ARD H\u00f6rspieltage statt. Im Nachgang lassen sich alle 17 f\u00fcr eine Auszeichnung nominierten H\u00f6rspiele \u00fcber die ARD Audiothek anh\u00f6ren. Erg\u00e4nzend dazu stehen 22 H\u00f6rbeitr\u00e4ge aus dem Rahmenprogramm der Veranstaltung zum Abruf zur Verf\u00fcgung, darunter auch verschiedene Jury-Diskussionen im Zusammenhang mit der Preisverleihung sowie ein Live-H\u00f6rspiel nach einer Geschichte [&hellip;]<\/p>\n","protected":false},"author":2,"featured_media":145834,"comment_status":"open","ping_status":"closed","sticky":false,"template":"","format":"standard","meta":{"_acf_changed":false,"footnotes":""},"categories":[1],"tags":[183,3898,67],"class_list":["post-145832","post","type-post","status-publish","format-standard","has-post-thumbnail","hentry","category-news","tag-ard","tag-hoerspieltage","tag-steve-jobs"],"acf":[],"aioseo_notices":[],"subheadline":["Experimentelles Steve-Jobs-H\u00f6rspiel dabei"],"featured_image":["https:\/\/images.ifun.de\/wp-content\/uploads\/2019\/11\/ard-hoerspieltage-2019.jpg"],"rest_api_enabler":{"subheadline":"Experimentelles Steve-Jobs-H\u00f6rspiel dabei","featured_image":"https:\/\/images.ifun.de\/wp-content\/uploads\/2019\/11\/ard-hoerspieltage-2019.jpg"},"_links":{"self":[{"href":"https:\/\/www.ifun.de\/apiv2\/wp\/v2\/posts\/145832","targetHints":{"allow":["GET"]}}],"collection":[{"href":"https:\/\/www.ifun.de\/apiv2\/wp\/v2\/posts"}],"about":[{"href":"https:\/\/www.ifun.de\/apiv2\/wp\/v2\/types\/post"}],"author":[{"embeddable":true,"href":"https:\/\/www.ifun.de\/apiv2\/wp\/v2\/users\/2"}],"replies":[{"embeddable":true,"href":"https:\/\/www.ifun.de\/apiv2\/wp\/v2\/comments?post=145832"}],"version-history":[{"count":2,"href":"https:\/\/www.ifun.de\/apiv2\/wp\/v2\/posts\/145832\/revisions"}],"predecessor-version":[{"id":145836,"href":"https:\/\/www.ifun.de\/apiv2\/wp\/v2\/posts\/145832\/revisions\/145836"}],"wp:featuredmedia":[{"embeddable":true,"href":"https:\/\/www.ifun.de\/apiv2\/wp\/v2\/media\/145834"}],"wp:attachment":[{"href":"https:\/\/www.ifun.de\/apiv2\/wp\/v2\/media?parent=145832"}],"wp:term":[{"taxonomy":"category","embeddable":true,"href":"https:\/\/www.ifun.de\/apiv2\/wp\/v2\/categories?post=145832"},{"taxonomy":"post_tag","embeddable":true,"href":"https:\/\/www.ifun.de\/apiv2\/wp\/v2\/tags?post=145832"}],"curies":[{"name":"wp","href":"https:\/\/api.w.org\/{rel}","templated":true}]}}