{"id":145768,"date":"2019-11-08T13:58:20","date_gmt":"2019-11-08T12:58:20","guid":{"rendered":"https:\/\/www.ifun.de\/?p=145768"},"modified":"2019-11-08T13:59:34","modified_gmt":"2019-11-08T12:59:34","slug":"the-morning-show-im-schnitt-alle-2-minuten-ein-apple-geraet","status":"publish","type":"post","link":"https:\/\/www.ifun.de\/the-morning-show-im-schnitt-alle-2-minuten-ein-apple-geraet-145768\/","title":{"rendered":"&#8222;The Morning Show&#8220;: Im Schnitt alle 2 Minuten ein Apple-Ger\u00e4t im Bild"},"content":{"rendered":"<p>Das <a href=\"https:\/\/www.wsj.com\/articles\/apples-gadgets-co-star-in-its-new-tv-drama-11573145328\">Wall Street Journal<\/a> hat mitgez\u00e4hlt: In Apples TV-Serie \u201eThe Morning Show\u201c sind durchschnittlich in 32 Kameraeinstellungen pro Folge Apple-Produkte zu sehen, ein Drittel davon zeigt auch das Apple-Logo. Bereits in den ersten 20 Sekunden der ersten Folge haben ein MacBook und zwei iPhones ihren Auftritt.<\/p>\n<p><a href=\"https:\/\/images.ifun.de\/wp-content\/uploads\/2019\/11\/the-morning-show-iphone.jpg\"><img loading=\"lazy\" decoding=\"async\" src=\"https:\/\/images.ifun.de\/wp-content\/uploads\/2019\/11\/the-morning-show-iphone-500x334.jpg\" alt=\"The Morning Show Iphone\" width=\"500\" height=\"334\" class=\"alignnone size-medium wp-image-145770\" srcset=\"https:\/\/images.ifun.de\/wp-content\/uploads\/2019\/11\/the-morning-show-iphone-500x334.jpg 500w, https:\/\/images.ifun.de\/wp-content\/uploads\/2019\/11\/the-morning-show-iphone-768x512.jpg 768w, https:\/\/images.ifun.de\/wp-content\/uploads\/2019\/11\/the-morning-show-iphone-700x467.jpg 700w, https:\/\/images.ifun.de\/wp-content\/uploads\/2019\/11\/the-morning-show-iphone.jpg 1000w\" sizes=\"auto, (max-width: 500px) 100vw, 500px\" \/><\/a><\/p>\n<p>Nat\u00fcrlich nutzt Apple die Gelegenheit, mit den eigenen TV-Shows auch der hauseigenen Hardware eine B\u00fchne zu bieten. Die Taktrate, in der hier Apple-Ger\u00e4te \u00fcber den Bildschirm huschen, liegt wohl auch h\u00f6her als bei den Produktionen anderer Anbieter. Dennoch muss man sich dar\u00fcber im Klaren sein, dass es schlichtweg unrealistisch w\u00e4re, Apple-Hardware hier gar nicht nur in deutlich reduzierter Zahl zu zeigen. Dies insbesondere vor dem Hintergrund, dass die Serie die Medienbranche und damit eine traditionelle Apple-Hochburg zum Thema hat. Aus dem Produktionsteam der \u201eMorning Show\u201c war dann wohl auch zu h\u00f6ren, dass Apple diesbez\u00fcglich keinerlei Druck ausge\u00fcbt h\u00e4tte.<\/p>\n<p><a href=\"https:\/\/images.ifun.de\/wp-content\/uploads\/2019\/11\/the-morning-show-reeze-witherspoon.jpg\"><img loading=\"lazy\" decoding=\"async\" src=\"https:\/\/images.ifun.de\/wp-content\/uploads\/2019\/11\/the-morning-show-reeze-witherspoon-700x467.jpg\" alt=\"The Morning Show Reeze Witherspoon\" width=\"700\" height=\"467\" class=\"alignnone size-large wp-image-145771\" srcset=\"https:\/\/images.ifun.de\/wp-content\/uploads\/2019\/11\/the-morning-show-reeze-witherspoon-700x467.jpg 700w, https:\/\/images.ifun.de\/wp-content\/uploads\/2019\/11\/the-morning-show-reeze-witherspoon-500x334.jpg 500w, https:\/\/images.ifun.de\/wp-content\/uploads\/2019\/11\/the-morning-show-reeze-witherspoon-768x512.jpg 768w, https:\/\/images.ifun.de\/wp-content\/uploads\/2019\/11\/the-morning-show-reeze-witherspoon.jpg 1000w\" sizes=\"auto, (max-width: 700px) 100vw, 700px\" \/><\/a><\/p>\n<p>Ganz oben in den Produktplatzierungs-Charts der \u201eMorning Show\u201c rangiert nat\u00fcrlich das iPhone. Dar\u00fcber hinaus sieht man viele Apple-Notebooks, iMacs, iPads und AirPods sowie hin und wieder auch die Apple Watch oder gar einen HomePod. Einen Apple-Hardware-Dichte-Rekord vermeldet das Magazin mit Blick auf die zweite Folge der Serie. Hier h\u00e4tten \u00fcber vier Sekunden hinweg gleich neun Apple-Produkte gleichzeitig einen Auftritt.<\/p>\n<p>Produkte von konkurrierenden Herstellern hat Apple \u00fcbrigens keinesfalls vollst\u00e4ndig verbannt. So verwendet der Vater der Hauptdarstellerin ein Klapptelefon im RAZR-Stil f\u00fcr ein Telefonat mit seiner Tochter.<\/p>\n<p><h8>Via <a href=\"https:\/\/www.macrumors.com\/2019\/11\/08\/product-placement-in-apples-tv-shows\/\">MacRumors<\/a> &#8211; Screenshots: Wall Street Journal\/Apple<\/h8><\/p>\n","protected":false},"excerpt":{"rendered":"<a href=\"https:\/\/www.ifun.de\/the-morning-show-im-schnitt-alle-2-minuten-ein-apple-geraet-145768\/\"><img width=\"150\" height=\"150\" src=\"https:\/\/images.ifun.de\/wp-content\/uploads\/2019\/11\/the-morning-show-imacs-150x150.jpg\" class=\"alignright tfe wp-post-image\" alt=\"The Morning Show Imacs\" decoding=\"async\" loading=\"lazy\" \/><\/a><p>Das Wall Street Journal hat mitgez\u00e4hlt: In Apples TV-Serie \u201eThe Morning Show\u201c sind durchschnittlich in 32 Kameraeinstellungen pro Folge Apple-Produkte zu sehen, ein Drittel davon zeigt auch das Apple-Logo. Bereits in den ersten 20 Sekunden der ersten Folge haben ein MacBook und zwei iPhones ihren Auftritt. Nat\u00fcrlich nutzt Apple die Gelegenheit, mit den eigenen TV-Shows [&hellip;]<\/p>\n","protected":false},"author":2,"featured_media":145772,"comment_status":"open","ping_status":"closed","sticky":false,"template":"","format":"standard","meta":{"_acf_changed":false,"footnotes":""},"categories":[3],"tags":[4467,31],"class_list":["post-145768","post","type-post","status-publish","format-standard","has-post-thumbnail","hentry","category-apple","tag-apple-tv-plus","tag-video"],"acf":[],"aioseo_notices":[],"subheadline":["Produktplatzierungen mitgez\u00e4hlt"],"featured_image":["https:\/\/images.ifun.de\/wp-content\/uploads\/2019\/11\/the-morning-show-imacs.jpg"],"rest_api_enabler":{"subheadline":"Produktplatzierungen mitgez\u00e4hlt","featured_image":"https:\/\/images.ifun.de\/wp-content\/uploads\/2019\/11\/the-morning-show-imacs.jpg"},"_links":{"self":[{"href":"https:\/\/www.ifun.de\/apiv2\/wp\/v2\/posts\/145768","targetHints":{"allow":["GET"]}}],"collection":[{"href":"https:\/\/www.ifun.de\/apiv2\/wp\/v2\/posts"}],"about":[{"href":"https:\/\/www.ifun.de\/apiv2\/wp\/v2\/types\/post"}],"author":[{"embeddable":true,"href":"https:\/\/www.ifun.de\/apiv2\/wp\/v2\/users\/2"}],"replies":[{"embeddable":true,"href":"https:\/\/www.ifun.de\/apiv2\/wp\/v2\/comments?post=145768"}],"version-history":[{"count":3,"href":"https:\/\/www.ifun.de\/apiv2\/wp\/v2\/posts\/145768\/revisions"}],"predecessor-version":[{"id":145774,"href":"https:\/\/www.ifun.de\/apiv2\/wp\/v2\/posts\/145768\/revisions\/145774"}],"wp:featuredmedia":[{"embeddable":true,"href":"https:\/\/www.ifun.de\/apiv2\/wp\/v2\/media\/145772"}],"wp:attachment":[{"href":"https:\/\/www.ifun.de\/apiv2\/wp\/v2\/media?parent=145768"}],"wp:term":[{"taxonomy":"category","embeddable":true,"href":"https:\/\/www.ifun.de\/apiv2\/wp\/v2\/categories?post=145768"},{"taxonomy":"post_tag","embeddable":true,"href":"https:\/\/www.ifun.de\/apiv2\/wp\/v2\/tags?post=145768"}],"curies":[{"name":"wp","href":"https:\/\/api.w.org\/{rel}","templated":true}]}}