{"id":145691,"date":"2019-11-07T13:01:38","date_gmt":"2019-11-07T12:01:38","guid":{"rendered":"https:\/\/www.ifun.de\/?p=145691"},"modified":"2019-11-07T13:06:10","modified_gmt":"2019-11-07T12:06:10","slug":"apples-flash-die-versteckten-app-store-stories","status":"publish","type":"post","link":"https:\/\/www.ifun.de\/apples-flash-die-versteckten-app-store-stories-145691\/","title":{"rendered":"Apples Flash: Die versteckten App Store-Stories"},"content":{"rendered":"<p>Als Apple-Gr\u00fcnder Steve Jobs im April 2010 seine Gedanken zur Zukunft des Adobe Flash-Plugins <a href=\"https:\/\/www.apple.com\/hotnews\/thoughts-on-flash\/\">formulierte<\/a>, verwies der langj\u00e4hrige Apple-CEO immer wieder auf das &#8222;offene Web&#8220;. <\/p>\n<p>Jobs positionierte das Unternehmen damals gegen geschlossene Alleing\u00e4nge und f\u00fcr die Pflege gemeinsamer offener Standards, die den Zugriff auf online Inhalte einfach und unabh\u00e4ngig vom verwendeten Ger\u00e4te machen sollten.<\/p>\n<p><a href=\"https:\/\/images.ifun.de\/wp-content\/uploads\/2019\/11\/story.jpg\"><img loading=\"lazy\" decoding=\"async\" src=\"https:\/\/images.ifun.de\/wp-content\/uploads\/2019\/11\/story-500x433.jpg\" alt=\"Story\" width=\"500\" height=\"433\" class=\"aligncenter size-medium wp-image-145693\" srcset=\"https:\/\/images.ifun.de\/wp-content\/uploads\/2019\/11\/story-500x433.jpg 500w, https:\/\/images.ifun.de\/wp-content\/uploads\/2019\/11\/story-768x664.jpg 768w, https:\/\/images.ifun.de\/wp-content\/uploads\/2019\/11\/story-700x606.jpg 700w, https:\/\/images.ifun.de\/wp-content\/uploads\/2019\/11\/story.jpg 1000w\" sizes=\"auto, (max-width: 500px) 100vw, 500px\" \/><\/a><\/p>\n<h6>Eine Story in Apples Mac App Store<\/h6>\n<p>Seit der Ver\u00f6ffentlichung des offenes Briefes &#8222;Thoughts on Flash&#8220; sind knapp 10 Jahre ins Land gestrichen und im Web landen inzwischen nur noch die wenigsten Apple-Inhalte. <\/p>\n<p>Von den Videos des gerade neu gestarteten Streaming-Dienstes Apple TV+ abgesehen, verstecken sich die Inhalte von Apple News und dem App Store in <a href=\"https:\/\/www.iphone-ticker.de\/fast-unmoeglich-geworden-app-beobachtungen-ohne-itunes-132353\/\">geschlossenen Anwendung<\/a>, die weder das Kopieren von Textinhalten noch den schnellen Zugriff auf angezeigte Videos oder Bilder erm\u00f6glichen.<\/p>\n<p>Ein Paradebeispiel: Die so genannten App Store-Stories. Apple-Redakteure, K\u00fcnstler und Gastautoren geben sich hier <a href=\"https:\/\/www.iphone-ticker.de\/apple-blogger-und-texte-verschwinden-in-cupertino-133436\/\">regelm\u00e4\u00dfig viel M\u00fche<\/a> interessante Inhalte, sch\u00f6n verpackt, f\u00fcr die Besucher des App Store darzustellen, bieten au\u00dfer <a href=\"https:\/\/apps.apple.com\/us\/story\/id1467791510\">einer verhaltenen Web-Vorschau<\/a> jedoch keine M\u00f6glichkeit an, diese auch au\u00dferhalb der daf\u00fcr vorgesehenen Anwendungen zu lesen. <\/p>\n<p>Dass sich dies nicht nur auf negativ Windows- und Linux-Nutzer sondern unter Umst\u00e4nden auch auf die eigenen Bestandskunden auswirkt, hat der Apple-Redakteur Dan Frakes jetzt auf dem Kurznachrichtenportal Twitter <a href=\"https:\/\/twitter.com\/danfrakes\/status\/1189605540256604160?s=12\">zugetragen bekommen<\/a>.<\/p>\n<p>Nachfragen der Anwender, die interessiert an der \u200eMac App Store-Story &#8222;Create Icons in a Flash&#8220; waren und von Frakes auf Nachfrage zum Einsatz eines beliebigen Apple-Ger\u00e4tes verwiesen wurden, mussten feststellen: Auf einem iPad 3 mit der aktuellsten System-Version iOS 9.3 zeigt weder das Web noch der App Store selbst die aufw\u00e4ndig vorbereiteten Inhalte an, die daher auch den Suchmaschinen verborgen bleiben.<\/p>\n<p><center><\/p>\n<blockquote class=\"twitter-tweet\">\n<p lang=\"en\" dir=\"ltr\">I love watching <a href=\"https:\/\/twitter.com\/marcedwards?ref_src=twsrc%5Etfw\">@marcedwards<\/a>&#39;s icon-making &quot;speed runs.&quot; So we did a Mac App Store story on them: <a href=\"https:\/\/t.co\/27ZYlUjzFS\">https:\/\/t.co\/27ZYlUjzFS<\/a><\/p>\n<p>&mdash; Dan Frakes (@DanFrakes) <a href=\"https:\/\/twitter.com\/DanFrakes\/status\/1189605540256604160?ref_src=twsrc%5Etfw\">October 30, 2019<\/a><\/p><\/blockquote>\n<p> <script async src=\"https:\/\/platform.twitter.com\/widgets.js\" charset=\"utf-8\"><\/script><\/p>\n<blockquote class=\"twitter-tweet\" data-conversation=\"none\">\n<p lang=\"en\" dir=\"ltr\">What happened with Apple promoting the open web? I have to buy a new iPad to watch this.<\/p>\n<p>&mdash; mare (@mareMtl) <a href=\"https:\/\/twitter.com\/mareMtl\/status\/1189895830750269440?ref_src=twsrc%5Etfw\">October 31, 2019<\/a><\/p><\/blockquote>\n<p> <script async src=\"https:\/\/platform.twitter.com\/widgets.js\" charset=\"utf-8\"><\/script><\/p>\n<blockquote class=\"twitter-tweet\" data-conversation=\"none\">\n<p lang=\"en\" dir=\"ltr\">It should open on any Mac or iOS device via the App Store, and you should get a preview in a web browser. If none of those work, please let me know the platform and version.<\/p>\n<p>&mdash; Dan Frakes (@DanFrakes) <a href=\"https:\/\/twitter.com\/DanFrakes\/status\/1189931964511350785?ref_src=twsrc%5Etfw\">October 31, 2019<\/a><\/p><\/blockquote>\n<p> <script async src=\"https:\/\/platform.twitter.com\/widgets.js\" charset=\"utf-8\"><\/script><\/p>\n<blockquote class=\"twitter-tweet\" data-conversation=\"none\">\n<p lang=\"en\" dir=\"ltr\">It\u2019s an iPad 3, and last OS for it was iOS 9.3. Nothing in Safari either, just a \u201copen in App Store app?\u201d dialog. I *do* need a new iPad.<\/p>\n<p>&mdash; mare (@mareMtl) <a href=\"https:\/\/twitter.com\/mareMtl\/status\/1190057732319133699?ref_src=twsrc%5Etfw\">November 1, 2019<\/a><\/p><\/blockquote>\n<p> <script async src=\"https:\/\/platform.twitter.com\/widgets.js\" charset=\"utf-8\"><\/script><\/p>\n<blockquote class=\"twitter-tweet\" data-conversation=\"none\">\n<p lang=\"en\" dir=\"ltr\">Ah, bummer. I don\u2019t think the iOS 9 App Store supports stories, I believe minimum is iOS 11 :(<\/p>\n<p>&mdash; Dan Frakes (@DanFrakes) <a href=\"https:\/\/twitter.com\/DanFrakes\/status\/1190075546635395072?ref_src=twsrc%5Etfw\">November 1, 2019<\/a><\/p><\/blockquote>\n<p> <script async src=\"https:\/\/platform.twitter.com\/widgets.js\" charset=\"utf-8\"><\/script><br \/>\n<\/center><\/p>\n<p><img loading=\"lazy\" decoding=\"async\" src=\"https:\/\/vg08.met.vgwort.de\/na\/2abb469cded24ea7ae2c915b0d4b910e\" width=\"1\" height=\"1\" class=\"tracking\"><\/p>\n","protected":false},"excerpt":{"rendered":"<a href=\"https:\/\/www.ifun.de\/apples-flash-die-versteckten-app-store-stories-145691\/\"><img width=\"150\" height=\"150\" src=\"https:\/\/images.ifun.de\/wp-content\/uploads\/2019\/11\/story-150x150.jpg\" class=\"alignright tfe wp-post-image\" alt=\"Story\" decoding=\"async\" loading=\"lazy\" \/><\/a><p>Als Apple-Gr\u00fcnder Steve Jobs im April 2010 seine Gedanken zur Zukunft des Adobe Flash-Plugins formulierte, verwies der langj\u00e4hrige Apple-CEO immer wieder auf das &#8222;offene Web&#8220;. Jobs positionierte das Unternehmen damals gegen geschlossene Alleing\u00e4nge und f\u00fcr die Pflege gemeinsamer offener Standards, die den Zugriff auf online Inhalte einfach und unabh\u00e4ngig vom verwendeten Ger\u00e4te machen sollten. Eine [&hellip;]<\/p>\n","protected":false},"author":1,"featured_media":145693,"comment_status":"open","ping_status":"closed","sticky":false,"template":"","format":"standard","meta":{"_acf_changed":false,"footnotes":""},"categories":[3],"tags":[23,4736,373],"class_list":["post-145691","post","type-post","status-publish","format-standard","has-post-thumbnail","hentry","category-apple","tag-app-store","tag-apple","tag-kritik"],"acf":[],"aioseo_notices":[],"subheadline":["F\u00fcr manche Anwender unerreichbar"],"featured_image":["https:\/\/images.ifun.de\/wp-content\/uploads\/2019\/11\/appstore-stories.jpg"],"rest_api_enabler":{"subheadline":"F\u00fcr manche Anwender unerreichbar","featured_image":"https:\/\/images.ifun.de\/wp-content\/uploads\/2019\/11\/appstore-stories.jpg"},"_links":{"self":[{"href":"https:\/\/www.ifun.de\/apiv2\/wp\/v2\/posts\/145691","targetHints":{"allow":["GET"]}}],"collection":[{"href":"https:\/\/www.ifun.de\/apiv2\/wp\/v2\/posts"}],"about":[{"href":"https:\/\/www.ifun.de\/apiv2\/wp\/v2\/types\/post"}],"author":[{"embeddable":true,"href":"https:\/\/www.ifun.de\/apiv2\/wp\/v2\/users\/1"}],"replies":[{"embeddable":true,"href":"https:\/\/www.ifun.de\/apiv2\/wp\/v2\/comments?post=145691"}],"version-history":[{"count":8,"href":"https:\/\/www.ifun.de\/apiv2\/wp\/v2\/posts\/145691\/revisions"}],"predecessor-version":[{"id":145701,"href":"https:\/\/www.ifun.de\/apiv2\/wp\/v2\/posts\/145691\/revisions\/145701"}],"wp:featuredmedia":[{"embeddable":true,"href":"https:\/\/www.ifun.de\/apiv2\/wp\/v2\/media\/145693"}],"wp:attachment":[{"href":"https:\/\/www.ifun.de\/apiv2\/wp\/v2\/media?parent=145691"}],"wp:term":[{"taxonomy":"category","embeddable":true,"href":"https:\/\/www.ifun.de\/apiv2\/wp\/v2\/categories?post=145691"},{"taxonomy":"post_tag","embeddable":true,"href":"https:\/\/www.ifun.de\/apiv2\/wp\/v2\/tags?post=145691"}],"curies":[{"name":"wp","href":"https:\/\/api.w.org\/{rel}","templated":true}]}}