{"id":145422,"date":"2019-11-01T15:07:07","date_gmt":"2019-11-01T14:07:07","guid":{"rendered":"https:\/\/www.ifun.de\/?p=145422"},"modified":"2019-11-04T06:29:47","modified_gmt":"2019-11-04T05:29:47","slug":"apple-tv-im-jahresabo-apple-praezisiert-voraussetzungen","status":"publish","type":"post","link":"https:\/\/www.ifun.de\/apple-tv-im-jahresabo-apple-praezisiert-voraussetzungen-145422\/","title":{"rendered":"Apple TV+ im Jahresabo: Apple pr\u00e4zisiert Voraussetzungen"},"content":{"rendered":"<p>Wenige Stunden nach dem Deutschland-Start des Video-Streaming-Dienstes Apple TV+ informiert die Presseabteilung Cupertinos <a href=\"https:\/\/www.apple.com\/de\/newsroom\/2019\/11\/apple-tv-plus-is-now-available\/\">noch mal ausf\u00fchrlich<\/a> \u00fcber Angebot, Abo-Modalit\u00e4ten und Umfang der neuen Plattform.<\/p>\n<p><a href=\"https:\/\/images.ifun.de\/wp-content\/uploads\/2019\/11\/apple-tvplus-fernseher.jpg\"><img loading=\"lazy\" decoding=\"async\" class=\"aligncenter size-medium wp-image-145423\" src=\"https:\/\/images.ifun.de\/wp-content\/uploads\/2019\/11\/apple-tvplus-fernseher-500x281.jpg\" alt=\"Apple Tvplus Fernseher\" width=\"500\" height=\"281\" srcset=\"https:\/\/images.ifun.de\/wp-content\/uploads\/2019\/11\/apple-tvplus-fernseher-500x281.jpg 500w, https:\/\/images.ifun.de\/wp-content\/uploads\/2019\/11\/apple-tvplus-fernseher-768x432.jpg 768w, https:\/\/images.ifun.de\/wp-content\/uploads\/2019\/11\/apple-tvplus-fernseher-700x394.jpg 700w, https:\/\/images.ifun.de\/wp-content\/uploads\/2019\/11\/apple-tvplus-fernseher.jpg 1632w\" sizes=\"auto, (max-width: 500px) 100vw, 500px\" \/><\/a><\/p>\n<p><b>Vorneweg drei wichtige Infos, die ihr im Hinterkopf behalten solltet.<\/b><\/p>\n<ul>\n<li>Ob ihr berechtigt seid am kostenlosen Probejahr teilzunehmen, seht ihr, sobald ihr die Webseite <a href=\"https:\/\/tv.apple.com\/de\">tv.apple.com\/de<\/a> bzw. die Apple TV-App auf iPhone, iPad, Mac oder Apple TV \u00f6ffnet. Im Web m\u00fcsst ihr euch mit eurer Apple ID einloggen, auf Apples Ger\u00e4ten entscheidet die f\u00fcr K\u00e4ufe im App Store hinterlegte Apple ID. K\u00fcrzlich gekaufte Ger\u00e4te m\u00fcssen mit eurer ID aktiviert worden sein.<\/li>\n<li>Berechtigt sind Kunden, die ab dem 10. September 2019 ein neues iPhone, iPad, Apple TV, iPod touch oder Mac gekauft haben bzw. kaufen werden.<\/li>\n<li>Wer \u00fcber kein berechtigtes Produkt verf\u00fcgt kann den Dienst immerhin sieben Tage kostenlos testen.<\/li>\n<\/ul>\n<h2>Gratis f\u00fcr Apple Music-Studenten<\/h2>\n<p>Dar\u00fcber hinaus k\u00f6nnen Studenten auf der ganzen Welt, die das Apple Music-Abo f\u00fcr Studierende nutzen, Apple TV+ kostenlos in der Apple TV App oder unter tv.apple.com\/de anschauen.<\/p>\n<p>Um kostenlosen Zugang zu Apple TV+ zu erhalten, m\u00fcssen sich Nutzer des Apple Music-Abonnements f\u00fcr Studierende lediglich mit ihrer Apple ID in der Apple TV App oder auf tv.apple.com\/de anmelden. Das Angebot ist nur f\u00fcr qualifizierte Studenten g\u00fcltig und gilt nicht f\u00fcr eine Gruppe mit Familienfreigabe.<\/p>\n<h2>Auf Sony-Fernsehern sp\u00e4ter im Jahr<\/h2>\n<p>Kunden mit AirPlay 2-f\u00e4higen Samsung, LG und VIZIO Smart TVs m\u00fcssen auf iOS 12.3 oder neuer oder macOS Catalina aktualisieren, um Apple TV+ Originals in der Apple TV App auf iPhone, iPad, iPod touch oder Mac direkt auf ihren Smart TV wiederzugeben.<\/p>\n<p>Die Apple TV App kommt in Zukunft auch auf LG, Sony und VIZIO Plattformen. Kunden mit geeigneten Sony Smart TVs k\u00f6nnen sich noch in diesem Jahr auf AirPlay 2-Unterst\u00fctzung freuen.<\/p>\n","protected":false},"excerpt":{"rendered":"<a href=\"https:\/\/www.ifun.de\/apple-tv-im-jahresabo-apple-praezisiert-voraussetzungen-145422\/\"><img width=\"150\" height=\"150\" src=\"https:\/\/images.ifun.de\/wp-content\/uploads\/2019\/11\/apple-tvplus-fernseher-150x150.jpg\" class=\"alignright tfe wp-post-image\" alt=\"Apple Tvplus Fernseher\" decoding=\"async\" loading=\"lazy\" \/><\/a><p>Wenige Stunden nach dem Deutschland-Start des Video-Streaming-Dienstes Apple TV+ informiert die Presseabteilung Cupertinos noch mal ausf\u00fchrlich \u00fcber Angebot, Abo-Modalit\u00e4ten und Umfang der neuen Plattform. Vorneweg drei wichtige Infos, die ihr im Hinterkopf behalten solltet. Ob ihr berechtigt seid am kostenlosen Probejahr teilzunehmen, seht ihr, sobald ihr die Webseite tv.apple.com\/de bzw. die Apple TV-App auf iPhone, [&hellip;]<\/p>\n","protected":false},"author":1,"featured_media":145423,"comment_status":"open","ping_status":"closed","sticky":false,"template":"","format":"standard","meta":{"_acf_changed":false,"footnotes":""},"categories":[4,1783],"tags":[4736,4467,1386,60,476,31],"class_list":["post-145422","post","type-post","status-publish","format-standard","has-post-thumbnail","hentry","category-appletv","category-feature","tag-apple","tag-apple-tv-plus","tag-sony","tag-streaming","tag-studenten","tag-video"],"acf":[],"aioseo_notices":[],"subheadline":["Studenten, Fernseher, Web-Zugang"],"featured_image":["https:\/\/images.ifun.de\/wp-content\/uploads\/2019\/11\/apple-tv-plus-app.jpg"],"rest_api_enabler":{"subheadline":"Studenten, Fernseher, Web-Zugang","featured_image":"https:\/\/images.ifun.de\/wp-content\/uploads\/2019\/11\/apple-tv-plus-app.jpg"},"_links":{"self":[{"href":"https:\/\/www.ifun.de\/apiv2\/wp\/v2\/posts\/145422","targetHints":{"allow":["GET"]}}],"collection":[{"href":"https:\/\/www.ifun.de\/apiv2\/wp\/v2\/posts"}],"about":[{"href":"https:\/\/www.ifun.de\/apiv2\/wp\/v2\/types\/post"}],"author":[{"embeddable":true,"href":"https:\/\/www.ifun.de\/apiv2\/wp\/v2\/users\/1"}],"replies":[{"embeddable":true,"href":"https:\/\/www.ifun.de\/apiv2\/wp\/v2\/comments?post=145422"}],"version-history":[{"count":1,"href":"https:\/\/www.ifun.de\/apiv2\/wp\/v2\/posts\/145422\/revisions"}],"predecessor-version":[{"id":145424,"href":"https:\/\/www.ifun.de\/apiv2\/wp\/v2\/posts\/145422\/revisions\/145424"}],"wp:featuredmedia":[{"embeddable":true,"href":"https:\/\/www.ifun.de\/apiv2\/wp\/v2\/media\/145423"}],"wp:attachment":[{"href":"https:\/\/www.ifun.de\/apiv2\/wp\/v2\/media?parent=145422"}],"wp:term":[{"taxonomy":"category","embeddable":true,"href":"https:\/\/www.ifun.de\/apiv2\/wp\/v2\/categories?post=145422"},{"taxonomy":"post_tag","embeddable":true,"href":"https:\/\/www.ifun.de\/apiv2\/wp\/v2\/tags?post=145422"}],"curies":[{"name":"wp","href":"https:\/\/api.w.org\/{rel}","templated":true}]}}