{"id":144991,"date":"2019-10-24T14:21:40","date_gmt":"2019-10-24T12:21:40","guid":{"rendered":"https:\/\/www.ifun.de\/?p=144991"},"modified":"2019-10-24T14:21:40","modified_gmt":"2019-10-24T12:21:40","slug":"dj-apps-von-serato-mit-macos-catalina-kompatibel","status":"publish","type":"post","link":"https:\/\/www.ifun.de\/dj-apps-von-serato-mit-macos-catalina-kompatibel-144991\/","title":{"rendered":"DJ-Apps von Serato mit macOS Catalina kompatibel"},"content":{"rendered":"<p>Die DJ-Apps von Serato sind in den neu ver\u00f6ffentlichten Versionen <a href=\"https:\/\/serato.com\/dj\/pro\/downloads\" title=\"DJ Pro 2.3\">DJ Pro 2.3<\/a> und <a href=\"https:\/\/serato.com\/dj\/lite\/downloads\" title=\"DJ Lite 1.3\">DJ Lite 1.3<\/a> nun mit macOS Catalina kompatibel. Die Entwickler betonen, dass in diesem Zusammenhang auch die neue Musik-App von Apple unterst\u00fctzt wird und vorhandene iTunes-Bibliotheken nahtlos \u00fcbernommen werden.<\/p>\n<p><a href=\"https:\/\/images.ifun.de\/wp-content\/uploads\/2019\/10\/serato-dj-mac.jpg\"><img loading=\"lazy\" decoding=\"async\" src=\"https:\/\/images.ifun.de\/wp-content\/uploads\/2019\/10\/serato-dj-mac-500x313.jpg\" alt=\"Serato Dj Mac\" width=\"500\" height=\"313\" class=\"alignnone size-medium wp-image-144993\" srcset=\"https:\/\/images.ifun.de\/wp-content\/uploads\/2019\/10\/serato-dj-mac-500x313.jpg 500w, https:\/\/images.ifun.de\/wp-content\/uploads\/2019\/10\/serato-dj-mac-768x480.jpg 768w, https:\/\/images.ifun.de\/wp-content\/uploads\/2019\/10\/serato-dj-mac-700x438.jpg 700w, https:\/\/images.ifun.de\/wp-content\/uploads\/2019\/10\/serato-dj-mac.jpg 1200w\" sizes=\"auto, (max-width: 500px) 100vw, 500px\" \/><\/a><\/p>\n<p>Letzteres d\u00fcrfte etliche Serato-Nutzer aufatmen lassen. Insbesondere DJs, die voreilig auf macOS Catalina umgestiegen sind, hatten abh\u00e4ngig von der von ihnen genutzten Software mit dem Problem zu k\u00e4mpfen, dass ihre alten Wiedergabelisten in der Musik-App nicht verf\u00fcgbar waren. Apple hat hier \u00c4nderungen bei den Schnittstellen f\u00fcr Drittanbieter vorgenommen und Tools, die dies nicht rechtzeitig ber\u00fccksichtigt haben, waren unter Catalina nur noch eingeschr\u00e4nkt benutzbar.<\/p>\n<p>Allerdings weisen die Entwickler darauf hin, dass immer noch nicht alle zuvor unterst\u00fctzte Hardware auch unter macOS Catalina verwendet werden kann. Nutzer der DJ-Apps sollten vor dem Update auf das aktuelle Mac-Betriebssystem einen Blick auf die von Serato bereitgestellte <a href=\"https:\/\/support.serato.com\/hc\/en-us\/articles\/360001112015\">Kompatibilit\u00e4tsliste<\/a> werfen. Dort finden sich auch regelm\u00e4\u00dfig aktualisierte Infos zum aktuellen Entwicklungsstand.<\/p>\n","protected":false},"excerpt":{"rendered":"<a href=\"https:\/\/www.ifun.de\/dj-apps-von-serato-mit-macos-catalina-kompatibel-144991\/\"><img width=\"150\" height=\"150\" src=\"https:\/\/images.ifun.de\/wp-content\/uploads\/2019\/10\/serato-150x150.jpg\" class=\"alignright tfe wp-post-image\" alt=\"Serato\" decoding=\"async\" loading=\"lazy\" \/><\/a><p>Die DJ-Apps von Serato sind in den neu ver\u00f6ffentlichten Versionen DJ Pro 2.3 und DJ Lite 1.3 nun mit macOS Catalina kompatibel. Die Entwickler betonen, dass in diesem Zusammenhang auch die neue Musik-App von Apple unterst\u00fctzt wird und vorhandene iTunes-Bibliotheken nahtlos \u00fcbernommen werden. Letzteres d\u00fcrfte etliche Serato-Nutzer aufatmen lassen. Insbesondere DJs, die voreilig auf macOS [&hellip;]<\/p>\n","protected":false},"author":2,"featured_media":144994,"comment_status":"open","ping_status":"closed","sticky":false,"template":"","format":"standard","meta":{"_acf_changed":false,"footnotes":""},"categories":[1],"tags":[6321,4543,4679],"class_list":["post-144991","post","type-post","status-publish","format-standard","has-post-thumbnail","hentry","category-news","tag-mac","tag-macos-catalina","tag-serato"],"acf":[],"aioseo_notices":[],"subheadline":["iTunes-Bibliotheken werden \u00fcbernommen"],"featured_image":["https:\/\/images.ifun.de\/wp-content\/uploads\/2019\/10\/serato.jpg"],"rest_api_enabler":{"subheadline":"iTunes-Bibliotheken werden \u00fcbernommen","featured_image":"https:\/\/images.ifun.de\/wp-content\/uploads\/2019\/10\/serato.jpg"},"_links":{"self":[{"href":"https:\/\/www.ifun.de\/apiv2\/wp\/v2\/posts\/144991","targetHints":{"allow":["GET"]}}],"collection":[{"href":"https:\/\/www.ifun.de\/apiv2\/wp\/v2\/posts"}],"about":[{"href":"https:\/\/www.ifun.de\/apiv2\/wp\/v2\/types\/post"}],"author":[{"embeddable":true,"href":"https:\/\/www.ifun.de\/apiv2\/wp\/v2\/users\/2"}],"replies":[{"embeddable":true,"href":"https:\/\/www.ifun.de\/apiv2\/wp\/v2\/comments?post=144991"}],"version-history":[{"count":2,"href":"https:\/\/www.ifun.de\/apiv2\/wp\/v2\/posts\/144991\/revisions"}],"predecessor-version":[{"id":144995,"href":"https:\/\/www.ifun.de\/apiv2\/wp\/v2\/posts\/144991\/revisions\/144995"}],"wp:featuredmedia":[{"embeddable":true,"href":"https:\/\/www.ifun.de\/apiv2\/wp\/v2\/media\/144994"}],"wp:attachment":[{"href":"https:\/\/www.ifun.de\/apiv2\/wp\/v2\/media?parent=144991"}],"wp:term":[{"taxonomy":"category","embeddable":true,"href":"https:\/\/www.ifun.de\/apiv2\/wp\/v2\/categories?post=144991"},{"taxonomy":"post_tag","embeddable":true,"href":"https:\/\/www.ifun.de\/apiv2\/wp\/v2\/tags?post=144991"}],"curies":[{"name":"wp","href":"https:\/\/api.w.org\/{rel}","templated":true}]}}