{"id":144896,"date":"2019-10-22T21:05:36","date_gmt":"2019-10-22T19:05:36","guid":{"rendered":"https:\/\/www.ifun.de\/?p=144896"},"modified":"2019-10-22T21:06:03","modified_gmt":"2019-10-22T19:06:03","slug":"adobe-will-auch-illustrator-aufs-ipad-bringen","status":"publish","type":"post","link":"https:\/\/www.ifun.de\/adobe-will-auch-illustrator-aufs-ipad-bringen-144896\/","title":{"rendered":"Adobe will auch Illustrator aufs iPad bringen"},"content":{"rendered":"<p>Adobe will seine vollwertige <a href=\"https:\/\/www.ifun.de\/im-video-photoshop-cc-fuer-ipad-und-apples-phil-schiller-mit-gastauftritt-bei-adobe-128474\/\">Photoshop-Version f\u00fcr das iPad<\/a> ja <a href=\"https:\/\/www.ifun.de\/photoshop-cc-ipad-adaption-noch-im-laufenden-jahr-144706\/\">noch in diesem Jahr<\/a> an den Start bringen. Erg\u00e4nzend dazu soll auch das Zeichenprogramm Illustrator in einer iPad-Version erscheinen. Dem Wirtschaftsmagazin <a href=\"https:\/\/www.bloomberg.com\/news\/articles\/2019-10-21\/adobe-plans-to-launch-illustrator-app-for-ipad-after-photoshop\">Bloomberg<\/a> zufolge wird Adobe im kommenden Monat einen ersten Ausblick auf die neue App geben, die Ver\u00f6ffentlichung sei allerdings erst im Jahr 2020 geplant.<\/p>\n<p><a href=\"https:\/\/images.ifun.de\/wp-content\/uploads\/2019\/10\/illustrator-adobe-ai.jpg\"><img loading=\"lazy\" decoding=\"async\" src=\"https:\/\/images.ifun.de\/wp-content\/uploads\/2019\/10\/illustrator-adobe-ai-500x270.jpg\" alt=\"Illustrator Adobe Ai\" width=\"500\" height=\"270\" class=\"alignnone size-medium wp-image-144900\" srcset=\"https:\/\/images.ifun.de\/wp-content\/uploads\/2019\/10\/illustrator-adobe-ai-500x270.jpg 500w, https:\/\/images.ifun.de\/wp-content\/uploads\/2019\/10\/illustrator-adobe-ai.jpg 700w\" sizes=\"auto, (max-width: 500px) 100vw, 500px\" \/><\/a><\/p>\n<p>Details zu den kommenden Adobe-Pl\u00e4nen f\u00fcr den Desktop und Mobilger\u00e4te werden wir wohl n\u00e4chsten Monat geliefert bekommen. Vom 4. bis 6. November h\u00e4lt der Hersteller in Los Angeles seine <a href=\"https:\/\/max.adobe.com\">Adobe-Max-Konferenz<\/a> ab, ein Stelldichein von hochkar\u00e4tigen G\u00e4sten aus der Design- und Kulturszene, in dessen Rahmen Adobe gew\u00f6hnlich mit umfangreichen Produktank\u00fcndigungen und -pr\u00e4sentationen zur Stelle ist.<\/p>\n<p>Wohl mit Blick auf die ungeduldige Nutzerschaft und auch Kritik, die App werde die Erwartungen nicht erf\u00fcllen, hat Adobe ein paar Details mit Blick auf den Entwicklungsstand der iPad-Version von Photoshop durchsickern lassen. Der Blogger <a href=\"https:\/\/daringfireball.net\/2019\/10\/on_the_upcoming_photoshop_for_ipad\">John Gruber<\/a> zitiert \u201everl\u00e4ssliche Quellen\u201c, denen zufolge Adobe voll und ganz hinter dem Produkt steht:<\/p>\n<blockquote>\n<p>Sie betrachten es als ein ernsthaftes, erstklassiges Projekt f\u00fcr Kreativprofis. Das Team der Ingenieure, die daran arbeiten, ist im Vergleich zu vor einem Jahr deutlich gewachsen, und sie haben Pl\u00e4ne, Funktionen schrittweise und mit einem aggressiven Zeitplan hinzuzuf\u00fcgen.<\/p>\n<\/blockquote>\n<p>Photoshop f\u00fcr das iPad sei eine vollumf\u00e4nglich neue und detailliert auf das iPad zugeschnittene Entwicklung, die auf der selben Codebasis erstellt wird wie die Desktop-Version der App. Allerdings sei es ein Missverst\u00e4ndnis, dass die iPad-Version den gleichen Leistungsumfang wie die Desktop-Variante bieten will. Adobe versprach hier vielmehr ein \u201eechtes Photoshop\u201c im Sinne davon, dass die App den auf einem Tablet vorhandenen M\u00f6glichkeiten entsprechend hochwertige und umfassende Funktionen biete.<\/p>\n<h6>Bilder: Adobe, Apple<\/h6>\n","protected":false},"excerpt":{"rendered":"<a href=\"https:\/\/www.ifun.de\/adobe-will-auch-illustrator-aufs-ipad-bringen-144896\/\"><img width=\"150\" height=\"150\" src=\"https:\/\/images.ifun.de\/wp-content\/uploads\/2019\/10\/illustrator-header-150x150.jpg\" class=\"alignright tfe wp-post-image\" alt=\"Illustrator Header\" decoding=\"async\" loading=\"lazy\" \/><\/a><p>Adobe will seine vollwertige Photoshop-Version f\u00fcr das iPad ja noch in diesem Jahr an den Start bringen. Erg\u00e4nzend dazu soll auch das Zeichenprogramm Illustrator in einer iPad-Version erscheinen. Dem Wirtschaftsmagazin Bloomberg zufolge wird Adobe im kommenden Monat einen ersten Ausblick auf die neue App geben, die Ver\u00f6ffentlichung sei allerdings erst im Jahr 2020 geplant. Details [&hellip;]<\/p>\n","protected":false},"author":2,"featured_media":144898,"comment_status":"open","ping_status":"closed","sticky":false,"template":"","format":"standard","meta":{"_acf_changed":false,"footnotes":""},"categories":[10],"tags":[265,4678,4740],"class_list":["post-144896","post","type-post","status-publish","format-standard","has-post-thumbnail","hentry","category-ipad","tag-adobe","tag-illustrator","tag-ipad"],"acf":[],"aioseo_notices":[],"subheadline":["Details Anfang November erwartet"],"featured_image":["https:\/\/images.ifun.de\/wp-content\/uploads\/2017\/05\/ipad-zeichnen.jpg"],"rest_api_enabler":{"subheadline":"Details Anfang November erwartet","featured_image":"https:\/\/images.ifun.de\/wp-content\/uploads\/2017\/05\/ipad-zeichnen.jpg"},"_links":{"self":[{"href":"https:\/\/www.ifun.de\/apiv2\/wp\/v2\/posts\/144896","targetHints":{"allow":["GET"]}}],"collection":[{"href":"https:\/\/www.ifun.de\/apiv2\/wp\/v2\/posts"}],"about":[{"href":"https:\/\/www.ifun.de\/apiv2\/wp\/v2\/types\/post"}],"author":[{"embeddable":true,"href":"https:\/\/www.ifun.de\/apiv2\/wp\/v2\/users\/2"}],"replies":[{"embeddable":true,"href":"https:\/\/www.ifun.de\/apiv2\/wp\/v2\/comments?post=144896"}],"version-history":[{"count":4,"href":"https:\/\/www.ifun.de\/apiv2\/wp\/v2\/posts\/144896\/revisions"}],"predecessor-version":[{"id":144902,"href":"https:\/\/www.ifun.de\/apiv2\/wp\/v2\/posts\/144896\/revisions\/144902"}],"wp:featuredmedia":[{"embeddable":true,"href":"https:\/\/www.ifun.de\/apiv2\/wp\/v2\/media\/144898"}],"wp:attachment":[{"href":"https:\/\/www.ifun.de\/apiv2\/wp\/v2\/media?parent=144896"}],"wp:term":[{"taxonomy":"category","embeddable":true,"href":"https:\/\/www.ifun.de\/apiv2\/wp\/v2\/categories?post=144896"},{"taxonomy":"post_tag","embeddable":true,"href":"https:\/\/www.ifun.de\/apiv2\/wp\/v2\/tags?post=144896"}],"curies":[{"name":"wp","href":"https:\/\/api.w.org\/{rel}","templated":true}]}}