{"id":144435,"date":"2019-10-11T19:42:15","date_gmt":"2019-10-11T17:42:15","guid":{"rendered":"https:\/\/www.ifun.de\/?p=144435"},"modified":"2019-10-11T19:42:15","modified_gmt":"2019-10-11T17:42:15","slug":"interne-aenderungen-beim-rueckrufprogramm-fuer-macbook-pro-15","status":"publish","type":"post","link":"https:\/\/www.ifun.de\/interne-aenderungen-beim-rueckrufprogramm-fuer-macbook-pro-15-144435\/","title":{"rendered":"Interne \u00c4nderungen beim R\u00fcckrufprogramm f\u00fcr MacBook Pro 15\u2033"},"content":{"rendered":"<p>Die Reparaturen im Rahmen des von Apple im Juni gestarteten <a href=\"https:\/\/www.ifun.de\/apple-startet-rueckrufprogramm-fuer-macbook-pro-15-modell-2015-139361\/\" title=\"Brandgefahr: R\u00fcckrufprogramm f\u00fcr MacBook Pro 15\u2033 (Modell 2015)\">R\u00fcckrufprogramms f\u00fcr MacBook Pro 15\u2033<\/a> sollten k\u00fcnftig schneller vonstatten gehen. Wie wir aus H\u00e4ndlerkreisen erfahren haben, d\u00fcrfen Apples <a href=\"https:\/\/locate.apple.com\/de\/de\/\">autorisierte Service-Partner<\/a> den Austausch fortan selbst vornehmen. Zuvor mussten auch Apples zertifizierte \u201eService Provider\u201c die zu Ger\u00e4te zur Reparatur an Apple schicken.<\/p>\n<p><a href=\"https:\/\/images.ifun.de\/wp-content\/uploads\/2019\/06\/macbook-pro-2015-1.jpg\"><img loading=\"lazy\" decoding=\"async\" src=\"https:\/\/images.ifun.de\/wp-content\/uploads\/2019\/06\/macbook-pro-2015-1-500x277.jpg\" alt=\"Macbook Pro 2015\" width=\"500\" height=\"277\" class=\"alignnone size-medium wp-image-139370\" srcset=\"https:\/\/images.ifun.de\/wp-content\/uploads\/2019\/06\/macbook-pro-2015-1-500x277.jpg 500w, https:\/\/images.ifun.de\/wp-content\/uploads\/2019\/06\/macbook-pro-2015-1-768x425.jpg 768w, https:\/\/images.ifun.de\/wp-content\/uploads\/2019\/06\/macbook-pro-2015-1-700x387.jpg 700w, https:\/\/images.ifun.de\/wp-content\/uploads\/2019\/06\/macbook-pro-2015-1.jpg 1000w\" sizes=\"auto, (max-width: 500px) 100vw, 500px\" \/><\/a><\/p>\n<p>Mit der Umstellung des Verfahrens sollte sich nicht nur die Dauer der Reparatur verk\u00fcrzen, betroffene Kunden profitieren zudem davon, dass nun auch gro\u00dfz\u00fcgiger getauscht wird. Apple selbst hatte tats\u00e4chlich jeweils nur den Akku ausgewechselt, die Service-Partner hingegen ersetzen nun das komplette Topcase und damit neben dem Akku auch die Tastatur und das Trackpad der Ger\u00e4te, da der reine Akku-Tausch extrem aufw\u00e4ndig ist.<\/p>\n<p>Apple hat autorisierte Service-Partner \u00fcber die \u00c4nderungen informiert und stattet diese in der Regel auch gleich mit einem Grundbestand an Ersatzteilen aus. Zudem soll dieser Bestand durch automatische Nachlieferungen stets aufrecht erhalten werden. Einzelne Service-Partner d\u00fcrften in der Folge nun auch Reparaturen am gleichen Tag anbieten.<\/p>\n<p>Grund f\u00fcr den R\u00fcckruf ist ein m\u00f6glicher Akku-Defekt, dieser kann \u00fcberhitzen und somit ein Brandrisiko darstellen. Apple empfiehlt, die <a href=\"https:\/\/support.apple.com\/de-de\/15-inch-macbook-pro-battery-recall\" title=\"R\u00fcckrufprogramm f\u00fcr das MacBook Pro\">betroffenen Ger\u00e4te<\/a> nicht weiter zu verwenden. Infolge dessen haben auch einige Fluggesellschaften die Mitnahme der Ger\u00e4te im Passagierraum <a href=\"https:\/\/www.ifun.de\/fluggesellschaften-verbieten-zurueckgerufene-apple-notebooks-an-bord-141614\/\" title=\"Fluggesellschaften verbieten zur\u00fcckgerufene Apple-Notebooks an Bord\">untersagt<\/a>.<\/p>\n","protected":false},"excerpt":{"rendered":"<a href=\"https:\/\/www.ifun.de\/interne-aenderungen-beim-rueckrufprogramm-fuer-macbook-pro-15-144435\/\"><img decoding=\"async\" width=\"150\" src=\"https:\/\/images.ifun.de\/wp-content\/uploads\/2019\/06\/macbook-pro-2015-1-500x277.jpg\" class=\"alignright wp-post-image tfe\" alt=\"Macbook Pro 2015\" title=\"\" \/><\/a><p>Die Reparaturen im Rahmen des von Apple im Juni gestarteten R\u00fcckrufprogramms f\u00fcr MacBook Pro 15\u2033 sollten k\u00fcnftig schneller vonstatten gehen. Wie wir aus H\u00e4ndlerkreisen erfahren haben, d\u00fcrfen Apples autorisierte Service-Partner den Austausch fortan selbst vornehmen. Zuvor mussten auch Apples zertifizierte \u201eService Provider\u201c die zu Ger\u00e4te zur Reparatur an Apple schicken. Mit der Umstellung des Verfahrens [&hellip;]<\/p>\n","protected":false},"author":2,"featured_media":0,"comment_status":"open","ping_status":"closed","sticky":false,"template":"","format":"standard","meta":{"_acf_changed":false,"footnotes":""},"categories":[1],"tags":[224,123,759],"class_list":["post-144435","post","type-post","status-publish","format-standard","hentry","category-news","tag-macbook-pro","tag-reparatur","tag-ruckruf"],"acf":[],"aioseo_notices":[],"subheadline":["Apple Service Provider d\u00fcrfen vor Ort tauschen"],"featured_image":["https:\/\/images.ifun.de\/wp-content\/uploads\/2019\/06\/macbook-pro-rueckruf-programm.jpg"],"rest_api_enabler":{"subheadline":"Apple Service Provider d\u00fcrfen vor Ort tauschen","featured_image":"https:\/\/images.ifun.de\/wp-content\/uploads\/2019\/06\/macbook-pro-rueckruf-programm.jpg"},"_links":{"self":[{"href":"https:\/\/www.ifun.de\/apiv2\/wp\/v2\/posts\/144435","targetHints":{"allow":["GET"]}}],"collection":[{"href":"https:\/\/www.ifun.de\/apiv2\/wp\/v2\/posts"}],"about":[{"href":"https:\/\/www.ifun.de\/apiv2\/wp\/v2\/types\/post"}],"author":[{"embeddable":true,"href":"https:\/\/www.ifun.de\/apiv2\/wp\/v2\/users\/2"}],"replies":[{"embeddable":true,"href":"https:\/\/www.ifun.de\/apiv2\/wp\/v2\/comments?post=144435"}],"version-history":[{"count":3,"href":"https:\/\/www.ifun.de\/apiv2\/wp\/v2\/posts\/144435\/revisions"}],"predecessor-version":[{"id":144438,"href":"https:\/\/www.ifun.de\/apiv2\/wp\/v2\/posts\/144435\/revisions\/144438"}],"wp:attachment":[{"href":"https:\/\/www.ifun.de\/apiv2\/wp\/v2\/media?parent=144435"}],"wp:term":[{"taxonomy":"category","embeddable":true,"href":"https:\/\/www.ifun.de\/apiv2\/wp\/v2\/categories?post=144435"},{"taxonomy":"post_tag","embeddable":true,"href":"https:\/\/www.ifun.de\/apiv2\/wp\/v2\/tags?post=144435"}],"curies":[{"name":"wp","href":"https:\/\/api.w.org\/{rel}","templated":true}]}}