{"id":144352,"date":"2019-10-10T13:05:03","date_gmt":"2019-10-10T11:05:03","guid":{"rendered":"https:\/\/www.ifun.de\/?p=144352"},"modified":"2019-10-10T13:05:31","modified_gmt":"2019-10-10T11:05:31","slug":"adobe-creative-cloud-cleaner-reinigt-macos-catalina","status":"publish","type":"post","link":"https:\/\/www.ifun.de\/adobe-creative-cloud-cleaner-reinigt-macos-catalina-144352\/","title":{"rendered":"Adobe Creative Cloud Cleaner reinigt macOS Catalina"},"content":{"rendered":"<p>Der Software-Hersteller Adobe hat mehrere Support-Eintr\u00e4ge ver\u00f6ffentlicht, die die Kompatibilit\u00e4t der eigenen Anwendungen mit macOS Catalina behandeln.<\/p>\n<blockquote class=\"twitter-tweet\" data-conversation=\"none\" data-dnt=\"true\">\n<p lang=\"en\" dir=\"ltr\">Not cool. <a href=\"https:\/\/twitter.com\/hashtag\/cs6?src=hash&amp;ref_src=twsrc%5Etfw\">#cs6<\/a> <a href=\"https:\/\/twitter.com\/hashtag\/photoshop?src=hash&amp;ref_src=twsrc%5Etfw\">#photoshop<\/a> <a href=\"https:\/\/twitter.com\/hashtag\/catalina?src=hash&amp;ref_src=twsrc%5Etfw\">#catalina<\/a> <a href=\"https:\/\/t.co\/6Cyi0Mcqhf\">pic.twitter.com\/6Cyi0Mcqhf<\/a><\/p>\n<p>&mdash; Bobby Bosler (@bobbybosler) <a href=\"https:\/\/twitter.com\/bobbybosler\/status\/1181315525902815234?ref_src=twsrc%5Etfw\">October 7, 2019<\/a><\/p><\/blockquote>\n<p> <script async src=\"https:\/\/platform.twitter.com\/widgets.js\" charset=\"utf-8\"><\/script><\/p>\n<p>So geht das Support-Dokument <a href=\"https:\/\/helpx.adobe.com\/photoshop\/kb\/photoshop-and-macos-catalina.html\">Photoshop and macOS Catalina<\/a> etwa auf den Photoshop-Support ein und f\u00fchrt hier aus, dass Photoshop 20.0.6 und neuer zwar grunds\u00e4tzlich auf dem neuen System laufen, jedoch mit bekannten Fehlern wie etwa der fehlerhaften Benennung von Dateien im &#8222;Speichern unter&#8220;-Dialog zu k\u00e4mpfen haben.<\/p>\n<p>Zudem empfiehlt Adobe die \u00dcberreste nicht mehr unterst\u00fctzter Apps noch vor dem Update auf macOS Catalina vom System zu entfernen, da h\u00e4ufig auch die Uninstaller unter macOS Catalina ihren Dienst versagen. Wer diesen Schritt verpasst hat, kann Programm-\u00dcberreste mit <a href=\"https:\/\/helpx.adobe.com\/creative-cloud\/kb\/cc-cleaner-tool-installation-problems.html\">dem hier erh\u00e4ltlichen<\/a> &#8222;Adobe Creative Cloud Cleaner&#8220; aus macOS Catalina entfernen.<\/p>\n<blockquote><p>Vor dem Upgrade auf macOS Catalina k\u00f6nnen Sie die \u00e4lteren Versionen deinstallieren, da das Deinstallationsprogramm nach dem Upgrade nicht funktioniert. Wenn Sie bereits auf macOS Catalina aktualisiert haben, k\u00f6nnen Sie mit dem Creative Cloud Cleaner Tool \u00e4ltere Versionen deinstallieren.<\/p><\/blockquote>\n<ul>\n<li><a href=\"https:\/\/helpx.adobe.com\/x-productkb\/global\/fix-macos-64-bit-compatibility-errors.html\">Warum funktionieren meine Adobe-Anwendungen nicht unter macOS Catalina?<\/a><\/li>\n<li><a href=\"https:\/\/helpx.adobe.com\/creative-cloud\/kb\/cc-cleaner-tool-installation-problems.html\">Verwenden Sie das Creative Cloud Cleaner Tool<\/a><\/li>\n<li><a href=\"https:\/\/helpx.adobe.com\/photoshop\/kb\/photoshop-and-macos-catalina.html\">Photoshop und macOS Catalina<\/a><\/li>\n<li><a href=\"https:\/\/helpx.adobe.com\/lightroom-classic\/kb\/macos-catalina-compatibility.html\">Lightroom Classic und macOS Catalina<\/a><\/li>\n<li><a href=\"https:\/\/helpx.adobe.com\/lightroom-cc\/kb\/macos-catalina-compatibility.html\">Lightroom und macOS Catalina<\/a><\/li>\n<\/ul>\n","protected":false},"excerpt":{"rendered":"<a href=\"https:\/\/www.ifun.de\/adobe-creative-cloud-cleaner-reinigt-macos-catalina-144352\/\"><img width=\"150\" height=\"150\" src=\"https:\/\/images.ifun.de\/wp-content\/uploads\/2019\/10\/adobe-catalina-tool-150x150.jpg\" class=\"alignright tfe wp-post-image\" alt=\"Adobe Catalina Tool\" decoding=\"async\" loading=\"lazy\" \/><\/a><p>Der Software-Hersteller Adobe hat mehrere Support-Eintr\u00e4ge ver\u00f6ffentlicht, die die Kompatibilit\u00e4t der eigenen Anwendungen mit macOS Catalina behandeln. Not cool. #cs6 #photoshop #catalina pic.twitter.com\/6Cyi0Mcqhf &mdash; Bobby Bosler (@bobbybosler) October 7, 2019 So geht das Support-Dokument Photoshop and macOS Catalina etwa auf den Photoshop-Support ein und f\u00fchrt hier aus, dass Photoshop 20.0.6 und neuer zwar grunds\u00e4tzlich auf [&hellip;]<\/p>\n","protected":false},"author":1,"featured_media":144353,"comment_status":"open","ping_status":"closed","sticky":false,"template":"","format":"standard","meta":{"_acf_changed":false,"footnotes":""},"categories":[5],"tags":[265,4737,4543],"class_list":["post-144352","post","type-post","status-publish","format-standard","has-post-thumbnail","hentry","category-apps","tag-adobe","tag-apps","tag-macos-catalina"],"acf":[],"aioseo_notices":[],"featured_image":["https:\/\/images.ifun.de\/wp-content\/uploads\/2019\/10\/adobe-catalina-tool.jpg"],"subheadline":["Erst l\u00f6schen, dann aktualisieren"],"rest_api_enabler":{"featured_image":"https:\/\/images.ifun.de\/wp-content\/uploads\/2019\/10\/adobe-catalina-tool.jpg","subheadline":"Erst l\u00f6schen, dann aktualisieren"},"_links":{"self":[{"href":"https:\/\/www.ifun.de\/apiv2\/wp\/v2\/posts\/144352","targetHints":{"allow":["GET"]}}],"collection":[{"href":"https:\/\/www.ifun.de\/apiv2\/wp\/v2\/posts"}],"about":[{"href":"https:\/\/www.ifun.de\/apiv2\/wp\/v2\/types\/post"}],"author":[{"embeddable":true,"href":"https:\/\/www.ifun.de\/apiv2\/wp\/v2\/users\/1"}],"replies":[{"embeddable":true,"href":"https:\/\/www.ifun.de\/apiv2\/wp\/v2\/comments?post=144352"}],"version-history":[{"count":2,"href":"https:\/\/www.ifun.de\/apiv2\/wp\/v2\/posts\/144352\/revisions"}],"predecessor-version":[{"id":144355,"href":"https:\/\/www.ifun.de\/apiv2\/wp\/v2\/posts\/144352\/revisions\/144355"}],"wp:featuredmedia":[{"embeddable":true,"href":"https:\/\/www.ifun.de\/apiv2\/wp\/v2\/media\/144353"}],"wp:attachment":[{"href":"https:\/\/www.ifun.de\/apiv2\/wp\/v2\/media?parent=144352"}],"wp:term":[{"taxonomy":"category","embeddable":true,"href":"https:\/\/www.ifun.de\/apiv2\/wp\/v2\/categories?post=144352"},{"taxonomy":"post_tag","embeddable":true,"href":"https:\/\/www.ifun.de\/apiv2\/wp\/v2\/tags?post=144352"}],"curies":[{"name":"wp","href":"https:\/\/api.w.org\/{rel}","templated":true}]}}