{"id":144304,"date":"2019-10-09T16:50:32","date_gmt":"2019-10-09T14:50:32","guid":{"rendered":"https:\/\/www.ifun.de\/?p=144304"},"modified":"2019-10-09T16:50:52","modified_gmt":"2019-10-09T14:50:52","slug":"fuer-macos-10-15-inoffizielle-shortcuts-app-verfuegbar","status":"publish","type":"post","link":"https:\/\/www.ifun.de\/fuer-macos-10-15-inoffizielle-shortcuts-app-verfuegbar-144304\/","title":{"rendered":"F\u00fcr macOS 10.15: Inoffizielle Shortcuts-App verf\u00fcgbar"},"content":{"rendered":"<p>Obwohl der technische Unterbau bereits Teil von macOS 10.15 Catalina ist, hat Apple darauf verzichtet seinem Desktop-Betriebssystem eine eigenen Kurzbefehle-App mit auf den Weg zu geben. <\/p>\n<p><a href=\"https:\/\/images.ifun.de\/wp-content\/uploads\/2019\/10\/kurzbefehle-mac.jpg\"><img loading=\"lazy\" decoding=\"async\" src=\"https:\/\/images.ifun.de\/wp-content\/uploads\/2019\/10\/kurzbefehle-mac-500x337.jpg\" alt=\"Kurzbefehle Mac\" width=\"500\" height=\"337\" class=\"aligncenter size-medium wp-image-144306\" srcset=\"https:\/\/images.ifun.de\/wp-content\/uploads\/2019\/10\/kurzbefehle-mac-500x337.jpg 500w, https:\/\/images.ifun.de\/wp-content\/uploads\/2019\/10\/kurzbefehle-mac-768x518.jpg 768w, https:\/\/images.ifun.de\/wp-content\/uploads\/2019\/10\/kurzbefehle-mac-700x472.jpg 700w, https:\/\/images.ifun.de\/wp-content\/uploads\/2019\/10\/kurzbefehle-mac.jpg 1466w\" sizes=\"auto, (max-width: 500px) 100vw, 500px\" \/><\/a><\/p>\n<p>Wer die Automationen zusammenbauen will ist offiziell also noch immer auf ein iPhone beziehungsweise ein iPad angewiesen. \u00c4rgerlich, da sich die mitunter sehr umfangreichen Kurzbefehle auf dem gro\u00dfen iMac-Display wohl ganz hervorragend \u00fcberblicken lassen w\u00fcrden. <\/p>\n<p>Dies hat sich auch der Entwickler Steve Troughton-Smith <a href=\"https:\/\/twitter.com\/stroughtonsmith\/status\/1181021346224058369\">gedacht<\/a> und eine einfache Kurzbefehle-App f\u00fcr den Mac kurzerhand im Alleingang implementiert: <a href=\"https:\/\/hccdownloads.s3.us-east-1.amazonaws.com\/Workflow-maccatalyst-barelyworking.zip\">Download<\/a>. <\/p>\n<p>Die <a href=\"https:\/\/hccdownloads.s3.us-east-1.amazonaws.com\/Workflow-maccatalyst-barelyworking.zip\">Catalyst-Anwendung<\/a> l\u00e4dt zu ersten Experimenten mit Shortcuts auf dem Mac ein, ist weniger als 1MB gro\u00df und gestattet den Bau eigener Arbeitsabl\u00e4ufe. <\/p>\n<p>Eine App zur Wartezeit\u00fcberbr\u00fcckung, die genutzt werden darf bis Apple eigene Catalyst-Versionen seiner Werksanwendungen nachreicht und dann hoffentlich nicht nur die Kurzbefehle-Anwendung auf den Mac bringt, sondern auch bei Nachrichten, Karten und Co. Hand anlegt.<\/p>\n<p><a href=\"https:\/\/images.ifun.de\/wp-content\/uploads\/2019\/10\/kurzbefehle-mac-large.jpg\"><img loading=\"lazy\" decoding=\"async\" src=\"https:\/\/images.ifun.de\/wp-content\/uploads\/2019\/10\/kurzbefehle-mac-large.jpg\" alt=\"Kurzbefehle Mac Large\" width=\"1760\" height=\"1914\" class=\"aligncenter size-full wp-image-144307\" srcset=\"https:\/\/images.ifun.de\/wp-content\/uploads\/2019\/10\/kurzbefehle-mac-large.jpg 1760w, https:\/\/images.ifun.de\/wp-content\/uploads\/2019\/10\/kurzbefehle-mac-large-460x500.jpg 460w, https:\/\/images.ifun.de\/wp-content\/uploads\/2019\/10\/kurzbefehle-mac-large-768x835.jpg 768w, https:\/\/images.ifun.de\/wp-content\/uploads\/2019\/10\/kurzbefehle-mac-large-644x700.jpg 644w\" sizes=\"auto, (max-width: 1760px) 100vw, 1760px\" \/><\/a><\/p>\n","protected":false},"excerpt":{"rendered":"<a href=\"https:\/\/www.ifun.de\/fuer-macos-10-15-inoffizielle-shortcuts-app-verfuegbar-144304\/\"><img width=\"150\" height=\"150\" src=\"https:\/\/images.ifun.de\/wp-content\/uploads\/2019\/10\/test-kurzbefehl-mac-150x150.jpg\" class=\"alignright tfe wp-post-image\" alt=\"Test Kurzbefehl Mac\" decoding=\"async\" loading=\"lazy\" \/><\/a><p>Obwohl der technische Unterbau bereits Teil von macOS 10.15 Catalina ist, hat Apple darauf verzichtet seinem Desktop-Betriebssystem eine eigenen Kurzbefehle-App mit auf den Weg zu geben. Wer die Automationen zusammenbauen will ist offiziell also noch immer auf ein iPhone beziehungsweise ein iPad angewiesen. \u00c4rgerlich, da sich die mitunter sehr umfangreichen Kurzbefehle auf dem gro\u00dfen iMac-Display [&hellip;]<\/p>\n","protected":false},"author":1,"featured_media":144308,"comment_status":"open","ping_status":"closed","sticky":false,"template":"","format":"standard","meta":{"_acf_changed":false,"footnotes":""},"categories":[5],"tags":[4737,592,6321,4543,4298],"class_list":["post-144304","post","type-post","status-publish","format-standard","has-post-thumbnail","hentry","category-apps","tag-apps","tag-kurzbefehl","tag-mac","tag-macos-catalina","tag-shortcuts"],"acf":[],"aioseo_notices":[],"subheadline":["Kurzbefehle mit Catalina"],"featured_image":["https:\/\/images.ifun.de\/wp-content\/uploads\/2019\/10\/test-kurzbefehl-mac.jpg"],"rest_api_enabler":{"subheadline":"Kurzbefehle mit Catalina","featured_image":"https:\/\/images.ifun.de\/wp-content\/uploads\/2019\/10\/test-kurzbefehl-mac.jpg"},"_links":{"self":[{"href":"https:\/\/www.ifun.de\/apiv2\/wp\/v2\/posts\/144304","targetHints":{"allow":["GET"]}}],"collection":[{"href":"https:\/\/www.ifun.de\/apiv2\/wp\/v2\/posts"}],"about":[{"href":"https:\/\/www.ifun.de\/apiv2\/wp\/v2\/types\/post"}],"author":[{"embeddable":true,"href":"https:\/\/www.ifun.de\/apiv2\/wp\/v2\/users\/1"}],"replies":[{"embeddable":true,"href":"https:\/\/www.ifun.de\/apiv2\/wp\/v2\/comments?post=144304"}],"version-history":[{"count":2,"href":"https:\/\/www.ifun.de\/apiv2\/wp\/v2\/posts\/144304\/revisions"}],"predecessor-version":[{"id":144309,"href":"https:\/\/www.ifun.de\/apiv2\/wp\/v2\/posts\/144304\/revisions\/144309"}],"wp:featuredmedia":[{"embeddable":true,"href":"https:\/\/www.ifun.de\/apiv2\/wp\/v2\/media\/144308"}],"wp:attachment":[{"href":"https:\/\/www.ifun.de\/apiv2\/wp\/v2\/media?parent=144304"}],"wp:term":[{"taxonomy":"category","embeddable":true,"href":"https:\/\/www.ifun.de\/apiv2\/wp\/v2\/categories?post=144304"},{"taxonomy":"post_tag","embeddable":true,"href":"https:\/\/www.ifun.de\/apiv2\/wp\/v2\/tags?post=144304"}],"curies":[{"name":"wp","href":"https:\/\/api.w.org\/{rel}","templated":true}]}}