{"id":144164,"date":"2019-10-08T07:33:03","date_gmt":"2019-10-08T05:33:03","guid":{"rendered":"https:\/\/www.ifun.de\/?p=144164"},"modified":"2019-10-08T11:49:49","modified_gmt":"2019-10-08T09:49:49","slug":"sidecar-unter-macos-catalina-diese-macs-und-ipads-sind-kompatibel","status":"publish","type":"post","link":"https:\/\/www.ifun.de\/sidecar-unter-macos-catalina-diese-macs-und-ipads-sind-kompatibel-144164\/","title":{"rendered":"Sidecar unter macOS Catalina: Diese Macs und iPads sind kompatibel"},"content":{"rendered":"<p>Unter <a href=\"https:\/\/www.ifun.de\/macos-catalina-steht-zum-download-bereit-144138\/\" title=\"macOS Catalina steht zum Download bereit \u2013 Das sind die Neuerungen\">macOS Catalina<\/a> erm\u00f6glicht es die von Apple \u201eSidecar\u201c genannte Funktion, das iPad als zus\u00e4tzlichen Bildschirm oder auch als Grafiktablett am Mac zu verwenden. Allerdings unterst\u00fctzt nicht jedes Mac-Modell, auf dem sich macOS Catalina installieren l\u00e4sst, zwingend auch Sidecar. Zudem ist die Funktion auf ausgew\u00e4hlte iPad-Modelle eingeschr\u00e4nkt.<\/p>\n<p><a href=\"https:\/\/images.ifun.de\/wp-content\/uploads\/2019\/10\/macos-catalina-sidecar-einstellungen.jpg\"><img loading=\"lazy\" decoding=\"async\" src=\"https:\/\/images.ifun.de\/wp-content\/uploads\/2019\/10\/macos-catalina-sidecar-einstellungen-500x294.jpg\" alt=\"Macos Catalina Sidecar Einstellungen\" width=\"500\" height=\"294\" class=\"alignnone size-medium wp-image-144166\" srcset=\"https:\/\/images.ifun.de\/wp-content\/uploads\/2019\/10\/macos-catalina-sidecar-einstellungen-500x294.jpg 500w, https:\/\/images.ifun.de\/wp-content\/uploads\/2019\/10\/macos-catalina-sidecar-einstellungen-768x452.jpg 768w, https:\/\/images.ifun.de\/wp-content\/uploads\/2019\/10\/macos-catalina-sidecar-einstellungen-700x412.jpg 700w, https:\/\/images.ifun.de\/wp-content\/uploads\/2019\/10\/macos-catalina-sidecar-einstellungen.jpg 1000w\" sizes=\"auto, (max-width: 500px) 100vw, 500px\" \/><\/a><\/p>\n<p>Apple informiert in einem neu ver\u00f6ffentlichten <a href=\"https:\/\/support.apple.com\/de-de\/HT210380\">Support-Dokument<\/a> umfassend \u00fcber die neue Funktion. Neben Bedienungshinweisen und Hilfestellungen lassen sich dort auch die detaillierten Systemvoraussetzungen f\u00fcr die Verwendung von Sidecar nachlesen.<\/p>\n<h2>Diese iPad-Modelle unterst\u00fctzen Sidecar:<\/h2>\n<p>F\u00fcr die Verwendung von Sidecar wird wohl aufgrund der verbesserten Bildschirmtechnologie ein iPad vorausgesetzt, das mit dem Apple Pencil kompatibel ist &#8211; iOS 13 alleine gen\u00fcgt nicht. Dementsprechend beschr\u00e4nkt sich die M\u00f6glichkeit, Sidecar zu verwenden, aktuell auf die folgenden iPad-Modelle &#8211; unabh\u00e4ngig davon, ob ihr einen Apple Pencil verwendet oder nicht:<\/p>\n<ul>\n<li>iPad Pro (alle Modelle)<\/li>\n<li>iPad (6. Generation oder neuer)<\/li>\n<li>iPad mini (5. Generation)<\/li>\n<li>iPad Air (3. Generation)<\/li>\n<\/ul>\n<h2>Diese Mac-Modelle unterst\u00fctzen Sidecar:<\/h2>\n<p>Auch die Liste der unterst\u00fctzten Mac-Modelle umfasst nicht alle Apple-Rechner, die mit macOS Catalina kompatibel sind. W\u00e4hrend sich macOS Catalina auch auf einigen Computern installieren l\u00e4sst, die bereits 2012 auf den Markt gekommen sind, erfordert Sidecar einen Mac mindestens aus 2015. Im Detail nennt Apple die folgenden Modelle:<\/p>\n<ul>\n<li>MacBook Pro (2016 oder neuer)<\/li>\n<li>MacBook (2016 oder neuer)<\/li>\n<li>MacBook Air (2018 oder neuer)<\/li>\n<li>iMac (2016 oder neuer sowie der iMac Retina 5K 27\u201c aus dem Jahr 2015)<\/li>\n<li>Mac mini (2018 oder neuer)<\/li>\n<li>Mac Pro (2019)<\/li>\n<\/ul>\n<p>Wer den Versuch unternehmen will, Sidecar auf \u00e4lteren Macs zum Laufen zu bringen, kann es mit dem <a href=\"https:\/\/github.com\/pookjw\/SidecarPatcher\">Sidecar Patcher<\/a> von Jinwoo Kim versuchen. Ohne Gew\u00e4hr, wir haben den Hack bislang nicht getestet. (Danke Faton)<img loading=\"lazy\" decoding=\"async\" src=\"https:\/\/vg04.met.vgwort.de\/na\/597575486c7b4a7bbd3bc103d5d4a5c4\" width=\"1\" height=\"1\" class=\"tracking\"><\/p>\n<h2>Apple-Video: So funktioniert Sidecar in macOS Catalina<\/h2>\n<p><div class=\"responsive-video\"><iframe loading=\"lazy\" width=\"560\" height=\"315\" src=\"https:\/\/www.youtube-nocookie.com\/embed\/2MKy0zz_7gY\" frameborder=\"0\" allow=\"accelerometer; autoplay; encrypted-media; gyroscope; picture-in-picture\" allowfullscreen><\/iframe><\/div><\/p>\n","protected":false},"excerpt":{"rendered":"<a href=\"https:\/\/www.ifun.de\/sidecar-unter-macos-catalina-diese-macs-und-ipads-sind-kompatibel-144164\/\"><img width=\"150\" height=\"150\" src=\"https:\/\/images.ifun.de\/wp-content\/uploads\/2019\/10\/macos-catalina-sidecar-einstellungen-150x150.jpg\" class=\"alignright tfe wp-post-image\" alt=\"Macos Catalina Sidecar Einstellungen\" decoding=\"async\" loading=\"lazy\" \/><\/a><p>Unter macOS Catalina erm\u00f6glicht es die von Apple \u201eSidecar\u201c genannte Funktion, das iPad als zus\u00e4tzlichen Bildschirm oder auch als Grafiktablett am Mac zu verwenden. Allerdings unterst\u00fctzt nicht jedes Mac-Modell, auf dem sich macOS Catalina installieren l\u00e4sst, zwingend auch Sidecar. Zudem ist die Funktion auf ausgew\u00e4hlte iPad-Modelle eingeschr\u00e4nkt. Apple informiert in einem neu ver\u00f6ffentlichten Support-Dokument umfassend [&hellip;]<\/p>\n","protected":false},"author":2,"featured_media":144166,"comment_status":"open","ping_status":"closed","sticky":false,"template":"","format":"standard","meta":{"_acf_changed":false,"footnotes":""},"categories":[1],"tags":[],"class_list":["post-144164","post","type-post","status-publish","format-standard","has-post-thumbnail","hentry","category-news"],"acf":[],"aioseo_notices":[],"featured_image":["https:\/\/images.ifun.de\/wp-content\/uploads\/2019\/06\/macos-catalina-und-ipad-als-bildschirm.jpg"],"subheadline":["Nur auf Macs ab 2016"],"rest_api_enabler":{"featured_image":"https:\/\/images.ifun.de\/wp-content\/uploads\/2019\/06\/macos-catalina-und-ipad-als-bildschirm.jpg","subheadline":"Nur auf Macs ab 2016"},"_links":{"self":[{"href":"https:\/\/www.ifun.de\/apiv2\/wp\/v2\/posts\/144164","targetHints":{"allow":["GET"]}}],"collection":[{"href":"https:\/\/www.ifun.de\/apiv2\/wp\/v2\/posts"}],"about":[{"href":"https:\/\/www.ifun.de\/apiv2\/wp\/v2\/types\/post"}],"author":[{"embeddable":true,"href":"https:\/\/www.ifun.de\/apiv2\/wp\/v2\/users\/2"}],"replies":[{"embeddable":true,"href":"https:\/\/www.ifun.de\/apiv2\/wp\/v2\/comments?post=144164"}],"version-history":[{"count":7,"href":"https:\/\/www.ifun.de\/apiv2\/wp\/v2\/posts\/144164\/revisions"}],"predecessor-version":[{"id":144188,"href":"https:\/\/www.ifun.de\/apiv2\/wp\/v2\/posts\/144164\/revisions\/144188"}],"wp:featuredmedia":[{"embeddable":true,"href":"https:\/\/www.ifun.de\/apiv2\/wp\/v2\/media\/144166"}],"wp:attachment":[{"href":"https:\/\/www.ifun.de\/apiv2\/wp\/v2\/media?parent=144164"}],"wp:term":[{"taxonomy":"category","embeddable":true,"href":"https:\/\/www.ifun.de\/apiv2\/wp\/v2\/categories?post=144164"},{"taxonomy":"post_tag","embeddable":true,"href":"https:\/\/www.ifun.de\/apiv2\/wp\/v2\/tags?post=144164"}],"curies":[{"name":"wp","href":"https:\/\/api.w.org\/{rel}","templated":true}]}}