{"id":143079,"date":"2019-09-12T19:19:40","date_gmt":"2019-09-12T17:19:40","guid":{"rendered":"https:\/\/www.ifun.de\/?p=143079"},"modified":"2019-09-16T12:58:13","modified_gmt":"2019-09-16T10:58:13","slug":"amazon-kuendigt-hardware-event-am-25-september-an","status":"publish","type":"post","link":"https:\/\/www.ifun.de\/amazon-kuendigt-hardware-event-am-25-september-an-143079\/","title":{"rendered":"Amazon k\u00fcndigt Hardware-Event am 25. September an"},"content":{"rendered":"<p>Nicht nur Apple, auch Amazon will in diesem Jahr noch mit neuen Produkten auf Kundenfang gehen. Das Unternehmen will am 25 September noch ein paar Kohlen aufs Feuer legen.<\/p>\n<p>Die Ank\u00fcndigung \u00fcberrascht, hat Amazon doch erst zu Monatsbeginn ein Paket mit Produktneuheiten, darunter <a href=\"https:\/\/www.ifun.de\/grundig-fernseher-und-anker-soundbar-integrieren-fire-tv-und-alexa-142621\/\">TV-Ger\u00e4te und eine Soundbar mit Fire-TV-Unterst\u00fctzung<\/a> sowie die zweite Generation des <a href=\"https:\/\/www.ifun.de\/amazon-fire-tv-cube-startet-in-deutschland-142627\/\" title=\"Amazon Fire TV Cube startet in Deutschland\">Fire TV Cube<\/a> vorgestellt. Besonders im Fokus stand hier allerdings der deutsche Markt. Wie es scheint, warten zum Monatsende noch ein paar weitere Produkte darauf, der breiten \u00d6ffentlichkeit vorgestellt zu werden.<\/p>\n<p><a href=\"https:\/\/images.ifun.de\/wp-content\/uploads\/2018\/11\/skype-mit-alexa-unterstuetzte-echo-lautsprecher.jpg\"><img loading=\"lazy\" decoding=\"async\" src=\"https:\/\/images.ifun.de\/wp-content\/uploads\/2018\/11\/skype-mit-alexa-unterstuetzte-echo-lautsprecher-700x285.jpg\" alt=\"Skype Mit Alexa Unterstuetzte Echo Lautsprecher\" width=\"700\" height=\"285\" class=\"alignnone size-large wp-image-130086\" srcset=\"https:\/\/images.ifun.de\/wp-content\/uploads\/2018\/11\/skype-mit-alexa-unterstuetzte-echo-lautsprecher.jpg 700w, https:\/\/images.ifun.de\/wp-content\/uploads\/2018\/11\/skype-mit-alexa-unterstuetzte-echo-lautsprecher-500x204.jpg 500w\" sizes=\"auto, (max-width: 700px) 100vw, 700px\" \/><\/a><\/p>\n<p>Dem Onlinemagazin <a href=\"https:\/\/www.theverge.com\/2019\/9\/12\/20862734\/amazon-hardware-event-september-25-echo-fire-tv\">The Verge<\/a> zufolge hat Amazon f\u00fcr den 25. September nun ein \u201egro\u00dfes Hardware-Event\u201c angek\u00fcndigt. Mit Details geht der Konzern allerdings sehr sparsam um. Man werde \u201eein paar neue Dinge aus den Bereichen Amazon Devices und Amazon Services pr\u00e4sentieren\u201c. Die Chancen auf neue Echo-Ger\u00e4te stehen gut, wom\u00f6glich best\u00e4tigen sich ja sogar die Ger\u00fcchte um einen Highend-Lautsprecher mit Alexa-Integration.<\/p>\n","protected":false},"excerpt":{"rendered":"<a href=\"https:\/\/www.ifun.de\/amazon-kuendigt-hardware-event-am-25-september-an-143079\/\"><img decoding=\"async\" width=\"150\" src=\"https:\/\/images.ifun.de\/wp-content\/uploads\/2018\/11\/skype-mit-alexa-unterstuetzte-echo-lautsprecher-700x285.jpg\" class=\"alignright wp-post-image tfe\" alt=\"Skype Mit Alexa Unterstuetzte Echo Lautsprecher\" title=\"\" \/><\/a><p>Nicht nur Apple, auch Amazon will in diesem Jahr noch mit neuen Produkten auf Kundenfang gehen. Das Unternehmen will am 25 September noch ein paar Kohlen aufs Feuer legen. Die Ank\u00fcndigung \u00fcberrascht, hat Amazon doch erst zu Monatsbeginn ein Paket mit Produktneuheiten, darunter TV-Ger\u00e4te und eine Soundbar mit Fire-TV-Unterst\u00fctzung sowie die zweite Generation des Fire [&hellip;]<\/p>\n","protected":false},"author":2,"featured_media":0,"comment_status":"open","ping_status":"closed","sticky":false,"template":"","format":"standard","meta":{"_acf_changed":false,"footnotes":""},"categories":[1,1783],"tags":[53],"class_list":["post-143079","post","type-post","status-publish","format-standard","hentry","category-news","category-feature","tag-amazon"],"acf":[],"aioseo_notices":[],"subheadline":["Neue Ger\u00e4te und Dienste?"],"featured_image":["https:\/\/images.ifun.de\/wp-content\/uploads\/2019\/07\/echo-wall-clock-amazon.jpg"],"rest_api_enabler":{"subheadline":"Neue Ger\u00e4te und Dienste?","featured_image":"https:\/\/images.ifun.de\/wp-content\/uploads\/2019\/07\/echo-wall-clock-amazon.jpg"},"_links":{"self":[{"href":"https:\/\/www.ifun.de\/apiv2\/wp\/v2\/posts\/143079","targetHints":{"allow":["GET"]}}],"collection":[{"href":"https:\/\/www.ifun.de\/apiv2\/wp\/v2\/posts"}],"about":[{"href":"https:\/\/www.ifun.de\/apiv2\/wp\/v2\/types\/post"}],"author":[{"embeddable":true,"href":"https:\/\/www.ifun.de\/apiv2\/wp\/v2\/users\/2"}],"replies":[{"embeddable":true,"href":"https:\/\/www.ifun.de\/apiv2\/wp\/v2\/comments?post=143079"}],"version-history":[{"count":2,"href":"https:\/\/www.ifun.de\/apiv2\/wp\/v2\/posts\/143079\/revisions"}],"predecessor-version":[{"id":143081,"href":"https:\/\/www.ifun.de\/apiv2\/wp\/v2\/posts\/143079\/revisions\/143081"}],"wp:attachment":[{"href":"https:\/\/www.ifun.de\/apiv2\/wp\/v2\/media?parent=143079"}],"wp:term":[{"taxonomy":"category","embeddable":true,"href":"https:\/\/www.ifun.de\/apiv2\/wp\/v2\/categories?post=143079"},{"taxonomy":"post_tag","embeddable":true,"href":"https:\/\/www.ifun.de\/apiv2\/wp\/v2\/tags?post=143079"}],"curies":[{"name":"wp","href":"https:\/\/api.w.org\/{rel}","templated":true}]}}