{"id":142939,"date":"2019-09-10T19:29:51","date_gmt":"2019-09-10T17:29:51","guid":{"rendered":"https:\/\/www.ifun.de\/?p=142939"},"modified":"2019-09-11T09:41:28","modified_gmt":"2019-09-11T07:41:28","slug":"das-guenstigste-ipad-jetzt-mit-102-zoll-display","status":"publish","type":"post","link":"https:\/\/www.ifun.de\/das-guenstigste-ipad-jetzt-mit-102-zoll-display-142939\/","title":{"rendered":"Das g\u00fcnstigste iPad: Jetzt mit 10,2-Zoll-Display"},"content":{"rendered":"<p>Als erstes Hardware-Produkt auf dem heutigen iPhone-Event hat Apple das <a href=\"https:\/\/www.apple.com\/de\/ipad-10.2\/\">iPad in der 7. Generation<\/a> vorgestellt. Etwa g\u00fcnstiger als das iPad Air, hat Apple das Einsteiger-Ger\u00e4t leicht aufgewertet und betreibt vor allem unaufgeregte Produktpflege.<\/p>\n<p><a href=\"https:\/\/images.ifun.de\/wp-content\/uploads\/2019\/09\/ipad-7.jpg\"><img loading=\"lazy\" decoding=\"async\" class=\"aligncenter size-medium wp-image-142951\" src=\"https:\/\/images.ifun.de\/wp-content\/uploads\/2019\/09\/ipad-7-500x337.jpg\" alt=\"Ipad 7\" width=\"500\" height=\"337\" srcset=\"https:\/\/images.ifun.de\/wp-content\/uploads\/2019\/09\/ipad-7-500x337.jpg 500w, https:\/\/images.ifun.de\/wp-content\/uploads\/2019\/09\/ipad-7-768x518.jpg 768w, https:\/\/images.ifun.de\/wp-content\/uploads\/2019\/09\/ipad-7-700x472.jpg 700w, https:\/\/images.ifun.de\/wp-content\/uploads\/2019\/09\/ipad-7.jpg 1632w\" sizes=\"auto, (max-width: 500px) 100vw, 500px\" \/><\/a><\/p>\n<p>Das beliebteste und g\u00fcnstigste iPad hat einen gr\u00f6\u00dferen Displaybereich und unterst\u00fctzt das normalgro\u00dfe Smart Keyboard. Erh\u00e4ltlich ab 379 Euro kommt das aktualisierte iPad mit einem 10,2&#8243; Retina Display und erwarteten Erweiterungen wie der Unterst\u00fctzung f\u00fcr den Apple Pencil und dem A10 Fusion Chip. Das neue iPad kann ab heute bestellt werden und kommt ab Montag, den 30. September in die Stores.<\/p>\n<p>Das neue iPad mit 10,2&#8243; Retina Display hat fast 3,5 Millionen Pixel und einen breiten Betrachtungswinkel. Mit dem A10 Fusion Chip liefert das iPad der siebten Generation laut Apple zweimal mehr Performance als der meistverkaufte Windows PC.<\/p>\n<p>Das neue iPad wiegt rund 500 Gramm. Es kommt zum ersten Mal in einem Geh\u00e4use aus 100 Prozent recyceltem Aluminium. Neben iPad mini, iPad Air und den neuen iPad Pro Modellen ist das neuste, iPad gleichzeitig auch das g\u00fcnstigste der aktuellen Ger\u00e4te-Familie. Die komplette Familie kommt nun mit Unterst\u00fctzung f\u00fcr den Apple Pencil. Vergleichen lassen sich die Ger\u00e4te unter <a href=\"http:\/\/apple.com\/de\/ipad\/compare\">apple.com\/de\/ipad\/compare<\/a>.<\/p>\n<h2>iPad: Die Eckdaten<\/h2>\n<p><b>Gr\u00f6\u00dferer Bildschirm<\/b>: 10,2 Zoll Retina-Display mit 3,5 Mio. Pixel<br \/>\n<b>Besseres Sichtbarkeit<\/b>: 3,7 gr\u00f6\u00dferer Blickwinkel<br \/>\n<b>Mehr Anschlussm\u00f6glichkeiten<\/b>: Smart Connector integriert<br \/>\n<b>Support<\/b> f\u00fcr Apple Pencil und Smart Keyboard<br \/>\n<b>Umweltbewusst<\/b>: Geh\u00e4use aus 100% recyceltem Aluminium<br \/>\n<b>Startpreis<\/b>: Ab 379 Euro- sofort vorbestellbar<br \/>\n<b>Verf\u00fcgbarkeit<\/b>: Lieferung ab 30. September<\/p>\n<p><div class=\"responsive-video\"><iframe loading=\"lazy\" src=\"https:\/\/www.youtube-nocookie.com\/embed\/ZA3MV2V--TU\" width=\"700\" height=\"371\" frameborder=\"0\" allowfullscreen=\"allowfullscreen\"><\/iframe><\/div><\/p>\n","protected":false},"excerpt":{"rendered":"<a href=\"https:\/\/www.ifun.de\/das-guenstigste-ipad-jetzt-mit-102-zoll-display-142939\/\"><img width=\"150\" height=\"150\" src=\"https:\/\/images.ifun.de\/wp-content\/uploads\/2019\/09\/pad-7-150x150.jpg\" class=\"alignright tfe wp-post-image\" alt=\"Pad 7\" decoding=\"async\" loading=\"lazy\" \/><\/a><p>Als erstes Hardware-Produkt auf dem heutigen iPhone-Event hat Apple das iPad in der 7. Generation vorgestellt. Etwa g\u00fcnstiger als das iPad Air, hat Apple das Einsteiger-Ger\u00e4t leicht aufgewertet und betreibt vor allem unaufgeregte Produktpflege. Das beliebteste und g\u00fcnstigste iPad hat einen gr\u00f6\u00dferen Displaybereich und unterst\u00fctzt das normalgro\u00dfe Smart Keyboard. Erh\u00e4ltlich ab 379 Euro kommt das [&hellip;]<\/p>\n","protected":false},"author":1,"featured_media":142942,"comment_status":"open","ping_status":"closed","sticky":false,"template":"","format":"standard","meta":{"_acf_changed":false,"footnotes":""},"categories":[3,1,1783],"tags":[4740],"class_list":["post-142939","post","type-post","status-publish","format-standard","has-post-thumbnail","hentry","category-apple","category-news","category-feature","tag-ipad"],"acf":[],"aioseo_notices":[],"featured_image":["https:\/\/images.ifun.de\/wp-content\/uploads\/2019\/09\/ipad-7-feature.jpg"],"subheadline":["Verkaufsstart am 30. September"],"rest_api_enabler":{"featured_image":"https:\/\/images.ifun.de\/wp-content\/uploads\/2019\/09\/ipad-7-feature.jpg","subheadline":"Verkaufsstart am 30. September"},"_links":{"self":[{"href":"https:\/\/www.ifun.de\/apiv2\/wp\/v2\/posts\/142939","targetHints":{"allow":["GET"]}}],"collection":[{"href":"https:\/\/www.ifun.de\/apiv2\/wp\/v2\/posts"}],"about":[{"href":"https:\/\/www.ifun.de\/apiv2\/wp\/v2\/types\/post"}],"author":[{"embeddable":true,"href":"https:\/\/www.ifun.de\/apiv2\/wp\/v2\/users\/1"}],"replies":[{"embeddable":true,"href":"https:\/\/www.ifun.de\/apiv2\/wp\/v2\/comments?post=142939"}],"version-history":[{"count":10,"href":"https:\/\/www.ifun.de\/apiv2\/wp\/v2\/posts\/142939\/revisions"}],"predecessor-version":[{"id":143001,"href":"https:\/\/www.ifun.de\/apiv2\/wp\/v2\/posts\/142939\/revisions\/143001"}],"wp:featuredmedia":[{"embeddable":true,"href":"https:\/\/www.ifun.de\/apiv2\/wp\/v2\/media\/142942"}],"wp:attachment":[{"href":"https:\/\/www.ifun.de\/apiv2\/wp\/v2\/media?parent=142939"}],"wp:term":[{"taxonomy":"category","embeddable":true,"href":"https:\/\/www.ifun.de\/apiv2\/wp\/v2\/categories?post=142939"},{"taxonomy":"post_tag","embeddable":true,"href":"https:\/\/www.ifun.de\/apiv2\/wp\/v2\/tags?post=142939"}],"curies":[{"name":"wp","href":"https:\/\/api.w.org\/{rel}","templated":true}]}}